{"status":"ok","message-type":"work","message-version":"1.0.0","message":{"indexed":{"date-parts":[[2025,11,21]],"date-time":"2025-11-21T15:08:19Z","timestamp":1763737699525,"version":"3.45.0"},"posted":{"date-parts":[[2021,12,10]]},"group-title":"SocArXiv","reference-count":0,"publisher":"Center for Open Science","license":[{"start":{"date-parts":[[2021,12,10]],"date-time":"2021-12-10T00:00:00Z","timestamp":1639094400000},"content-version":"unspecified","delay-in-days":0,"URL":"https:\/\/creativecommons.org\/licenses\/by-nc-nd\/4.0\/legalcode"}],"content-domain":{"domain":[],"crossmark-restriction":false},"short-container-title":[],"abstract":"<p>Coincidindo com o primeiro confinamento sanit\u00e1rio, e logo desde os primeiros sinais de Covid-19 em Portugal, brotou a ideia de uma obra coletiva, ora designada folhetim de entretenimento ora novela gr\u00e1fica com 46 cap\u00edtulos e uma introdu\u00e7\u00e3o. Um projeto de resist\u00eancia cultural com o trabalho volunt\u00e1rio de uma centena de pessoas escritoras, artistas visuais, da m\u00fasica e do bailado, da leitura dramatizada, tradutoras e editoras vai ganhando forma. Mais tarde outras formas se juntaram: dan\u00e7a, cartoon, ilustra\u00e7\u00e3o, foto-reportagem, fotogra\ufb01a de viagens e fotogra\ufb01a art\u00edstica. Expande-se como obra agregante de express\u00f5es que ser\u00e1 colocada ao p\u00fablico em v\u00e1rios meios sem fim lucrativo. Serializado primeiro em texto e v\u00eddeo digitais, publicado em acesso gratuito em redes sociais e blogues entre abril e maio, impresso depois em livro bilingue j\u00e1 desconfinado, o Bode Inspirat\u00f3rio incorpora as dificuldades e as ansiedades coincidentes com a transforma\u00e7\u00e3o violenta desses dias. O in\u00edcio do projeto marca-se pelo ensejo comum de continuar a trabalhar e a comunicar entre um grupo de agentes culturais, criado para este fim. O grupo participante mostra-se em diversidade lingu\u00edstica, nacional, de sexo e g\u00e9nero, de gera\u00e7\u00f5es e agrega-se em torno da ideia inicial de Ana Margarida Carvalho. O primeiro post\/cap\u00edtulo ser\u00e1 de M\u00e1rio de Carvalho, o \u00faltimo de Lu\u00edsa Costa Gomes. Outros nomes se ir\u00e3o juntando \u00e0 medida que o projeto \u00e9 difundido.isolamento socialfolh<\/p>","DOI":"10.31235\/osf.io\/nfzhb","type":"posted-content","created":{"date-parts":[[2021,12,10]],"date-time":"2021-12-10T17:09:34Z","timestamp":1639156174000},"source":"Crossref","is-referenced-by-count":0,"title":["O Bode Inspirat\u00f3rio e o v\u00edrus: uma hist\u00f3ria nunca (ou)vista"],"prefix":"10.31235","author":[{"ORCID":"https:\/\/orcid.org\/0000-0003-2069-5631","authenticated-orcid":true,"given":"Paula","family":"Sequeiros","sequence":"first","affiliation":[]}],"member":"15934","container-title":[],"original-title":[],"deposited":{"date-parts":[[2025,11,21]],"date-time":"2025-11-21T14:15:06Z","timestamp":1763734506000},"score":1,"resource":{"primary":{"URL":"https:\/\/osf.io\/nfzhb_v1"}},"subtitle":[],"short-title":[],"issued":{"date-parts":[[2021,12,10]]},"references-count":0,"URL":"https:\/\/doi.org\/10.31235\/osf.io\/nfzhb","relation":{},"subject":[],"published":{"date-parts":[[2021,12,10]]},"subtype":"preprint"}}