{"status":"ok","message-type":"work","message-version":"1.0.0","message":{"indexed":{"date-parts":[[2025,11,16]],"date-time":"2025-11-16T09:10:34Z","timestamp":1763284234462,"version":"3.45.0"},"posted":{"date-parts":[[2019,12,8]]},"group-title":"SocArXiv","reference-count":0,"publisher":"Center for Open Science","license":[{"start":{"date-parts":[[2019,12,8]],"date-time":"2019-12-08T00:00:00Z","timestamp":1575763200000},"content-version":"unspecified","delay-in-days":0,"URL":"https:\/\/creativecommons.org\/licenses\/by\/4.0\/legalcode"}],"content-domain":{"domain":[],"crossmark-restriction":false},"short-container-title":[],"abstract":"<p>El prop\u00f3sito de este texto es tanto compartir dudas y comentarios, como traer a debate algunas soluciones que se presentaron durante mi investigaci\u00f3n en una c\u00e1rcel femenina. Este proyecto fue conducido por medio de un trabajo de campo en el Estabelecimento Prisional Especial de Santa Cruz do Bispo, durante cuatro meses en el 2012. Las editoras de este libro me propusieron desarrollar un texto que se dirigiera a las y los investigadores y profesionales que se enfrentan con la literatura publicada y con el dise\u00f1o de investigaci\u00f3n. Lo har\u00e9 a partir del cruce interdisciplinario de algunas \u00e1reas: lectura, bibliotecas penitenciarias, sociolog\u00eda de la cultura y de la vida penitenciaria. Mi reciente participaci\u00f3n en un seminario en la Facultad de Ciencias de la Documentaci\u00f3n y la Comunicaci\u00f3n, de la Universidad de Extremadura, Badajoz1 y el debate entre colegas que all\u00ed tuvo lugar, crearon el momento propicio para que yo retome este tema. Para evitar redundancias en relaci\u00f3n a lo que ya he dicho, apunto para mis trabajos publicados donde algunos de los problemas que plantear\u00e9 ya fueron abordados en detalle. Paralelamente me referir\u00e9 a alguna literatura que considero es una buena base para un estudio profundo de temas m\u00e1s pol\u00e9micos o menos divulgados<\/p>","DOI":"10.31235\/osf.io\/q35ba","type":"posted-content","created":{"date-parts":[[2019,12,7]],"date-time":"2019-12-07T19:47:40Z","timestamp":1575748060000},"source":"Crossref","is-referenced-by-count":0,"title":["Lectura, g\u00e9nero, penitenciar\u00eda: apuntes sobre  metodolog\u00eda de una investigaci\u00f3n cualitativa"],"prefix":"10.31235","author":[{"ORCID":"https:\/\/orcid.org\/0000-0003-2069-5631","authenticated-orcid":true,"given":"Paula","family":"Sequeiros","sequence":"first","affiliation":[]}],"member":"15934","container-title":[],"original-title":[],"deposited":{"date-parts":[[2025,11,16]],"date-time":"2025-11-16T09:07:19Z","timestamp":1763284039000},"score":1,"resource":{"primary":{"URL":"https:\/\/osf.io\/q35ba_v1"}},"subtitle":[],"short-title":[],"issued":{"date-parts":[[2019,12,8]]},"references-count":0,"URL":"https:\/\/doi.org\/10.31235\/osf.io\/q35ba","relation":{},"subject":[],"published":{"date-parts":[[2019,12,8]]},"subtype":"preprint"}}