{"status":"ok","message-type":"work","message-version":"1.0.0","message":{"indexed":{"date-parts":[[2025,12,16]],"date-time":"2025-12-16T12:23:21Z","timestamp":1765887801158,"version":"3.38.0"},"reference-count":31,"publisher":"SAGE Publications","issue":"1","content-domain":{"domain":[],"crossmark-restriction":false},"short-container-title":["JAD"],"published-print":{"date-parts":[[2016,6,22]]},"DOI":"10.3233\/jad-160006","type":"journal-article","created":{"date-parts":[[2016,6,23]],"date-time":"2016-06-23T07:10:00Z","timestamp":1466665800000},"page":"303-313","source":"Crossref","is-referenced-by-count":11,"title":["Neuroimaging Correlates of Frontotemporal Dementia Associated with SQSTM1 Mutations"],"prefix":"10.1177","volume":"53","author":[{"given":"Elkin","family":"Luis","sequence":"first","affiliation":[{"name":"Neuroimaging Laboratory, Division of Neurosciences, Center for Applied Medical Research (CIMA), University of Navarra, Pamplona, Spain"},{"name":"School of Education and Psychology, University of Navarra, Pamplona, Spain"}]},{"given":"Alexandra","family":"Ortiz","sequence":"additional","affiliation":[{"name":"Neuroimaging Laboratory, Division of Neurosciences, Center for Applied Medical Research (CIMA), University of Navarra, Pamplona, Spain"}]},{"given":"Luis","family":"Eudave","sequence":"additional","affiliation":[{"name":"Neuroimaging Laboratory, Division of Neurosciences, Center for Applied Medical Research (CIMA), University of Navarra, Pamplona, Spain"}]},{"given":"Sara","family":"Ortega-Cubero","sequence":"additional","affiliation":[{"name":"Neurogenetics Laboratory, Division of Neurosciences, Center for Applied Medical Research, University of Navarra, Pamplona, Spain"},{"name":"CIBERNED, Centro de Investigaci\u00f3n Biom\u00e9dica en Red de Enfermedades Neurodegenerativas, Instituto de Salud Carlos III, Spain"}]},{"given":"Barbara","family":"Borroni","sequence":"additional","affiliation":[{"name":"Centre for Aging Brain and Neurodegenerative Disorders, Neurology Unit, University of Brescia, Brescia, Italy"}]},{"given":"Julie","family":"van der Zee","sequence":"additional","affiliation":[{"name":"Neurodegenerative Brain Diseases Group, Department of Molecular Genetics, VIB, Antwerp, Belgium"},{"name":"Laboratory of Neurogenetics, Institute Born-Bunge, University of Antwerp, Antwerp, Belgium"}]},{"given":"Stefano","family":"Gazzina","sequence":"additional","affiliation":[{"name":"Centre for Aging Brain and Neurodegenerative Disorders, Neurology Unit, University of Brescia, Brescia, Italy"}]},{"given":"Paola","family":"Caroppo","sequence":"additional","affiliation":[{"name":"Besta Neurological Institut, Milan, Italy"},{"name":"Institut du Cerveau et de la Moelle \u00e9pini\u00e8re (ICM), Sorbonne Universit\u00e9s, Universit\u00e9 Pierre et Marie, H\u00f4pital Piti\u00e9-Salp\u00eatri\u00e8re, Paris, France"}]},{"given":"Elisa","family":"Rubino","sequence":"additional","affiliation":[{"name":"Universit\u00e0 degli Studi di Torino, Department of Neuroscience \u201cRita Levi Montalcini\u201d, University of Turin, Turin, Italy"}]},{"given":"Federico","family":"D\u2019Agata","sequence":"additional","affiliation":[{"name":"Universit\u00e0 degli Studi di Torino, Department of Neuroscience \u201cRita Levi Montalcini\u201d, University of Turin, Turin, Italy"}]},{"given":"Isabelle","family":"Le Ber","sequence":"additional","affiliation":[{"name":"Institut du Cerveau et de la Moelle \u00e9pini\u00e8re (ICM), Sorbonne Universit\u00e9s, Universit\u00e9 Pierre et Marie, H\u00f4pital Piti\u00e9-Salp\u00eatri\u00e8re, Paris, France"}]},{"given":"Isabel","family":"Santana","sequence":"additional","affiliation":[{"name":"Neurology Department, Centro Hospitalar e Universit\u00e9rio de Coimbra, Coimbra, Portugal and Faculty of Medicine, Coimbra University, Coimbra, Portugal"}]},{"given":"Gil","family":"Cunha","sequence":"additional","affiliation":[{"name":"Neurorradiology Department, Centro Hospitalar e Universit\u00e1rio de Coimbra, Coimbra, Portugal"}]},{"given":"Maria R.","family":"Almeida","sequence":"additional","affiliation":[{"name":"Neurogenetics Laboratory, Center for Neuroscience and Cell Biology, University of Coimbra, Coimbra, Portugal"}]},{"given":"Claire","family":"Boutoleau-Bretonni\u00e8re","sequence":"additional","affiliation":[{"name":"Claire Boutoleau-Bretonni\u00e8re: Department of Neurology, CMRR, Nantes University Hospital, Nantes, France"}]},{"given":"Didier","family":"Hannequin","sequence":"additional","affiliation":[{"name":"Department of Genetics, Rouen University Hospital, Rouen, France"},{"name":"Inserm U1079, Rouen University, IRIB, Normandy University, Rouen, France"},{"name":"CNR-MAJ, Rouen University Hospital, Rouen, France"},{"name":"Department of Neurology, Rouen University Hospital, Rouen, France"}]},{"given":"David","family":"Wallon","sequence":"additional","affiliation":[{"name":"Inserm U1079, Rouen University, IRIB, Normandy University, Rouen, France"},{"name":"CNR-MAJ, Rouen University Hospital, Rouen, France"}]},{"given":"Innocenzo","family":"Rainero","sequence":"additional","affiliation":[{"name":"Department of Neuroscience \u201cRita Levi Montalcini\u201d, University of Torino, Turin, Italy"}]},{"given":"Daniela","family":"Galimberti","sequence":"additional","affiliation":[{"name":"Department of Pathophysiology and Transplantation, University of Milan, Fondazione Ca\u2019 Granda, IRCCS Ospedale Policlinico, Milan, Italy"}]},{"given":"Christine","family":"Van Broeckhoven","sequence":"additional","affiliation":[{"name":"Neurodegenerative Brain Diseases Group, Department of Molecular Genetics, VIB, Antwerp, Belgium"},{"name":"Laboratory of Neurogenetics, Institute Born-Bunge, University of Antwerp, Antwerp, Belgium"}]},{"given":"Maria A.","family":"Pastor","sequence":"additional","affiliation":[{"name":"Neuroimaging Laboratory, Division of Neurosciences, Center for Applied Medical Research (CIMA), University of Navarra, Pamplona, Spain"},{"name":"School of Education and Psychology, University of Navarra, Pamplona, Spain"},{"name":"CIBERNED, Centro de Investigaci\u00f3n Biom\u00e9dica en Red de Enfermedades Neurodegenerativas, Instituto de Salud Carlos III, Spain"},{"name":"Department of Neurology, Cl\u00ednica Universidad de Navarra, University of Navarra School of Medicine, Pamplona, Spain"}]},{"given":"Pau","family":"Pastor","sequence":"additional","affiliation":[{"name":"Neurogenetics Laboratory, Division of Neurosciences, Center for Applied Medical Research, University of Navarra, Pamplona, Spain"},{"name":"CIBERNED, Centro de Investigaci\u00f3n Biom\u00e9dica en Red de Enfermedades Neurodegenerativas, Instituto de Salud Carlos III, Spain"},{"name":"Memory and Movement Disorders Units, Department of Neurology, University Hospital Mutua de Terrassa, Terrassa, Barcelona, Spain"}]}],"member":"179","reference":[{"key":"10.3233\/JAD-160006_ref1","doi-asserted-by":"crossref","first-page":"702","DOI":"10.1038\/31508","article-title":"Association of missense and 5\u2019-splice-site mutations in tau with the inherited dementia FTDP-17","volume":"393","author":"Hutton","year":"1998","journal-title":"Nature"},{"key":"10.3233\/JAD-160006_ref2","doi-asserted-by":"crossref","first-page":"920","DOI":"10.1038\/nature05017","article-title":"Null mutations in progranulin cause ubiquitin-positive frontotemporal dementia linked to chromosome 17q21","volume":"442","author":"Cruts","year":"2006","journal-title":"Nature"},{"key":"10.3233\/JAD-160006_ref3","doi-asserted-by":"crossref","first-page":"1212.e1","DOI":"10.1016\/j.neurobiolaging.2013.10.092","article-title":"Targeted high-throughput sequencing identifies a TARDBP mutation as a cause of early-onset FTD without motor neuron disease","volume":"35","author":"Synofzik","year":"2014","journal-title":"Neurobiol Aging"},{"key":"10.3233\/JAD-160006_ref4","doi-asserted-by":"crossref","first-page":"2949.e13","DOI":"10.1016\/j.neurobiolaging.2012.07.002","article-title":"Screening in ALS and FTD patients reveals 3 novel UBQLN2 mutations outside the PXX domain and a pure FTD phenotype","volume":"33","author":"Synofzik","year":"2012","journal-title":"Neurobiol Aging"},{"key":"10.3233\/JAD-160006_ref5","doi-asserted-by":"crossref","first-page":"817","DOI":"10.3109\/07853890.2012.665471","article-title":"The molecular basis of the frontotemporal lobar degeneration-amyotrophic lateral sclerosis","volume":"44","author":"Van Langenhove","year":"2012","journal-title":"Ann Med"},{"key":"10.3233\/JAD-160006_ref6","doi-asserted-by":"crossref","first-page":"e56899","DOI":"10.1371\/journal.pone.0056899","article-title":"C9ORF72 repeat expansion in Australian and Spanish frontotemporal dementia patients","volume":"8","author":"Dobson-Stone","year":"2013","journal-title":"PLoS One"},{"key":"10.3233\/JAD-160006_ref7","doi-asserted-by":"crossref","first-page":"1582","DOI":"10.1086\/340731","article-title":"Recurrent mutation of the gene encoding sequestosome 1 (SQSTM1\/p62) in Paget disease of bone","volume":"70","author":"Laurin","year":"2002","journal-title":"Am J Hum Genet"},{"key":"10.3233\/JAD-160006_ref8","doi-asserted-by":"crossref","first-page":"27","DOI":"10.1016\/j.yexcr.2014.01.020","article-title":"SQSTM1 mutations\u2013bridging Paget disease of bone and ALS\/FTLD","volume":"325","author":"Rea","year":"2014","journal-title":"Exp Cell Res"},{"key":"10.3233\/JAD-160006_ref9","doi-asserted-by":"crossref","first-page":"1440","DOI":"10.1001\/archneurol.2011.250","article-title":"SQSTM1 mutations in familial and sporadic amyotrophic lateral sclerosis","volume":"68","author":"Fecto","year":"2011","journal-title":"Arch Neurol"},{"key":"10.3233\/JAD-160006_ref10","doi-asserted-by":"crossref","first-page":"397","DOI":"10.1007\/s00401-014-1298-7","article-title":"Rare mutations in SQSTM1 modify susceptibility to frontotemporal lobar degeneration","volume":"128","author":"Van der Zee","year":"2014","journal-title":"Acta Neuropathol"},{"key":"10.3233\/JAD-160006_ref11","doi-asserted-by":"crossref","first-page":"1556","DOI":"10.1212\/WNL.0b013e31826e25df","article-title":"SQSTM1 mutations in frontotemporal lobar degeneration and amyotrophic lateral sclerosis","volume":"79","author":"Rubino","year":"2012","journal-title":"Neurology"},{"key":"10.3233\/JAD-160006_ref12","doi-asserted-by":"crossref","first-page":"1546","DOI":"10.1212\/WNL.51.6.1546","article-title":"Frontotemporal lobar degeneration: A consensus on clinical diagnostic criteria","volume":"51","author":"Neary","year":"1998","journal-title":"Neurology"},{"key":"10.3233\/JAD-160006_ref13","doi-asserted-by":"crossref","first-page":"839","DOI":"10.1016\/j.neuroimage.2005.02.018","article-title":"Unified segmentation","volume":"26","author":"Ashburner","year":"2005","journal-title":"Neuroimage"},{"key":"10.3233\/JAD-160006_ref14","doi-asserted-by":"crossref","first-page":"1325","DOI":"10.1016\/j.neuroimage.2004.12.034","article-title":"A new SPM toolbox for combining probabilistic cytoarchitectonic maps and functional imaging data","volume":"25","author":"Eickhoff","year":"2005","journal-title":"Neuroimage"},{"key":"10.3233\/JAD-160006_ref15","doi-asserted-by":"crossref","first-page":"431","DOI":"10.3233\/JAD-2012-121156","article-title":"MRI signatures of brain macrostructural atrophy and microstructural degradation in frontotemporal lobar degeneration subtypes","volume":"33","author":"Zhang","year":"2013","journal-title":"J Alzheimers Dis"},{"key":"10.3233\/JAD-160006_ref16","first-page":"1403","article-title":"SQSTM1 mutations in French patients with frontotemporal dementia or frontotemporal dementia with amyotrophic lateral sclerosis","volume":"70","author":"Le","year":"2013","journal-title":"JAMA Neurol"},{"key":"10.3233\/JAD-160006_ref17","doi-asserted-by":"crossref","first-page":"2681","DOI":"10.1016\/j.neurobiolaging.2014.06.007","article-title":"Frontobasal gray matter loss is associated with the TREM2 p.R47H variant","volume":"35","author":"Luis","year":"2014","journal-title":"Neurobiol Aging"},{"key":"10.3233\/JAD-160006_ref18","doi-asserted-by":"crossref","first-page":"1009","DOI":"10.3233\/JAD-2012-121174","article-title":"Selective brain gray matter atrophy associated with APOE epsilon4 and MAPT H1 in subjects with mild cognitive impairment","volume":"33","author":"Goni","year":"2013","journal-title":"J Alzheimers Dis"},{"key":"10.3233\/JAD-160006_ref19","doi-asserted-by":"crossref","first-page":"31","DOI":"10.1007\/s00401-007-0236-3","article-title":"Frontotemporal lobar degeneration: Clinical and pathological relationships","volume":"114","author":"Snowden","year":"2007","journal-title":"Acta Neuropathol"},{"key":"10.3233\/JAD-160006_ref20","doi-asserted-by":"crossref","first-page":"345","DOI":"10.1016\/j.neuroimage.2013.11.001","article-title":"Neural network of cognitive emotion regulation\u2013an ALE meta-analysis and MACM analysis","volume":"87","author":"Kohn","year":"2014","journal-title":"Neuroimage"},{"key":"10.3233\/JAD-160006_ref21","doi-asserted-by":"crossref","first-page":"9673","DOI":"10.1073\/pnas.0504136102","article-title":"The human brain is intrinsically organized into dynamic, anticorrelated functional networks","volume":"102","author":"Fox","year":"2005","journal-title":"Proc Natl Acad Sci U S A"},{"key":"10.3233\/JAD-160006_ref22","doi-asserted-by":"crossref","first-page":"2349","DOI":"10.1523\/JNEUROSCI.5587-06.2007","article-title":"Dissociable intrinsic connectivity networks for salience processing and executive control","volume":"27","author":"Seeley","year":"2007","journal-title":"J Neurosci"},{"key":"10.3233\/JAD-160006_ref23","doi-asserted-by":"crossref","first-page":"889","DOI":"10.1016\/S0896-6273(01)00423-8","article-title":"The cortical motor system","volume":"31","author":"Rizzolatti","year":"2001","journal-title":"Neuron"},{"key":"10.3233\/JAD-160006_ref24","doi-asserted-by":"crossref","first-page":"663","DOI":"10.1016\/S0959-4388(01)00266-5","article-title":"Imaging the premotor areas","volume":"11","author":"Picard","year":"2001","journal-title":"Curr Opin Neurobiol"},{"key":"10.3233\/JAD-160006_ref25","doi-asserted-by":"crossref","first-page":"1228","DOI":"10.1016\/S1474-4422(14)70167-X","article-title":"Neuroimaging in amyotrophic lateral sclerosis: Insights into structural and functional changes","volume":"13","author":"Chio","year":"2014","journal-title":"Lancet Neurol"},{"key":"10.3233\/JAD-160006_ref26","doi-asserted-by":"crossref","first-page":"34","DOI":"10.1016\/j.jns.2011.05.025","article-title":"Behoral changes in early ALS correlate with voxel-based morphometry and diffusion tensor imaging","volume":"307","author":"Tsujimoto","year":"2011","journal-title":"J Neurol Sci"},{"key":"10.3233\/JAD-160006_ref27","doi-asserted-by":"crossref","first-page":"222","DOI":"10.1212\/WNL.82.10_supplement.P6.222","article-title":"Voxel-based morphometry reveals gray matter loss in patients with paget\u2019s disease of the bone carrying SQSTM1 gene mutations. (Meeting Abstracts), P6","volume":"82","author":"Rainero","year":"2014","journal-title":"Neurology"},{"key":"10.3233\/JAD-160006_ref28","doi-asserted-by":"crossref","first-page":"813","DOI":"10.1212\/01.wnl.0000343851.46573.67","article-title":"Atrophy patterns in IVS10+16, IVS10+3, N279K, S305N, P301L, and V337M MAPT mutations","volume":"72","author":"Whitwell","year":"2009","journal-title":"Neurology"},{"key":"10.3233\/JAD-160006_ref29","doi-asserted-by":"crossref","first-page":"1070","DOI":"10.1016\/j.neuroimage.2009.12.088","article-title":"Distinct profiles of brain atrophy in frontotemporal lobar degeneration caused by progranulin and tau mutations","volume":"53","author":"Rohrer","year":"2010","journal-title":"Neuroimage"},{"key":"10.3233\/JAD-160006_ref30","doi-asserted-by":"crossref","first-page":"794","DOI":"10.1093\/brain\/aws001","article-title":"Neuroimaging signatures of frontotemporal dementia genetics: C9ORF72, tau, progranulin and sporadics","volume":"135","author":"Whitwell","year":"2012","journal-title":"Brain"},{"key":"10.3233\/JAD-160006_ref31","doi-asserted-by":"crossref","first-page":"1002","DOI":"10.1212\/WNL.0b013e318268452e","article-title":"Frontotemporal dementia due to C9ORF72 mutations: Clinical and imaging features","volume":"79","author":"Sha","year":"2012","journal-title":"Neurology"}],"container-title":["Journal of Alzheimer's Disease"],"original-title":[],"link":[{"URL":"https:\/\/content.iospress.com\/download?id=10.3233\/JAD-160006","content-type":"unspecified","content-version":"vor","intended-application":"similarity-checking"}],"deposited":{"date-parts":[[2025,3,11]],"date-time":"2025-03-11T06:08:59Z","timestamp":1741673339000},"score":1,"resource":{"primary":{"URL":"https:\/\/journals.sagepub.com\/doi\/full\/10.3233\/JAD-160006"}},"subtitle":[],"short-title":[],"issued":{"date-parts":[[2016,6,22]]},"references-count":31,"journal-issue":{"issue":"1"},"URL":"https:\/\/doi.org\/10.3233\/jad-160006","relation":{},"ISSN":["1387-2877","1875-8908"],"issn-type":[{"type":"print","value":"1387-2877"},{"type":"electronic","value":"1875-8908"}],"subject":[],"published":{"date-parts":[[2016,6,22]]}}}