{"status":"ok","message-type":"work","message-version":"1.0.0","message":{"indexed":{"date-parts":[[2026,2,5]],"date-time":"2026-02-05T23:32:25Z","timestamp":1770334345001,"version":"3.49.0"},"reference-count":68,"publisher":"SAGE Publications","issue":"4","license":[{"start":{"date-parts":[[2019,6,25]],"date-time":"2019-06-25T00:00:00Z","timestamp":1561420800000},"content-version":"tdm","delay-in-days":0,"URL":"https:\/\/journals.sagepub.com\/page\/policies\/text-and-data-mining-license"}],"content-domain":{"domain":["journals.sagepub.com"],"crossmark-restriction":true},"short-container-title":["Journal of Neonatal-Perinatal Medicine"],"published-print":{"date-parts":[[2020,1,4]]},"abstract":"<jats:sec><jats:title>INTRODUCTION:<\/jats:title><jats:p> Several studies assessed the influence of a low birth weight on bronchopulmonary dysplasia (BPD), but not all could find a significant association. Our aim was to assess the association between low birth weight and BPD in preterm infants, prospectively recruited at 11 level III Portuguese neonatal centers. <\/jats:p><\/jats:sec><jats:sec><jats:title>METHODS:<\/jats:title><jats:p> Obstetrical and neonatal data on mothers and preterm infants with gestational ages between 24 and 30 weeks, born during 2015 and 2016 after a surveilled pregnancy, were analyzed. Neonates were considered small for gestational age (SGA) when their birthweight was below the 10th centile of Fenton's growth chats and BPD was defined as the dependency for oxygen therapy until 36 weeks of corrected age. Statistical analysis was performed using IBM SPSS<jats:sup>\u00ae<\/jats:sup> statistics 23 and a p-value &lt;0.05 was considered statistically significant. <\/jats:p><\/jats:sec><jats:sec><jats:title>RESULTS:<\/jats:title><jats:p> Out of 614, a total of 494 preterm infants delivered from 410 women were enrolled in the study; 40 (8.0%) infants with SGA criteria. SGA were more often associated with a single pregnancy, had greater use of antenatal corticosteroids, increased prevalence of gestational hypertensive disorders, C-section, rupture of membranes below 18 hours, rate of intubation in the delivery room, use of surfactant treatment, oxygen therapy, mechanical ventilation need, BPD, cystic periventricular leukomalacia, nosocomial sepsis and pneumonia; had lower prevalence of chorioamnionitis, and lower Apgar scores. The multivariate analysis by logistic regression, adjusted for BPD risk factors revealed a significant association between SGA and BPD: OR\u200a=\u200a5.2 [CI: 1.46\u201318.58]; p\u200a=\u200a0.01. <\/jats:p><\/jats:sec><jats:sec><jats:title>CONCLUSION:<\/jats:title><jats:p> The results of this study increase the scientific evidence that SGA is an independent risk factor for BPD. <\/jats:p><\/jats:sec>","DOI":"10.3233\/npm-180129","type":"journal-article","created":{"date-parts":[[2019,6,28]],"date-time":"2019-06-28T17:10:28Z","timestamp":1561741828000},"page":"419-427","update-policy":"https:\/\/doi.org\/10.1177\/sage-journals-update-policy","source":"Crossref","is-referenced-by-count":13,"title":["Small for gestational age very preterm infants present a higher risk of developing bronchopulmonary dysplasia"],"prefix":"10.1177","volume":"12","author":[{"given":"G.","family":"Rocha","sequence":"first","affiliation":[{"name":"Department of Neonatology, Centro Hospitalar S\u00e3o Jo\u00e3o, Porto, Portugal"}]},{"given":"F. Flor","family":"de Lima","sequence":"additional","affiliation":[{"name":"Department of Neonatology, Centro Hospitalar S\u00e3o Jo\u00e3o, Porto, Portugal"},{"name":"Faculty of Medicine, University of Porto, Porto, Portugal"}]},{"given":"A. Paula","family":"Machado","sequence":"additional","affiliation":[{"name":"Department of Obstetrics and Gynaecology, Centro Hospitalar S\u00e3o Jo\u00e3o, Porto, Portugal"}]},{"given":"H.","family":"Guimar\u00e3es","sequence":"additional","affiliation":[{"name":"Department of Neonatology, Centro Hospitalar S\u00e3o Jo\u00e3o, Porto, Portugal"},{"name":"Faculty of Medicine, University of Porto, Porto, Portugal"}]},{"given":"E.","family":"Proen\u00e7a","sequence":"additional","affiliation":[{"name":"Centro Materno Infantil do Norte, Porto, Portugal"}]},{"given":"C.","family":"Carvalho","sequence":"additional","affiliation":[{"name":"Centro Materno Infantil do Norte, Porto, Portugal"}]},{"given":"L.G.","family":"Martins","sequence":"additional","affiliation":[{"name":"Centro Materno Infantil do Norte, Porto, Portugal"}]},{"given":"T.","family":"Martins","sequence":"additional","affiliation":[{"name":"Hospital Pedro Hisp\u00e2no, Matosinhos, Portugal"}]},{"given":"A.","family":"Freitas","sequence":"additional","affiliation":[{"name":"Hospital da Senhora da Oliveira, Guimar\u00e3es, Portugal"}]},{"given":"C.P.","family":"Dias","sequence":"additional","affiliation":[{"name":"Hospital da Senhora da Oliveira, Guimar\u00e3es, Portugal"}]},{"given":"A.","family":"Silva","sequence":"additional","affiliation":[{"name":"Hospital de Braga, Braga, Portugal"}]},{"given":"A.","family":"Barroso","sequence":"additional","affiliation":[{"name":"Hospital de Braga, Braga, Portugal"}]},{"given":"I.","family":"Diogo","sequence":"additional","affiliation":[{"name":"Centro Hospitalar Lisboa Central, Maternidade Dr Alfredo da Costa, Lisboa, Portugal"}]},{"given":"G.","family":"Cassiano","sequence":"additional","affiliation":[{"name":"Centro Hospitalar Lisboa Central, Maternidade Dr Alfredo da Costa, Lisboa, Portugal"}]},{"given":"H.","family":"Ramos","sequence":"additional","affiliation":[{"name":"Centro Hospitalar Lisboa Central, Maternidade Dr Alfredo da Costa, Lisboa, Portugal"}]},{"given":"M.M.","family":"Abrantes","sequence":"additional","affiliation":[{"name":"Centro Hospitalar Lisboa Norte, Hospital de Santa Maria, Lisboa, Portugal"}]},{"given":"P.","family":"Costa","sequence":"additional","affiliation":[{"name":"Centro Hospitalar Lisboa Norte, Hospital de Santa Maria, Lisboa, Portugal"}]},{"given":"A.","family":"Salazar","sequence":"additional","affiliation":[{"name":"Centro Hospitalar Lisboa Ocidental, Hospital S\u00e3o Francisco Xavier, Lisboa, Portugal"}]},{"given":"F.","family":"Vieira","sequence":"additional","affiliation":[{"name":"Centro Hospitalar Lisboa Ocidental, Hospital S\u00e3o Francisco Xavier, Lisboa, Portugal"}]},{"given":"D.","family":"Fontes","sequence":"additional","affiliation":[{"name":"Centro Hospitalar Lisboa Ocidental, Hospital S\u00e3o Francisco Xavier, Lisboa, Portugal"}]},{"given":"R.","family":"Barroso","sequence":"additional","affiliation":[{"name":"Hospital Prof. Dr Fernando Fonseca, Amadora, Portugal"}]},{"given":"T.","family":"Marques","sequence":"additional","affiliation":[{"name":"Hospital Prof. Dr Fernando Fonseca, Amadora, Portugal"}]},{"given":"V.","family":"Santos","sequence":"additional","affiliation":[{"name":"Centro Hospitalar do Algarve, Hospital de Faro, Faro, Portugal"}]},{"given":"E.","family":"Scortenschi","sequence":"additional","affiliation":[{"name":"Centro Hospitalar do Algarve, Hospital de Faro, Faro, Portugal"}]},{"given":"C.","family":"Santos","sequence":"additional","affiliation":[{"name":"Centro Hospitalar do Algarve, Hospital de Faro, Faro, Portugal"}]},{"given":"F.","family":"Vilela","sequence":"additional","affiliation":[{"name":"Centro Hospitalar do Algarve, Hospital de Faro, Faro, Portugal"}]},{"given":"C.","family":"Quintas","sequence":"additional","affiliation":[{"name":"Centro Hospitalar de Vila Nova de Gaia\/Espinho, Hospital de Vila Nova de Gaia, Vila Nova de Gaia, Portugal"}]},{"name":"The Hypertensive Disorders of Pregnancy Study Group:","sequence":"additional","affiliation":[]},{"given":"Elisa","family":"Proen\u00e7a","sequence":"additional","affiliation":[{"name":"Centro Materno Infantil do Norte, Porto, Portugal"}]},{"given":"Carmen","family":"Carvalho","sequence":"additional","affiliation":[{"name":"Centro Materno Infantil do Norte, Porto, Portugal"}]},{"given":"Lu\u00eds Guedes","family":"Martins","sequence":"additional","affiliation":[{"name":"Centro Materno Infantil do Norte, Porto, Portugal"}]},{"given":"Teresa","family":"Martins","sequence":"additional","affiliation":[{"name":"Hospital Pedro Hisp\u00e2no, Matosinhos, Portugal"}]},{"given":"Alice","family":"Freitas","sequence":"additional","affiliation":[{"name":"Hospital da Senhora da Oliveira, Guimar\u00e3es, Portugal"}]},{"given":"Clara Paz","family":"Dias","sequence":"additional","affiliation":[{"name":"Hospital da Senhora da Oliveira, Guimar\u00e3es, Portugal"}]},{"given":"Albina","family":"Silva","sequence":"additional","affiliation":[{"name":"Hospital de Braga, Braga, Portugal"}]},{"given":"Almerinda","family":"Barroso","sequence":"additional","affiliation":[{"name":"Hospital de Braga, Braga, Portugal"}]},{"given":"Isabel","family":"Diogo","sequence":"additional","affiliation":[{"name":"Centro Hospitalar Lisboa Central, Maternidade Dr Alfredo da Costa, Lisboa, Portugal"}]},{"given":"Gon\u00e7alo","family":"Cassiano","sequence":"additional","affiliation":[{"name":"Centro Hospitalar Lisboa Central, Maternidade Dr Alfredo da Costa, Lisboa, Portugal"}]},{"given":"Helena","family":"Ramos","sequence":"additional","affiliation":[{"name":"Centro Hospitalar Lisboa Central, Maternidade Dr Alfredo da Costa, Lisboa, Portugal"},{"name":"Maria Margarida Abrantes-Centro Hospitalar Lisboa Norte, Hospital de Santa Maria, Lisboa, Portugal"}]},{"given":"Paula","family":"Costa","sequence":"additional","affiliation":[{"name":"Centro Hospitalar Lisboa Norte, Hospital de Santa Maria, Lisboa, Portugal"}]},{"given":"Anabela","family":"Salazar","sequence":"additional","affiliation":[{"name":"Centro Hospitalar Lisboa Ocidental, Hospital S\u00e3o Francisco Xavier, Lisboa, Portugal"}]},{"given":"Filipa","family":"Vieira","sequence":"additional","affiliation":[{"name":"Centro Hospitalar Lisboa Ocidental, Hospital S\u00e3o Francisco Xavier, Lisboa, Portugal"}]},{"given":"Dora","family":"Fontes","sequence":"additional","affiliation":[{"name":"Centro Hospitalar Lisboa Ocidental, Hospital S\u00e3o Francisco Xavier, Lisboa, Portugal"},{"name":"Rosalina Barroso-Hospital Prof. Dr Fernando Fonseca, Amadora, Portugal"}]},{"given":"T\u00e2nia","family":"Marques","sequence":"additional","affiliation":[{"name":"Hospital Prof. Dr Fernando Fonseca, Amadora, Portugal"}]},{"given":"Vera","family":"Santos","sequence":"additional","affiliation":[{"name":"Centro Hospitalar do Algarve,Hospital de Faro, Faro, Portugal"}]},{"given":"Ecaterina","family":"Scortenschi","sequence":"additional","affiliation":[{"name":"Centro Hospitalar do Algarve,Hospital de Faro, Faro, Portugal"}]},{"given":"Celeste","family":"Santos","sequence":"additional","affiliation":[{"name":"Centro Hospitalar do Algarve,Hospital de Faro, Faro, Portugal"}]},{"given":"Fernanda","family":"Vilela","sequence":"additional","affiliation":[{"name":"Centro Hospitalar do Algarve,Hospital de Faro, Faro, Portugal"}]},{"given":"Concei\u00e7\u00e3o","family":"Quintas","sequence":"additional","affiliation":[{"name":"Centro Hospitalar de Vila Nova de Gaia\/Espinho, Vila Nova de Gaia, Portugal"}]}],"member":"179","published-online":{"date-parts":[[2019,6,25]]},"reference":[{"key":"ref001","first-page":"243","volume-title":"Diseases of the Fetus and Infant","author":"Pregnancy disorders and their impact on the fetus","edition":"9"},{"key":"ref002","doi-asserted-by":"publisher","DOI":"10.1055\/s-0033-1347179"},{"key":"ref003","doi-asserted-by":"publisher","DOI":"10.1155\/2011\/214365"},{"key":"ref004","first-page":"250","volume-title":"Diseases of the Fetus and Infant","author":"Jeyabalan A. Hypertensive disorders of pregnancy","year":"2015","edition":"10"},{"key":"ref005","doi-asserted-by":"publisher","DOI":"10.1056\/NEJM196702162760701"},{"key":"ref006","first-page":"233","volume-title":"The Newborn Lung","author":"Walsh MC.","year":"2008"},{"key":"ref007","doi-asserted-by":"publisher","DOI":"10.1164\/rccm.201612-2414OC"},{"key":"ref008","doi-asserted-by":"publisher","DOI":"10.1055\/s-0033-1361145"},{"key":"ref009","doi-asserted-by":"publisher","DOI":"10.1007\/s12519-013-0439-8"},{"key":"ref010","doi-asserted-by":"publisher","DOI":"10.1016\/j.jpeds.2009.10.018"},{"key":"ref011","doi-asserted-by":"publisher","DOI":"10.1016\/j.earlhumdev.2012.07.004"},{"key":"ref012","doi-asserted-by":"publisher","DOI":"10.1016\/j.ajog.2017.02.001"},{"key":"ref013","doi-asserted-by":"publisher","DOI":"10.1111\/apa.12888"},{"key":"ref014","doi-asserted-by":"publisher","DOI":"10.1002\/path.4470"},{"key":"ref015","doi-asserted-by":"publisher","DOI":"10.1371\/journal.pone.0078326"},{"key":"ref016","doi-asserted-by":"publisher","DOI":"10.1111\/apa.13220"},{"key":"ref017","doi-asserted-by":"publisher","DOI":"10.1111\/apa.13220"},{"key":"ref018","doi-asserted-by":"publisher","DOI":"10.1542\/peds.111.3.483"},{"key":"ref019","first-page":"F1","volume":"0","author":"Jensen EA","year":"2018","journal-title":"Arch Dis Child Fetal Neonatal Ed"},{"key":"ref020","doi-asserted-by":"publisher","DOI":"10.1016\/j.pedneo.2014.07.007"},{"key":"ref021","doi-asserted-by":"publisher","DOI":"10.1371\/journal.pone.0204498"},{"key":"ref022","doi-asserted-by":"publisher","DOI":"10.1007\/s00431-017-2957-1"},{"key":"ref023","doi-asserted-by":"publisher","DOI":"10.1055\/s-0036-1594017"},{"key":"ref024","first-page":"890","volume":"2013","author":"Rocha G.","year":"2013","journal-title":"Crit Care Res Pract"},{"key":"ref025","doi-asserted-by":"publisher","DOI":"10.3345\/kjp.2017.60.7.203"},{"issue":"2","key":"ref026","first-page":"176","volume":"36","author":"Rocha GM","year":"2018","journal-title":"Am J Perinatol"},{"key":"ref027","doi-asserted-by":"publisher","DOI":"10.1038\/s41372-018-0133-8"},{"key":"ref028","doi-asserted-by":"crossref","first-page":"1122","DOI":"10.1097\/01.AOG.0000437382.03963.88","volume":"122","author":"American College of Obstetricians and Gynecologists; Task Force on Hypertension in Pregnancy","year":"2013","journal-title":"Gynecol"},{"key":"ref029","doi-asserted-by":"crossref","unstructured":"National Institutes of Health (NIH) Consensus Development Panel on the Effect of Corticosteroids for Fetal Maturation on Perinatal Outcomes. JAMA. 1995;273:413\u20138.","DOI":"10.1001\/jama.273.5.413"},{"key":"ref030","doi-asserted-by":"publisher","DOI":"10.1016\/S1701-2163(16)34886-1"},{"key":"ref031","doi-asserted-by":"publisher","DOI":"10.1053\/j.semperi.2013.06.025"},{"key":"ref032","doi-asserted-by":"publisher","DOI":"10.1097\/00001432-200206000-00014"},{"key":"ref033","volume-title":"International Academy of Pathology Monograph. Perinatal Diseases by 14 authors","author":"Blanc WA","year":"1981"},{"key":"ref034","doi-asserted-by":"publisher","DOI":"10.1515\/JPM.2001.004"},{"key":"ref035","doi-asserted-by":"publisher","DOI":"10.1111\/j.1600-0412.2010.01030.x"},{"key":"ref036","first-page":"1024","volume":"110","author":"MacDonald H.","year":"2002","journal-title":"Perinatal Care at the Threshold of Viability. Pediatrics"},{"key":"ref037","doi-asserted-by":"publisher","DOI":"10.1016\/S0022-3476(05)82056-6"},{"key":"ref038","doi-asserted-by":"publisher","DOI":"10.1186\/1471-2431-3-13"},{"key":"ref039","doi-asserted-by":"publisher","DOI":"10.1159\/000448985"},{"key":"ref040","doi-asserted-by":"publisher","DOI":"10.1159\/000356561"},{"key":"ref041","doi-asserted-by":"publisher","DOI":"10.1164\/ajrccm.163.7.2011060"},{"key":"ref042","author":"Salazar A","year":"2010","journal-title":"Portuguese Society of Neonatology"},{"key":"ref043","unstructured":"Programof epidemiological surveillance of nosocomial infection in neonatal intensive care units in Portugal, (2007). https:\/\/www.dgs.pt\/programa.de.infeccao\/.\/ucin-protocolo-pdf.aspx."},{"key":"ref044","doi-asserted-by":"publisher","DOI":"10.1016\/S0031-3955(16)34975-6"},{"key":"ref045","doi-asserted-by":"publisher","DOI":"10.1542\/peds.74.1.127"},{"key":"ref046","doi-asserted-by":"publisher","DOI":"10.1001\/archopht.123.7.991"},{"key":"ref047","unstructured":"VolpeJJ. Neurology of the Newborn. 4th. Philadelphia: Ed. WB Saunders; 2001:428\u201393."},{"key":"ref048","unstructured":"de VriesL, RennieJM., Preterm brain injury. In: RennieJM, RobertonNRC,Textbok of Neonatology, 3 th.London, Churchill Livingstone, 1999, pp. 1252\u201370."},{"key":"ref049","unstructured":"BattagliaF, MeschiaG., Circulatory and Metabolic Changes Accompanying Fetal Growth Restriction. In:MartinRJ, FanaroffAA, WalshMC; eds.Fanaroff and Martin\u015b Neonatal-Perinatal Medicine. Diseases of the Fetus and Infant. 9th. Elsevier Mosby, St Louis, Missouri, pp. 249\u201355."},{"key":"ref050","doi-asserted-by":"publisher","DOI":"10.3109\/14767058.2015.1012062"},{"key":"ref051","doi-asserted-by":"publisher","DOI":"10.1016\/j.jpeds.2010.05.002"},{"key":"ref052","doi-asserted-by":"publisher","DOI":"10.1038\/pr.2012.201"},{"key":"ref053","doi-asserted-by":"publisher","DOI":"10.1542\/peds.2008-3249"},{"key":"ref054","doi-asserted-by":"publisher","DOI":"10.1159\/000360842"},{"key":"ref055","doi-asserted-by":"publisher","DOI":"10.23736\/S0026-4946.17.04965-9"},{"issue":"3","key":"ref056","first-page":"258","volume":"44","author":"Zhang JZ","year":"2015","journal-title":"Zhejiang Da Xue Xue Bao Yi Xue Ban"},{"key":"ref057","doi-asserted-by":"publisher","DOI":"10.1177\/1933719114542024"},{"key":"ref058","doi-asserted-by":"publisher","DOI":"10.1016\/0002-9378(95)91325-4"},{"key":"ref059","doi-asserted-by":"publisher","DOI":"10.1016\/j.placenta.2014.06.375"},{"key":"ref060","doi-asserted-by":"publisher","DOI":"10.1097\/01.AOG.0000437382.03963.88"},{"key":"ref061","doi-asserted-by":"publisher","DOI":"10.1542\/peds.103.3.599"},{"key":"ref062","doi-asserted-by":"publisher","DOI":"10.1097\/GCO.0000000000000249"},{"key":"ref063","doi-asserted-by":"publisher","DOI":"10.1016\/j.jgyn.2013.09.021"},{"key":"ref064","doi-asserted-by":"publisher","DOI":"10.1016\/j.earlhumdev.2010.01.020"},{"key":"ref065","unstructured":"Intrauterine Growth Restriction (Small for Gestational Age). In:GomellaTL, CunninghamMD, EyalFG, eds.Neonatology - Management, Procedures, On-Call Problems, Diseases, and Drugs, 7th edition. McGraw-Hill Education, New York, 2013, pp. 732\u201342."},{"key":"ref066","doi-asserted-by":"publisher","DOI":"10.1016\/j.ejogrb.2015.06.021"},{"key":"ref067","doi-asserted-by":"publisher","DOI":"10.1152\/ajplung.00197.2011"},{"key":"ref068","doi-asserted-by":"publisher","DOI":"10.1371\/journal.pone.0078326"}],"container-title":["Journal of Neonatal-Perinatal Medicine"],"original-title":[],"language":"en","link":[{"URL":"https:\/\/journals.sagepub.com\/doi\/pdf\/10.3233\/NPM-180129","content-type":"application\/pdf","content-version":"vor","intended-application":"text-mining"},{"URL":"https:\/\/journals.sagepub.com\/doi\/full-xml\/10.3233\/NPM-180129","content-type":"application\/xml","content-version":"vor","intended-application":"text-mining"},{"URL":"https:\/\/journals.sagepub.com\/doi\/pdf\/10.3233\/NPM-180129","content-type":"unspecified","content-version":"vor","intended-application":"similarity-checking"}],"deposited":{"date-parts":[[2025,3,10]],"date-time":"2025-03-10T15:28:45Z","timestamp":1741620525000},"score":1,"resource":{"primary":{"URL":"https:\/\/journals.sagepub.com\/doi\/10.3233\/NPM-180129"}},"subtitle":[],"short-title":[],"issued":{"date-parts":[[2019,6,25]]},"references-count":68,"journal-issue":{"issue":"4","published-print":{"date-parts":[[2020,1,4]]}},"alternative-id":["10.3233\/NPM-180129"],"URL":"https:\/\/doi.org\/10.3233\/npm-180129","relation":{},"ISSN":["1934-5798","1878-4429"],"issn-type":[{"value":"1934-5798","type":"print"},{"value":"1878-4429","type":"electronic"}],"subject":[],"published":{"date-parts":[[2019,6,25]]}}}