{"status":"ok","message-type":"work","message-version":"1.0.0","message":{"indexed":{"date-parts":[[2025,5,14]],"date-time":"2025-05-14T10:19:26Z","timestamp":1747217966378,"version":"3.40.5"},"reference-count":0,"publisher":"Revista da Abem","content-domain":{"domain":[],"crossmark-restriction":false},"short-container-title":["Revista da Abem"],"DOI":"10.33054\/abem20212907","type":"journal-article","created":{"date-parts":[[2021,11,20]],"date-time":"2021-11-20T01:16:22Z","timestamp":1637370982000},"page":"120-136","source":"Crossref","is-referenced-by-count":1,"title":["\u201cEu quero [ouvir] de novo!\u201d: o envolvimento criAtivo de crian\u00e7as de 5 anos na musicaliza\u00e7\u00e3o infantil"],"prefix":"10.33054","volume":"29","author":[{"ORCID":"https:\/\/orcid.org\/0000-0002-0799-0719","authenticated-orcid":false,"given":"Tiago","family":"Madalozzo","sequence":"first","affiliation":[]}],"member":"18496","published-online":{"date-parts":[[2021,11,19]]},"container-title":["Revista da Abem"],"original-title":[],"deposited":{"date-parts":[[2021,11,20]],"date-time":"2021-11-20T01:16:23Z","timestamp":1637370983000},"score":1,"resource":{"primary":{"URL":"http:\/\/abemeducacaomusical.com.br\/revistas\/revistaabem\/index.php\/revistaabem\/article\/view\/999\/604"}},"subtitle":[],"short-title":[],"issued":{"date-parts":[[2021,11,19]]},"references-count":0,"URL":"https:\/\/doi.org\/10.33054\/abem20212907","relation":{},"ISSN":["2358-033X"],"issn-type":[{"type":"electronic","value":"2358-033X"}],"subject":[],"published":{"date-parts":[[2021,11,19]]}}}