{"status":"ok","message-type":"work","message-version":"1.0.0","message":{"indexed":{"date-parts":[[2025,5,14]],"date-time":"2025-05-14T10:20:13Z","timestamp":1747218013403,"version":"3.40.5"},"reference-count":0,"publisher":"Fundacao Joaquim Nabuco","issue":"1","license":[{"start":{"date-parts":[[2019,3,26]],"date-time":"2019-03-26T00:00:00Z","timestamp":1553558400000},"content-version":"unspecified","delay-in-days":0,"URL":"https:\/\/creativecommons.org\/licenses\/by\/4.0\/"}],"content-domain":{"domain":[],"crossmark-restriction":false},"short-container-title":["CES"],"abstract":"<jats:p>Este ensaio tem como objetivo a explora\u00e7\u00e3o do modelo metodol\u00f3gico quadripolar de Bruyne, Herman e Schoutheete (1977), ressaltando sua import\u00e2ncia em pesquisas no \u00e2mbito qualitativo. Isso \u00e9 conduzido em reconhecimento do desafio de se investigar fen\u00f4menos sociais sem cair na objetiva\u00e7\u00e3o do que \u00e9 subjetivo e sem reduzir a atividade de pesquisa a uma simples busca por leis e vari\u00e1veis que regem os fen\u00f4menos sociais. Os quatro polos metodol\u00f3gicos para a pr\u00e1tica cient\u00edfica (te\u00f3rico, epistemol\u00f3gico, morfol\u00f3gico e t\u00e9cnico) podem ser utilizados tanto na investiga\u00e7\u00e3o quantitativa como na qualitativa, sem que entrem em choque os diferentes paradigmas abra\u00e7ados pelos dois tipos de abordagem. Em termos metodol\u00f3gicos, este trabalho se configura como um ensaio te\u00f3rico cient\u00edfico, cujo princ\u00edpio est\u00e1 nas reflex\u00f5es acerca de sistemas ou modelos. Assim, diferentemente da forma classificat\u00f3ria convencional, n\u00e3o adota a divis\u00e3o cl\u00e1ssica de um artigo cient\u00edfico: a orienta\u00e7\u00e3o \u00e9 dada n\u00e3o pela busca de respostas verdadeiras, mas pelas quest\u00f5es que orientam o leitor a reflex\u00f5es profundas. Em suma, conclui-se que a abordagem qualitativa, por ser eminentemente indutiva, aproxima-se perigosamente do senso comum e a utiliza\u00e7\u00e3o de modelos como o quadripolar pode evitar que o senso comum interfira no processo de constru\u00e7\u00e3o do conhecimento cient\u00edfico, principalmente em virtude da clareza de defini\u00e7\u00e3o dos polos.<\/jats:p>","DOI":"10.33148\/ces2595-4091v.34n.120191736","type":"journal-article","created":{"date-parts":[[2020,7,7]],"date-time":"2020-07-07T17:52:43Z","timestamp":1594144363000},"source":"Crossref","is-referenced-by-count":0,"title":["O MODELO METODOL\u00d3GICO QUADRIPOLAR EM PESQUISAS QUALITATIVAS NAS CI\u00caNCIAS SOCIAIS"],"prefix":"10.33148","volume":"34","author":[{"ORCID":"https:\/\/orcid.org\/0000-0002-3570-8864","authenticated-orcid":false,"given":"Diego de Queiroz","family":"Machado","sequence":"first","affiliation":[]},{"given":"F\u00e1tima Regina Ney","family":"Matos","sequence":"additional","affiliation":[]},{"given":"Maria Manuel","family":"Baptista","sequence":"additional","affiliation":[]},{"given":"Rafael Fernandes de","family":"Mesquita","sequence":"additional","affiliation":[]}],"member":"18632","published-online":{"date-parts":[[2019,3,26]]},"container-title":["Cadernos de Estudos Sociais"],"original-title":[],"link":[{"URL":"https:\/\/fundaj.emnuvens.com.br\/CAD\/article\/download\/1736\/O%20MODELO%20METODOL%C3%93GICO%20QUADRIPOLAR%20EM%20PESQUISAS%20QUALITATIVAS%20NAS%20CI%C3%8ANCIAS%20SOCIAIS","content-type":"application\/pdf","content-version":"vor","intended-application":"text-mining"},{"URL":"https:\/\/fundaj.emnuvens.com.br\/CAD\/article\/download\/1736\/O%20MODELO%20METODOL%C3%93GICO%20QUADRIPOLAR%20EM%20PESQUISAS%20QUALITATIVAS%20NAS%20CI%C3%8ANCIAS%20SOCIAIS","content-type":"unspecified","content-version":"vor","intended-application":"similarity-checking"}],"deposited":{"date-parts":[[2020,9,10]],"date-time":"2020-09-10T21:47:08Z","timestamp":1599774428000},"score":1,"resource":{"primary":{"URL":"https:\/\/fundaj.emnuvens.com.br\/CAD\/article\/view\/1736"}},"subtitle":[],"short-title":[],"issued":{"date-parts":[[2019,3,26]]},"references-count":0,"journal-issue":{"issue":"1","published-online":{"date-parts":[[2019,3,26]]}},"URL":"https:\/\/doi.org\/10.33148\/ces2595-4091v.34n.120191736","relation":{},"ISSN":["2595-4091","0102-4248"],"issn-type":[{"type":"electronic","value":"2595-4091"},{"type":"print","value":"0102-4248"}],"subject":[],"published":{"date-parts":[[2019,3,26]]}}}