{"status":"ok","message-type":"work","message-version":"1.0.0","message":{"indexed":{"date-parts":[[2025,11,26]],"date-time":"2025-11-26T21:28:19Z","timestamp":1764192499600,"version":"3.37.3"},"reference-count":42,"publisher":"Revista Paulista de Enfermagem-REPEn","license":[{"start":{"date-parts":[[2019,10,10]],"date-time":"2019-10-10T00:00:00Z","timestamp":1570665600000},"content-version":"unspecified","delay-in-days":0,"URL":"https:\/\/creativecommons.org\/licenses\/by\/4.0"}],"content-domain":{"domain":[],"crossmark-restriction":false},"short-container-title":["Rev Paul Enferm"],"abstract":"<jats:p>Objetivos: Conhecer a literatura cient\u00edfica existente sobre o impacto do aparecimento da dem\u00eancia; identificar os diferentes membros do agregado familiar que t\u00eam sido alvo de estudo; identificar as metodologias utilizadas e conhecer as dimens\u00f5es do impacto da dem\u00eancia na fam\u00edlia. M\u00e9todo: Scoping Review inspirada nos princ\u00edpios preconizados pelo Joanna Briggs Institute. Dois revisores independentes realizaram a an\u00e1lise de relev\u00e2ncia dos artigos, a extra\u00e7\u00e3o e s\u00edntese dos dados. Ap\u00f3s a sele\u00e7\u00e3o, constituiu-se um corpus de an\u00e1lise, composto por 27 estudos. Resultados: Os cuidados \u00e0s pessoas com dem\u00eancia s\u00e3o assegurados por cuidadores informais, na sua grande maioria mulheres, destacando-se o papel das esposas, filhas e noras. O impacto resultante do surgimento desta doen\u00e7a tem sido amplamente estudado, com incid\u00eancia, nas repercuss\u00f5es positivas e negativas que adv\u00eam do cuidar. Conclus\u00e3o: N\u00e3o s\u00f3 o cuidador informal, mas tamb\u00e9m a restante fam\u00edlia t\u00eam especial interesse pelo bem-estar, sa\u00fade e doen\u00e7a dos seus membros, tornando-se importante envolv\u00ea-la como parte integrante da investiga\u00e7\u00e3o e da pr\u00e1tica de cuidados de Enfermagem.<\/jats:p>","DOI":"10.33159\/25959484.repen.2019v30a4","type":"journal-article","created":{"date-parts":[[2019,11,4]],"date-time":"2019-11-04T18:11:21Z","timestamp":1572891081000},"page":"1-15","source":"Crossref","is-referenced-by-count":1,"title":["Impacto do Transtorno Neurocognitivo na Fam\u00edlia","The Impact of Neurocognitive Disorder in the Family","Impacto del Transtorno Neurocognitivo en la Familia"],"prefix":"10.33159","volume":"30","author":[{"given":"Mafalda Sofia Gomes Oliveira da","family":"Silva","sequence":"first","affiliation":[]},{"given":"Lu\u00eds Oct\u00e1vio de","family":"S\u00e1","sequence":"additional","affiliation":[]},{"given":"Goreti Filipa Silva","family":"Marques","sequence":"additional","affiliation":[]}],"member":"18657","published-online":{"date-parts":[[2019,10,10]]},"reference":[{"key":"15814","unstructured":"HelpAge International. Ageing in the 21st Century: A Celebration and a Challenge. 2017; Accessed in: http:\/\/www.helpage.org\/resources\/ageing-in-the-21st-century-a-celebration-and-a-challenge\/"},{"key":"15815","unstructured":"Sequeira C. Cuidar de idosos com depend\u00eancia f\u00edsica e mental. 2018; Lidel 2\u00aaedi\u00e7\u00e3o. Edi\u00e7\u00f5es T\u00e9cnicas."},{"key":"15816","doi-asserted-by":"crossref","unstructured":"Figueiredo M, Martins M. Avalia\u00e7\u00e3o Familiar: Do Modelo de Calgary de Avalia\u00e7\u00e3o da Fam\u00edlia aos focos da pr\u00e1tica de enfermagem. Ci\u00eancia, Cuidado e Sa\u00fade. 2013; 9 (3): 552-559","DOI":"10.4025\/cienccuidsaude.v9i3.12559"},{"key":"15817","doi-asserted-by":"crossref","unstructured":"Mendes C, Santos A. The care in Alzheimer\u2019s disease: social representations of family caregivers. 2016; Sa\u00fade Soc. S\u00e3o Paulo, v.25 (1): 121-132. DOI:10.1590\/S0104-12902015142591","DOI":"10.1590\/S0104-12902015142591"},{"key":"15818","unstructured":"Sousa L, Patr\u00e3o M, Vicente H. Fam\u00edlias e Envelhecimento: O \u00daltimo Est\u00e1dio Do Ciclo De Vida. In C. Pa\u00fal, & O. Ribeiro, Manual de Gerontologia. Aspetos biocomportamentais, psicol\u00f3gicos e sociais do envelhecimento. 2012; 255-271. Lisboa: Lidel - edi\u00e7\u00f5es t\u00e9cnicas Lda."},{"key":"15819","unstructured":"Peters MDJ, Godfrey C, McInerney P, Baldini Soares C, Khalil H, Parker D. Chapter 11: Scoping Reviews. In: Aromataris E, Munn Z (Editors). Joanna Briggs Institute Reviewer\u2019s Manual. The Joanna Briggs Institute, 2017."},{"key":"15820","doi-asserted-by":"crossref","unstructured":"Armstrong R, Hall BJ, Doyle J, Waters E. Cochrane Update \u2018Scoping the scope\u2019 of a cochrane review. J Public Health. 2011; 33(1):147-50.","DOI":"10.1093\/pubmed\/fdr015"},{"key":"15821","doi-asserted-by":"crossref","unstructured":"Fernandes C, Margareth A, Martins, MM. Family caregivers of dependent elderly: same needs, different contexts \u2013 a focus group analysis. Geriatr Gerontol Aging. 2018; 12(1):31-7.","DOI":"10.5327\/Z2447-211520181800008"},{"key":"15822","doi-asserted-by":"crossref","unstructured":"Correia A, Teixeira J, Oliveira, M, Magalh\u00e3es S, Gomes V, Novais S. CuidaOAZ: Satisfa\u00e7\u00e3o dos cuidadores familiares de idosos dependentes em oliveira de azem\u00e9is. Revista de Investiga\u00e7\u00e3o & Inova\u00e7\u00e3o em Sa\u00fade, 2018; 1(2): 13-22.","DOI":"10.37914\/riis.v1i2.38"},{"key":"15823","unstructured":"Oliveira l, Oliveira C, Santos A, Carvalho A, Gallotti F. Impacto da Doen\u00e7a de Alzheimer para o familiar cuidador: Uma revis\u00e3o integrativa. International nursing congresso. Theme: Good practices of nursing representations In the construction of society. 2017."},{"key":"15824","doi-asserted-by":"crossref","unstructured":"Farina N, Page T, Daley S, Brown A, Bowling A, Basset T, Livingston G, Knapp M, Murray J, Banerjee S. Factors associated with the quality of life of family carers of people with dementia: A systematic review. Alzheimer\u2019s & Dementia. 2017; (13): 572-581","DOI":"10.1016\/j.jalz.2016.12.010"},{"key":"15825","doi-asserted-by":"crossref","unstructured":"Chen CK, Clayton K, Chodosh J. The Relationship Between \u201cWhat We Believe\u201d and \u201cHow We Care\u201d Among Daughters Caring for a Parent With Dementia. American Journal of Alzheimer\u2019s Disease & Other Dementias\u00ae 2017, Vol. 32(2): 90-95. DOI:10.1177\/1533317517689875","DOI":"10.1177\/1533317517689875"},{"key":"15826","doi-asserted-by":"crossref","unstructured":"Bjorge H, Kvaal K, Smastuen MC, Ulstein I. Relationship Quality and Distress in Caregivers of Persons With Dementia: A Cross-Sectional Study. American Journal of Alzheimer\u2019s Disease & Other Dementias\u00ae 2017, Vol. 32(3): 157-165. DOI: 10.1177\/1533317517691121.","DOI":"10.1177\/1533317517691121"},{"key":"15827","doi-asserted-by":"crossref","unstructured":"Weisman A, Weintraub MJ, Gurak K, Maura J, Andino AM, Brown CA. Free will perceptions, religious coping, and other mental health outcomes in caregivers of individuals with dementia. Journal of Religion, Spirituality & Aging Oct-Dec. 2017; Vol. 29 (4): 226-247.","DOI":"10.1080\/15528030.2016.1193096"},{"key":"15828","doi-asserted-by":"crossref","unstructured":"Ces\u00e1rio VAC, Leal MCC, Marques APO, Claudino KA. Estresse e qualidade de vida do cuidador familiar de idoso portador da doen\u00e7a de Alzheimer. Sa\u00fade debate rio de janeiro. 2017; V. 41 (112): 171-182.","DOI":"10.1590\/0103-1104201711214"},{"key":"15829","doi-asserted-by":"crossref","unstructured":"Marins AMF, Silva JO. Comportamento do idoso com doen\u00e7a de Alzheimer: reflex\u00f5es \u00e0 luz do interacionismo simb\u00f3lico. Revista de Enfermagemdo Centro Oeste Mineiro. 2017; 7: e2484DOI: 10.19175\/recom. 7i0.2484","DOI":"10.19175\/recom.v7i0.2484"},{"key":"15830","unstructured":"Baggio C, Pedrosa AF. O impacto da doen\u00e7a de alzheimer no cuidador: reflex\u00f5es sobre degenera\u00e7\u00e3o e desequil\u00edbrio familiar. Revista Conversatio Volume 2 \u2013 N\u00famero 2 \u2013 Edi\u00e7\u00e3o Especial \u2013 Jan\/Jun. 2017; ISSN 2525-9709"},{"key":"15831","doi-asserted-by":"crossref","unstructured":"Leite BS; Camacho ACLF; Queiroz RS. A vulnerabilidade dos cuidadores de idosos com dem\u00eancia: revis\u00e3o integrativa. Rev Fund Care Online. 2017; 9(3): 888-892. DOI: http:\/\/dx.doi.org\/10.9789\/2175-5361.2017.v9i3.888-892","DOI":"10.9789\/2175-5361.2017.v9i3.888-892"},{"key":"15832","doi-asserted-by":"crossref","unstructured":"Folle AD, Shimizu HE, Naves JOS. Social representation of Alzheimer\u2019s disease for family caregivers: stressful and rewarding. Rev Esc Enferm USP. 2016; 50(1):79-85.","DOI":"10.1590\/S0080-623420160000100011"},{"key":"15833","doi-asserted-by":"crossref","unstructured":"Zauszniewski JA, Lekhak N, Burant CJ, Underwood PW, Morris DL. Resourcefulness Training for Dementia Caregivers: Establishing Fidelity. Western Journal of Nursing Research. 2016; 38(12):1554-1573. http:\/\/doi.org\/10.1177\/0193945916655798","DOI":"10.1177\/0193945916655798"},{"key":"15834","doi-asserted-by":"crossref","unstructured":"Manzini C, Brigola AG, Pavarini SCI, Vale FAC. Fatores associados \u00e0 resili\u00eancia de cuidador familiar de pessoa com dem\u00eancia: revis\u00e3o sistem\u00e1tica. Rev. BRas. Geriatr. Gerontol., Rio de Janeiro. 2016; 19(4):703-714","DOI":"10.1590\/1809-98232016019.150117"},{"key":"15835","doi-asserted-by":"crossref","unstructured":"Kupeli N, Leavey G, Moore K, Harrington J, Lord K, King M, Nazareth I, Sampson EL, Jones, L. Context, mechanisms and outcomes in end of life care for people with advanced dementia. BMC Palliative Care. 2016; 15:31 DOI 10.1186\/s12904-016-0103-x","DOI":"10.1186\/s12904-016-0103-x"},{"key":"15836","doi-asserted-by":"crossref","unstructured":"Chiao CY, Wu HS, Hsiao CY. Caregiver burden for informal caregivers of patients with dementia: A systematic review. Int Nurs Ver. 2015; 62: 340-350.","DOI":"10.1111\/inr.12194"},{"key":"15837","doi-asserted-by":"crossref","unstructured":"Alvira MC, Risco E, Cabrera E, Farr\u00e9 M, Hallberg IR, Bleijlevens MHC, Meyer G, Koskenniemi J, Soto M, Zabalegui A. On behalf of the Right Time Place Care Consortium. The association between positive\u2013negative reactions of informal caregivers of people with dementia and health outcomes in eight European countries: a cross-sectional study. Journal of Advanced Nursing. 2014; 00(0), 000\u2013000. doi: 10.1111\/jan.12528","DOI":"10.1111\/jan.12528"},{"key":"15838","unstructured":"Gilson GC, Teixeira OS, Novak JC, Galhardi M. Health impacts of the family caregiver of people with alzheimer\u2019s disease: a literature review. Revista Ci\u00eancia e Estudos Acad\u00eamicos de Medicina - N\u00famero 3.Universidade do Estado de Mato Grosso - UNEMAT (C\u00e1ceres). 2015: 57-71."},{"key":"15839","doi-asserted-by":"crossref","unstructured":"Matsushita M, Ishikawa T, Koyama A, Hasegawa N, Ichimi N, Yano H, Hashimoto M, Fujii N, Ikeda M. Is sense of coherence helpful in coping with caregiver burden for dementia? Psychogeriatrics. 2014; vol. 14: 87\u201392","DOI":"10.1111\/psyg.12050"},{"key":"15840","doi-asserted-by":"crossref","unstructured":"Gibson R, Gander P, Jones L. Understanding the sleep problems of people with dementia and their family caregivers. Dementia. 2014; Vol. 13(3): 350-365","DOI":"10.1177\/1471301212473884"},{"key":"15841","doi-asserted-by":"crossref","unstructured":"Crellin EN, Orrell M, McDermott O, Charlesworth G. Aging & Mental Health. 2014; Vol. 18 (8): 954-969, http:\/\/dx.doi.org\/10.1080\/13607863.2014.915921","DOI":"10.1080\/13607863.2014.915921"},{"key":"15842","unstructured":"Seima MD. Rela\u00e7\u00e3o no cuidado entre o cuidador familiar e o idoso com Alzheimer. Revista Brasileira de Enfermagem. 2014; 2ed., vol. 67: 233-240."},{"key":"15843","doi-asserted-by":"crossref","unstructured":"Bremenkamp MG, Rodrigues LR, Lage RR, Laks J, Cabral HWS, Morelato RL. Sintomas neuropsiqui\u00e1tricos na doen\u00e7a de Alzheimer: frequ\u00eancia, correla\u00e7\u00e3o e ansiedade do cuidador. Rev. Bras. Geriatr. Gerontol., Rio de Janeiro. 2014; 17(4):763-773.","DOI":"10.1590\/1809-9823.2014.13192"},{"key":"15844","doi-asserted-by":"crossref","unstructured":"Llanque S, Savage L, Rosenburg N, Honor\u2019s B, Caserta M. Concept Analysis: Alzheimer\u2019s Caregiver Stress. Nursing Forum. 2014; 51(1): 21\u201331. http:\/\/doi.org\/10.1111\/nuf.12090","DOI":"10.1111\/nuf.12090"},{"key":"15845","unstructured":"Neumann S, Dias C. Alzheimer\u2019s disease: what changes in the lifestyle of family caregiver? Revista Psicologia e Sa\u00fade. 2013; v. 5 (1): 10-17."},{"key":"15846","doi-asserted-by":"crossref","unstructured":"Rocha B, Pacheco J. Idoso em situa\u00e7\u00e3o de depend\u00eancia: estresse e coping do cuidador informal. Acta Paul Enferm.2013; 26(1):50-6.","DOI":"10.1590\/S0103-21002013000100009"},{"key":"15847","doi-asserted-by":"crossref","unstructured":"Andrade CC, Brasil MC. Reconfigura\u00e7\u00e3o de campo do familiar cuidador do portador de alzheimer. Psicologia em Estudo, Maring\u00e1. 2013; v. 18 (4): 713-723.","DOI":"10.1590\/S1413-73722013000400013"},{"key":"15848","doi-asserted-by":"crossref","unstructured":"Oliveira AP, Caldana R. As Repercuss\u00f5es do Cuidado na Vida do Cuidador Familiar do Idoso com Dem\u00eancia de Alzheimer. Sa\u00fade Soc. S\u00e3o Paulo. 2012; v.21 (3): 675-685.","DOI":"10.1590\/S0104-12902012000300013"},{"key":"15849","doi-asserted-by":"crossref","unstructured":"Baptista BO, Beuter M, Girardon-Perlini NMO, Brondani CM, Bud\u00f3 MLD, Santos NO. A sobrecarga do familiar cuidador no \u00e2mbito domiciliar: uma revis\u00e3o integrativa da literatura. Rev. Ga\u00facha Enferm., Porto Alegre (RS). 2012; 33 (1):147-56.","DOI":"10.1590\/S1983-14472012000100020"},{"key":"15850","doi-asserted-by":"crossref","unstructured":"Chumbler NR, Rittman M, Van Puymbroeck M, Vogel WB, Qnin H. The sense of coherence, burden and depressive symtoms in informal caregivers during the first month after stroke. International Journal of Geriatric Psychiatry. 2004; 19 (10): 944-953.","DOI":"10.1002\/gps.1187"},{"key":"15851","unstructured":"38. Ducharme F, Lebel P, Bergman H. Vieillissement et soins, l\u2019urgence d\u2019offrir des services de sant\u00e9 integr\u00e9s aux familles du XXI si\u00e8cle. Ruptures, revue transdiciplinaire en sant\u00e9. 2001; 8(2): 110-121."},{"key":"15852","doi-asserted-by":"crossref","unstructured":"40. Matos PCB, Decesaro MN. Caracter\u00edsticas de idosos acometidos pela doen\u00e7a de Alzheimer e seus familiares cuidadores principais. Rev. Eletr. Enf., Goi\u00e2nia. 2012; v. 14 (4): 857-65.","DOI":"10.5216\/ree.v14i4.14775"},{"key":"15853","unstructured":"41. Andrade LM. Suporte familiar ao cuidador da pessoa com Doen\u00e7a de Alzheimer. Revista Kair\u00f3s Gerontologia. 2014; 4 ed. vol.17: 275-295."},{"key":"15854","doi-asserted-by":"crossref","unstructured":"42. Pestana LC, Caldas CP. Cuidados de enfermagem ao idoso com Dem\u00eancia que apresenta sintomas comportamentais. Rev. Bras. Enferm. 2009; 62(4).","DOI":"10.1590\/S0034-71672009000400015"},{"key":"15855","doi-asserted-by":"crossref","unstructured":"43. Garces SB, Krug M, Hansen D, Brunelli A, Costa F, Rosa C, Bianchi P, Mattos C, Seibel R. Avalia\u00e7\u00e3o da resili\u00eancia do cuidador de idosos com Alzheimer. Rev. Bras. Geriatr. Gerontol., Rio de Janeiro. 2012; 15 (2): 335-352.","DOI":"10.1590\/S1809-98232012000200016"}],"container-title":["Revista Paulista de Enfermagem"],"original-title":[],"link":[{"URL":"https:\/\/periodicos.abennacional.org.br\/repen\/article\/download\/427\/378","content-type":"application\/pdf","content-version":"vor","intended-application":"text-mining"},{"URL":"https:\/\/periodicos.abennacional.org.br\/repen\/article\/download\/427\/378","content-type":"unspecified","content-version":"vor","intended-application":"similarity-checking"}],"deposited":{"date-parts":[[2024,10,15]],"date-time":"2024-10-15T00:00:52Z","timestamp":1728950452000},"score":1,"resource":{"primary":{"URL":"https:\/\/periodicos.abennacional.org.br\/repen\/article\/view\/427"}},"subtitle":["Scoping Review","A Scoping Review"],"short-title":[],"issued":{"date-parts":[[2019,10,10]]},"references-count":42,"URL":"https:\/\/doi.org\/10.33159\/25959484.repen.2019v30a4","relation":{},"ISSN":["2595-9484"],"issn-type":[{"type":"electronic","value":"2595-9484"}],"subject":[],"published":{"date-parts":[[2019,10,10]]}}}