{"status":"ok","message-type":"work","message-version":"1.0.0","message":{"indexed":{"date-parts":[[2026,2,9]],"date-time":"2026-02-09T11:39:42Z","timestamp":1770637182095,"version":"3.49.0"},"reference-count":0,"publisher":"Associacao Portuguesa dos Enfermeiros de Reabilitacao","issue":"3","license":[{"start":{"date-parts":[[2025,8,1]],"date-time":"2025-08-01T00:00:00Z","timestamp":1754006400000},"content-version":"unspecified","delay-in-days":0,"URL":"https:\/\/creativecommons.org\/licenses\/by-nc-nd\/4.0"}],"content-domain":{"domain":[],"crossmark-restriction":false},"short-container-title":["Rev Port Enf Reab"],"abstract":"<jats:p>Introdu\u00e7\u00e3o: A doen\u00e7a coron\u00e1ria isqu\u00e9mica apresenta uma alta taxa de mortalidade e incapacidade associada. A determina\u00e7\u00e3o da capacidade para o exerc\u00edcio \u00e9 um passo fundamental na planifica\u00e7\u00e3o do treino de exerc\u00edcio ao longo do programa de reabilita\u00e7\u00e3o card\u00edaca, permitindo assim reduzir o impacto negativo desta doen\u00e7a. O objetivo deste estudo \u00e9 determinar a capacidade para o exerc\u00edcio ap\u00f3s evento isqu\u00e9mico agudo e perceber se a mesma se encontra significativamente alterada face aos valores de refer\u00eancia.\nMetodologia: Estudo transversal retrospetivo, com amostragem n\u00e3o probabil\u00edstica de conveni\u00eancia, recorrendo \u00e0 avalia\u00e7\u00e3o da Prova de 6 minutos de marcha ap\u00f3s s\u00edndrome coron\u00e1rio agudo com e sem supradesnivelamento do segmento ST, para caracteriza\u00e7\u00e3o da capacidade para o exerc\u00edcio em doentes ap\u00f3s evento agudo. Comparou-se a dist\u00e2ncia percorrida com a dist\u00e2ncia te\u00f3rica prevista com base na equa\u00e7\u00e3o de Enright, sendo verificado se a diferen\u00e7a resultante destes dois par\u00e2metros \u00e9 diferente para os grupos de doentes com e sem supradesnivelamento do segmento ST.\nResultados: Foram inclu\u00eddos 315 doentes no estudo, 76.2% do sexo masculino (n=240), com idade m\u00e9dia de 62 anos (dp=11.6). Verificou-se uma diminui\u00e7\u00e3o da dist\u00e2ncia percorrida face \u00e0 dist\u00e2ncia preditiva em ambos os grupos (com e sem supradesnivelamento ST), sendo esta mais acentuada no grupo com supradesnivelamento ST (p=0.039). \u00a0\u00a0\nDiscuss\u00e3o: A diferen\u00e7a decorrente das avalia\u00e7\u00f5es pressup\u00f5e uma perda funcional, provavelmente decorrente do internamento pelo evento agudo. Deste modo, uma determina\u00e7\u00e3o real do n\u00edvel funcional ir\u00e1 permitir uma planifica\u00e7\u00e3o mais ajustada do plano de treino de exerc\u00edcio atendendo ao evento que levou ao internamento. A utiliza\u00e7\u00e3o dos valores de refer\u00eancia com base nas equa\u00e7\u00f5es existentes n\u00e3o parece estar ajustada \u00e0 realidade e \u00e0s necessidades dos doentes.\nConclus\u00e3o: As equa\u00e7\u00f5es preditivas existentes sobrestimam a capacidade para o exerc\u00edcio de doentes ap\u00f3s evento coron\u00e1rio isqu\u00e9mico agudo. Sugere-se a determina\u00e7\u00e3o de uma nova equa\u00e7\u00e3o que permita estimar a real capacidade para o exerc\u00edcio para esta tipologia de doentes.<\/jats:p>","DOI":"10.33194\/rper.2025.40863","type":"journal-article","created":{"date-parts":[[2026,2,8]],"date-time":"2026-02-08T16:05:24Z","timestamp":1770566724000},"page":"e40863","source":"Crossref","is-referenced-by-count":0,"title":["Reabilita\u00e7\u00e3o Card\u00edaca no doente coron\u00e1rio isqu\u00e9mico: determina\u00e7\u00e3o da capacidade para o exerc\u00edcio","Cardiac Rehabilitation in coronary ischemic patients: determination of exercise capacity","Rehabilitaci\u00f3n Card\u00edaca en pacientes coronarios isqu\u00e9micos: determinaci\u00f3n de la capacidad de ejercicio"],"prefix":"10.33194","volume":"8","author":[{"ORCID":"https:\/\/orcid.org\/0000-0002-6847-1314","authenticated-orcid":false,"given":"Bruno","family":"Delgado","sequence":"first","affiliation":[]},{"ORCID":"https:\/\/orcid.org\/0000-0003-0059-768X","authenticated-orcid":false,"given":"Jose","family":"Moreira","sequence":"additional","affiliation":[]},{"ORCID":"https:\/\/orcid.org\/0000-0002-3125-5714","authenticated-orcid":false,"given":"Ivo","family":"Lopes","sequence":"additional","affiliation":[]},{"ORCID":"https:\/\/orcid.org\/0009-0005-9858-6621","authenticated-orcid":false,"given":"Ana","family":"Pereira","sequence":"additional","affiliation":[]},{"ORCID":"https:\/\/orcid.org\/0009-0008-0201-5165","authenticated-orcid":false,"given":"F\u00e1tima","family":"Rodrigues","sequence":"additional","affiliation":[]},{"ORCID":"https:\/\/orcid.org\/0000-0002-0055-8261","authenticated-orcid":false,"given":"Liliana","family":"Silva","sequence":"additional","affiliation":[]}],"member":"18641","published-online":{"date-parts":[[2025,8,1]]},"container-title":["Revista Portuguesa de Enfermagem de Reabilita\u00e7\u00e3o"],"original-title":[],"link":[{"URL":"https:\/\/revistas.rcaap.pt\/rper\/article\/download\/40863\/29248","content-type":"application\/pdf","content-version":"vor","intended-application":"text-mining"},{"URL":"https:\/\/revistas.rcaap.pt\/rper\/article\/download\/40863\/29248","content-type":"unspecified","content-version":"vor","intended-application":"similarity-checking"}],"deposited":{"date-parts":[[2026,2,8]],"date-time":"2026-02-08T16:05:24Z","timestamp":1770566724000},"score":1,"resource":{"primary":{"URL":"https:\/\/revistas.rcaap.pt\/rper\/article\/view\/40863"}},"subtitle":[],"short-title":[],"issued":{"date-parts":[[2025,8,1]]},"references-count":0,"journal-issue":{"issue":"3","published-online":{"date-parts":[[2025,8,24]]}},"URL":"https:\/\/doi.org\/10.33194\/rper.2025.40863","relation":{},"ISSN":["2184-3023","2184-965X"],"issn-type":[{"value":"2184-3023","type":"electronic"},{"value":"2184-965X","type":"print"}],"subject":[],"published":{"date-parts":[[2025,8,1]]}}}