{"status":"ok","message-type":"work","message-version":"1.0.0","message":{"indexed":{"date-parts":[[2025,5,14]],"date-time":"2025-05-14T10:36:44Z","timestamp":1747219004533,"version":"3.40.5"},"reference-count":0,"publisher":"Laborare","issue":"9","license":[{"start":{"date-parts":[[2022,8,1]],"date-time":"2022-08-01T00:00:00Z","timestamp":1659312000000},"content-version":"unspecified","delay-in-days":0,"URL":"https:\/\/creativecommons.org\/licenses\/by-nc-sa\/4.0"}],"content-domain":{"domain":[],"crossmark-restriction":false},"short-container-title":["Laborare"],"abstract":"<jats:p>Neste texto presta-se um tributo ao trabalho enquanto valor humano, fator de identidade e integra\u00e7\u00e3o social e profissional. Al\u00e9m de se reconhecer o seu legado hist\u00f3rico, colocam-se em confronto as tens\u00f5es entre utopias e realidades do trabalho. Numa an\u00e1lise comparada entre as realidades laborais portuguesa e brasileira, enunciam-se um conjunto de transforma\u00e7\u00f5es ocorridas nos mercados laborais dos dois pa\u00edses, as quais, tendo como epicentro a precariedade contempor\u00e2nea, s\u00e3o uma esp\u00e9cie de antec\u00e2mara que anuncia o afastamento da dignidade laboral. Consequentemente, s\u00e3o analisadas formas de escravatura contempor\u00e2neas nos dois contextos, uma mais situada, no quadro da atividade agr\u00edcola em Portugal e outra, no contexto brasileiro, um pouco mais difusa e inscrita no tecido social brasileiro. Conclui-se o texto com a necessidade de adotar urgentes medidas que visem dignificar o trabalho e que dependem da vontade e mobiliza\u00e7\u00e3o de m\u00faltiplos protagonistas.<\/jats:p>","DOI":"10.33637\/2595-847x.2022-139","type":"journal-article","created":{"date-parts":[[2022,8,1]],"date-time":"2022-08-01T16:27:28Z","timestamp":1659371248000},"page":"72-91","source":"Crossref","is-referenced-by-count":0,"title":["Da precariedade ao trabalho escravo: retratos contempor\u00e2neos luso-brasileiros"],"prefix":"10.33637","volume":"5","author":[{"ORCID":"https:\/\/orcid.org\/0000-0001-7873-4440","authenticated-orcid":false,"given":"Hermes Augusto","family":"Costa","sequence":"first","affiliation":[]},{"ORCID":"https:\/\/orcid.org\/0000-0002-8454-2047","authenticated-orcid":false,"given":"Eduardo Antonio Resende","family":"Homem da Costa","sequence":"additional","affiliation":[]}],"member":"19373","published-online":{"date-parts":[[2022,8,1]]},"container-title":["Laborare"],"original-title":[],"link":[{"URL":"https:\/\/revistalaborare.org\/index.php\/laborare\/article\/download\/139\/149","content-type":"application\/pdf","content-version":"vor","intended-application":"text-mining"},{"URL":"https:\/\/revistalaborare.org\/index.php\/laborare\/article\/download\/139\/149","content-type":"unspecified","content-version":"vor","intended-application":"similarity-checking"}],"deposited":{"date-parts":[[2022,8,1]],"date-time":"2022-08-01T16:27:28Z","timestamp":1659371248000},"score":1,"resource":{"primary":{"URL":"https:\/\/revistalaborare.org\/index.php\/laborare\/article\/view\/139"}},"subtitle":[],"short-title":[],"issued":{"date-parts":[[2022,8,1]]},"references-count":0,"journal-issue":{"issue":"9","published-online":{"date-parts":[[2022,8,1]]}},"URL":"https:\/\/doi.org\/10.33637\/2595-847x.2022-139","relation":{},"ISSN":["2595-847X"],"issn-type":[{"type":"electronic","value":"2595-847X"}],"subject":[],"published":{"date-parts":[[2022,8,1]]}}}