{"status":"ok","message-type":"work","message-version":"1.0.0","message":{"indexed":{"date-parts":[[2025,10,10]],"date-time":"2025-10-10T01:33:35Z","timestamp":1760060015466,"version":"build-2065373602"},"reference-count":81,"publisher":"MDPI AG","issue":"8","license":[{"start":{"date-parts":[[2025,7,25]],"date-time":"2025-07-25T00:00:00Z","timestamp":1753401600000},"content-version":"vor","delay-in-days":0,"URL":"https:\/\/creativecommons.org\/licenses\/by\/4.0\/"}],"content-domain":{"domain":[],"crossmark-restriction":false},"short-container-title":["Information"],"abstract":"<jats:p>Information and Communication Technologies (ICTs) are increasingly necessary in the educational context. Digital resources could support socio-educational practices to intervene with vulnerable groups, such as people with disabilities, and improve their accessibility and inclusion. This study aims to analyse educators\u2019 perceptions of ICT resources for socio-educational intervention with people with disabilities, as well as to determine their training needs and the possibilities and risks derived from their use. A qualitative methodology has been used to analyse the content of 12 semi-structured interviews with social educators. All of them work with students with disabilities in the extracurricular field. Based on the results, the educators habitually use popular digital devices, such as computers. They regularly search for content on the internet to obtain and disseminate ideas, perceiving an adequate domain. However, there is a need for training on specific digital resources to intervene with students with disabilities. The study highlights the need to investigate the causes that may limit some ICT uses by educators and foster the design of specific training programmes to harness the potential of ICT in socio-educational intervention.<\/jats:p>","DOI":"10.3390\/info16080634","type":"journal-article","created":{"date-parts":[[2025,7,25]],"date-time":"2025-07-25T08:13:31Z","timestamp":1753431211000},"page":"634","update-policy":"https:\/\/doi.org\/10.3390\/mdpi_crossmark_policy","source":"Crossref","is-referenced-by-count":0,"title":["ICT Use by Educators for Addressing Diversity"],"prefix":"10.3390","volume":"16","author":[{"ORCID":"https:\/\/orcid.org\/0000-0001-7074-5890","authenticated-orcid":false,"given":"Mar\u00eda-Carmen","family":"Ricoy","sequence":"first","affiliation":[{"name":"Faculty of Education and Social Work, Universidade de Vigo, 32004 Ourense, Spain"}],"role":[{"role":"author","vocabulary":"crossref"}]},{"given":"Vanessa","family":"Fern\u00e1ndez-Prados","sequence":"additional","affiliation":[{"name":"Independent Researcher, 32004 Ourense, Spain"}],"role":[{"role":"author","vocabulary":"crossref"}]},{"ORCID":"https:\/\/orcid.org\/0000-0001-6300-2888","authenticated-orcid":false,"given":"Joseba","family":"Delgado-Parada","sequence":"additional","affiliation":[{"name":"Faculty of Education and Social Work, Universidade de Vigo, 32004 Ourense, Spain"}],"role":[{"role":"author","vocabulary":"crossref"}]}],"member":"1968","published-online":{"date-parts":[[2025,7,25]]},"reference":[{"key":"ref_1","unstructured":"(2025, June 12). Charter of Fundamental Rights of the European Union (2000\/C 364\/01). Available online: https:\/\/www.europarl.europa.eu\/charter\/pdf\/text_en.pdf."},{"key":"ref_2","unstructured":"(2025, June 12). International Convention of 13 December 2006 on the Rights of Persons with Disabilities. Available online: https:\/\/www.un.org\/esa\/socdev\/enable\/documents\/tccconvs.pdf."},{"key":"ref_3","unstructured":"(2025, June 12). European Disability Strategy 2010\u20132020: A Renewed Commitment to a Barrier-Free Europe. Available online: https:\/\/www.cedefop.europa.eu\/en\/news\/european-disability-strategy-2010-2020-renewed-commitment-barrier-free-europe."},{"key":"ref_4","unstructured":"(2025, June 12). Union of Equality: Strategy for the Rights of Persons with Disabilities 2021\u20132030. Available online: https:\/\/eur-lex.europa.eu\/legal-content\/EN\/TXT\/HTML\/?uri=CELEX:52021DC0101."},{"key":"ref_5","doi-asserted-by":"crossref","unstructured":"Medina-Garc\u00eda, M., Do\u00f1a-Toledo, L., and Higueras-Rodr\u00edguez, L. (2020). Equal opportunities in an inclusive and sustainable education system: An explanatory model. Sustainability, 12.","DOI":"10.3390\/su12114626"},{"key":"ref_6","doi-asserted-by":"crossref","unstructured":"Osborne, A., Yillah, R.M., and Bash-Taqi, A. (2025). A study of vulnerable student populations, exclusion and marginalization in Sierra Leonean secondary schools: A social justice theory analysis. BMC Psychol., 13.","DOI":"10.1186\/s40359-025-02554-x"},{"key":"ref_7","doi-asserted-by":"crossref","unstructured":"Schneider, M., and Suich, H. (2021). Measuring disability inclusion: Feasibility of using existing multidimensional poverty data in South Africa. Int. J. Environ. Res. Public Health, 18.","DOI":"10.3390\/ijerph18094431"},{"key":"ref_8","doi-asserted-by":"crossref","first-page":"104947","DOI":"10.1016\/j.ridd.2025.104947","article-title":"A preliminary study of a Math digital based intervention in children with intellectual disabilities","volume":"159","author":"David","year":"2025","journal-title":"Res. Dev. Disabil."},{"key":"ref_9","doi-asserted-by":"crossref","unstructured":"Zhang, L., Carter, R.A., and Lim, S.N. (2025). Designing Intelligent Agents for Students with Disabilities: Promoting Inclusion and Equity Through the Lens of Cultural-Historical Activity Theory. J. Spec. Educ. Technol., 1\u201314.","DOI":"10.1177\/01626434251349405"},{"key":"ref_10","doi-asserted-by":"crossref","unstructured":"Othman, A., Al Mutawaa, A., Al Tamimi, A., and Al Mansouri, M. (2023). Assessing the readiness of government and semi-Government institutions in Qatar for inclusive and sustainable ICT accessibility: Introducing the MARSAD Tool. Sustainability, 15.","DOI":"10.3390\/su15043853"},{"key":"ref_11","doi-asserted-by":"crossref","unstructured":"Medina-Garc\u00eda, M., Higueras-Rodr\u00edguez, L., Garc\u00eda-Vita, M.D.M., and Dona-Toledo, L. (2021). ICT, disability, and motivation: Validation of a measurement scale and consequence model for inclusive digital knowledge. Int. J. Environ. Res. Public Health, 18.","DOI":"10.3390\/ijerph18136770"},{"key":"ref_12","doi-asserted-by":"crossref","first-page":"9379","DOI":"10.1007\/s10639-022-11212-3","article-title":"Pre-service teachers\u2019 perceptions of the role of ICT in attending to students with functional diversity","volume":"28","author":"Basgall","year":"2023","journal-title":"Educ. Inf. Technol."},{"key":"ref_13","doi-asserted-by":"crossref","first-page":"9305","DOI":"10.1007\/s10639-022-11105-5","article-title":"Future teachers facing the use of technology for inclusion: A view from the digital competence","volume":"28","author":"Suelves","year":"2023","journal-title":"Educ. Inf. Technol."},{"key":"ref_14","doi-asserted-by":"crossref","first-page":"76","DOI":"10.1002\/bsl.2104","article-title":"Accessibility to information and communications technology for the social participation of youths with disabilities: A two-way street","volume":"32","author":"Schreuer","year":"2014","journal-title":"Behav. Sci. Law"},{"key":"ref_15","doi-asserted-by":"crossref","first-page":"619","DOI":"10.1177\/1744629520911311","article-title":"Enhanced participation or just another activity? The social shaping of iPad use for youths with intellectual disabilities","volume":"25","author":"Isaksson","year":"2021","journal-title":"J. Intellect. Disabil."},{"key":"ref_16","doi-asserted-by":"crossref","first-page":"503","DOI":"10.1177\/1744629519831566","article-title":"Connectedness and ICT: Opening the door to possibilities for people with intellectual disabilities","volume":"24","author":"Barlott","year":"2020","journal-title":"J. Intellect. Disabil."},{"key":"ref_17","doi-asserted-by":"crossref","unstructured":"Carreon, A., Mosher, M., Goldman, S., Smith, S., and Smith, B. (2025). A Ten-Year Review of the Journal of Special Education Technology: Innovations and Trends for Individuals with Disabilities. J. Spec. Educ. Technol., 1\u201325.","DOI":"10.1177\/01626434251349414"},{"key":"ref_18","first-page":"284","article-title":"Digital competence in the attention of students with special educational needs. An overview from the European framework for digital teaching competence \u201cDigCompEdu\u201d","volume":"41","author":"Serrano","year":"2022","journal-title":"Digit. Educ. Rev."},{"key":"ref_19","doi-asserted-by":"crossref","first-page":"824","DOI":"10.1080\/13691457.2018.1423553","article-title":"New social intervention technologies as a challenge in social work: IFSW Europe perspective","volume":"21","year":"2018","journal-title":"Eur. J. Soc. Work"},{"key":"ref_20","doi-asserted-by":"crossref","first-page":"152","DOI":"10.1016\/j.compedu.2018.12.004","article-title":"Online e-learning and cognitive disabilities: A systematic review","volume":"130","author":"Cinquin","year":"2019","journal-title":"Comput. Educ."},{"key":"ref_21","doi-asserted-by":"crossref","unstructured":"Mart\u00ednez-P\u00e9rez, A., Lezcano-Barbero, F., Zabaleta-Gonz\u00e1lez, R., and Casado-Mu\u00f1oz, R. (2023). Usage of ICT among Social Educators\u2014An Analysis of Current Practice in Spain. Educ. Sci., 13.","DOI":"10.3390\/educsci13030231"},{"key":"ref_22","first-page":"7","article-title":"Theoretical models of disability: Tracing the historical development of disability concept in last five decades","volume":"7","author":"Chhabra","year":"2019","journal-title":"Rev. Esp. Discapac."},{"key":"ref_23","doi-asserted-by":"crossref","first-page":"124","DOI":"10.1002\/bsl.2283","article-title":"Definition and assessment of disability in mental disorders under the perspective of the international classification of functioning disability and health (ICF)","volume":"35","author":"Linden","year":"2017","journal-title":"Behav. Sci. Law"},{"key":"ref_24","doi-asserted-by":"crossref","first-page":"955","DOI":"10.1007\/s10882-024-09970-8","article-title":"Supporting Inclusion in Informal Education Settings for Children with Neurodevelopmental Disorders: A Scoping Review","volume":"36","author":"Ranieri","year":"2024","journal-title":"J. Dev. Phys. Disabil."},{"key":"ref_25","doi-asserted-by":"crossref","first-page":"101770","DOI":"10.1016\/j.evalprogplan.2019.101770","article-title":"How people with disabilities experience programs to prevent intimate partner violence across four countries","volume":"79","author":"Stern","year":"2020","journal-title":"Eval. Program Plann."},{"key":"ref_26","doi-asserted-by":"crossref","first-page":"82","DOI":"10.1007\/s11218-025-10046-4","article-title":"Teachers\u2019 perceptions of students with different disabilities through the lens of the stereotype content model","volume":"28","author":"Zimmermann","year":"2025","journal-title":"Soc. Psychol. Educ."},{"key":"ref_27","doi-asserted-by":"crossref","first-page":"3009","DOI":"10.1007\/s11423-021-10052-1","article-title":"Does information and communication technology (ICT) empower teacher innovativeness: A multilevel, multisite analysis","volume":"69","author":"Tang","year":"2021","journal-title":"ETR&D-Educ. Technol. Res. Dev."},{"key":"ref_28","doi-asserted-by":"crossref","first-page":"213","DOI":"10.5209\/CUTS.51835","article-title":"Proyecto de apropiaci\u00f3n de las TIC en servicios sociales de atenci\u00f3n social primaria del Ayuntamiento de Madrid","volume":"29","year":"2016","journal-title":"Cuad. Trab. Soc."},{"key":"ref_29","doi-asserted-by":"crossref","first-page":"315","DOI":"10.1111\/bjet.12827","article-title":"Disabled children\u2019s evolving digital use practices to support formal learning. A missed opportunity for inclusion","volume":"51","author":"Cranmer","year":"2020","journal-title":"Brit. J. Educ. Technol."},{"key":"ref_30","doi-asserted-by":"crossref","first-page":"139","DOI":"10.17811\/rifie.48.2.2019.139-146","article-title":"TIC para la inclusi\u00f3n: Una mirada desde Latinoam\u00e9rica","volume":"48","year":"2019","journal-title":"Aula Abierta"},{"key":"ref_31","doi-asserted-by":"crossref","first-page":"375","DOI":"10.1007\/s10209-023-01059-x","article-title":"ICT use and competencies of school children with intellectual disabilities in low-resource settings: The case of Ghana in sub-Saharan Africa","volume":"24","author":"Bayor","year":"2025","journal-title":"Univers. Access Inf. Soc."},{"key":"ref_32","doi-asserted-by":"crossref","unstructured":"Castilla, D., Suso-Ribera, C., Zaragoza, I., Garcia-Palacios, A., and Botella, C. (2020). Designing ICTs for users with mild cognitive impairment: A usability study. Int. J. Environ. Res. Public Health, 17.","DOI":"10.3390\/ijerph17145153"},{"key":"ref_33","doi-asserted-by":"crossref","first-page":"25","DOI":"10.1016\/j.ridd.2017.02.008","article-title":"SIGUEME: Technology-based intervention for low-functioning autism to train skills to work with visual signifiers and concepts","volume":"64","year":"2017","journal-title":"Res. Dev. Disabil."},{"key":"ref_34","doi-asserted-by":"crossref","first-page":"625","DOI":"10.1007\/s10639-014-9344-6","article-title":"ICT in Portuguese reference schools for the education of blind and partially sighted students","volume":"21","author":"Ramos","year":"2016","journal-title":"Educ. Inf. Technol."},{"key":"ref_35","doi-asserted-by":"crossref","first-page":"54","DOI":"10.1016\/j.compedu.2016.12.010","article-title":"Pre-service teachers\u2019 perceptions of the competence dimensions of digital literacy and of psychological and educational measures","volume":"107","year":"2017","journal-title":"Comput. Educ."},{"key":"ref_36","doi-asserted-by":"crossref","first-page":"177","DOI":"10.1080\/13691457.2022.2162006","article-title":"ICT training in Spanish non-formal education: A revolution in the making","volume":"27","year":"2024","journal-title":"Eur. J. Soc. Work"},{"key":"ref_37","first-page":"177","article-title":"Macroassessment of teachers\u2019 digital competence. DigCompEdu study in Spain and Portugal","volume":"28","author":"Lucas","year":"2025","journal-title":"RIED-Rev. Iberoam. Educ. Distancia"},{"key":"ref_38","doi-asserted-by":"crossref","first-page":"276","DOI":"10.1080\/02681102.2022.2136129","article-title":"The potential of eParticipation in enlarging individual capabilities: A conceptual framework","volume":"29","author":"Pinto","year":"2023","journal-title":"Inform. Technol. Dev."},{"key":"ref_39","doi-asserted-by":"crossref","first-page":"10329","DOI":"10.1007\/s10639-023-12206-5","article-title":"Challenges and barriers to e-leadership participation: Examining the perspectives of Malaysian secondary school teachers","volume":"29","author":"Ping","year":"2024","journal-title":"Educ. Inf. Technol."},{"key":"ref_40","doi-asserted-by":"crossref","first-page":"768","DOI":"10.1111\/bjet.12461","article-title":"Classification framework for ICT-based learning technologies for disabled people","volume":"48","author":"Hersh","year":"2017","journal-title":"Br. J. Educ. Technol."},{"key":"ref_41","doi-asserted-by":"crossref","first-page":"1742","DOI":"10.1177\/07356331221083224","article-title":"Promoting Spatial language and ability among SLD Children: Can robot programming make a difference?","volume":"60","author":"Brainin","year":"2022","journal-title":"J. Educ. Comput. Res."},{"key":"ref_42","first-page":"466","article-title":"When you are not here, I cannot do what I want on the tablet\u2014The use of ICT to promote social participation of young people with intellectual disabilities","volume":"27","author":"Tryggvason","year":"2022","journal-title":"J. Intellect. Disabil."},{"key":"ref_43","doi-asserted-by":"crossref","first-page":"345","DOI":"10.1080\/10494820.2019.1579236","article-title":"Evaluation of a spherical video-based virtual reality intervention designed to teach adaptive skills for adults with autism: A preliminary report","volume":"29","author":"Schmidt","year":"2021","journal-title":"Interact. Learn. Environ."},{"key":"ref_44","doi-asserted-by":"crossref","unstructured":"Kim, J., and Chung, Y.J. (2023). A case study of group art therapy using digital media for adolescents with intellectual disabilities. Front. Psychiatry, 14.","DOI":"10.3389\/fpsyt.2023.1172079"},{"key":"ref_45","doi-asserted-by":"crossref","first-page":"409","DOI":"10.1007\/s10209-023-01060-4","article-title":"Teaching methodology for people with intellectual disabilities: A case study in learning ballet with mobile devices","volume":"24","author":"Matallana","year":"2025","journal-title":"Univers. Access Inf. Soc."},{"key":"ref_46","doi-asserted-by":"crossref","first-page":"1394","DOI":"10.1111\/jcal.12685","article-title":"Evaluating performance on a bespoke maths game with children with Down syndrome","volume":"38","author":"Porter","year":"2022","journal-title":"J. Comput. Assist. Learn."},{"key":"ref_47","first-page":"175","article-title":"Additional operation learning process to the mild intellectual disabilities students by means of virtual manipulatives: A multiple case study","volume":"41","author":"Akkan","year":"2016","journal-title":"Egit. Bilim"},{"key":"ref_48","unstructured":"Bastiaens, T. (2025). EdQuest: An Iterative Approach to Creating AI-driven Learning and Therapeutic Interventions for Students with Autism. Proceedings of EdMedia + Innovate Learning, Barcelona, Spain, 19\u201323 May 2025, Association for the Advancement of Computing in Education (AACE)."},{"key":"ref_49","doi-asserted-by":"crossref","first-page":"104884","DOI":"10.1016\/j.ridd.2024.104884","article-title":"The effectiveness of using artificial intelligence in improving academic skills of school-aged students with mild intellectual disabilities in Saudi Arabia","volume":"156","author":"Alsolami","year":"2025","journal-title":"Res. Dev. Disabil."},{"key":"ref_50","doi-asserted-by":"crossref","unstructured":"Subudhi, R.N., and Mishra, S. (2019). Nature of qualitative research. Methodological Issues in Management Research: Advances, Challenges, and the Way Ahead, Emerald Publishing Limited.","DOI":"10.1108\/9781789739732"},{"key":"ref_51","unstructured":"(2025, June 16). Disability Services and Inclusion Act 2023, Available online: https:\/\/www.legislation.gov.au\/C2023A00107\/latest\/text."},{"key":"ref_52","unstructured":"(2025, June 16). Estrat\u00e9gia Nacional para a Inclus\u00e3o das Pessoas com Defici\u00eancia 2021\u20132025. Available online: https:\/\/files.diariodarepublica.pt\/1s\/2021\/08\/16900\/0000300071.pdf."},{"key":"ref_53","unstructured":"(2025, June 16). Ley 6\/2022, de 31 de Marzo, de Modificaci\u00f3n del Texto Refundido de la Ley General de Derechos de las Personas con Discapacidad y de su Inclusi\u00f3n Social, Aprobado por el Real Decreto Legislativo 1\/2013, de 29 de Noviembre, para Establecer y Regular la Accesibilidad Cognitiva y sus Condiciones de Exigencia y Aplicaci\u00f3n. Available online: https:\/\/www.boe.es\/eli\/es\/l\/2022\/03\/31\/6."},{"key":"ref_54","unstructured":"(2025, June 16). Ley Org\u00e1nica 3\/2020, de 29 de Diciembre, por la que se Modifica la Ley Org\u00e1nica 2\/2006, de 3 de Mayo, de Educaci\u00f3n. Available online: https:\/\/www.boe.es\/buscar\/doc.php?id=BOE-A-2020-17264."},{"key":"ref_55","doi-asserted-by":"crossref","first-page":"6675","DOI":"10.1007\/s11042-020-10026-0","article-title":"A device-interaction model for users with special needs","volume":"80","author":"Iribarne","year":"2021","journal-title":"Multimed. Tools Appl."},{"key":"ref_56","doi-asserted-by":"crossref","first-page":"105485","DOI":"10.1016\/j.childyouth.2020.105485","article-title":"Technology and scaling up: Evidence from an NGO for adolescents with intellectual disabilities in China","volume":"119","author":"Song","year":"2020","journal-title":"Child. Youth Serv. Rev."},{"key":"ref_57","doi-asserted-by":"crossref","first-page":"235","DOI":"10.1016\/j.ridd.2010.09.024","article-title":"The determinants of daily function in children with cerebral palsy","volume":"32","author":"Tseng","year":"2011","journal-title":"Res. Dev. Disabil."},{"key":"ref_58","doi-asserted-by":"crossref","first-page":"113","DOI":"10.1080\/00131881.2018.1423891","article-title":"Supervisors\u2019 perceptions of research competencies in the final-year project","volume":"60","author":"Reguant","year":"2018","journal-title":"Educ. Res."},{"key":"ref_59","doi-asserted-by":"crossref","unstructured":"Pir\u0161a, A., Roki\u0107, L., Vdovi\u0107, H., Vertlberg, L., \u017dilak, M., Car, \u017d., and Podobnik, V. (2017, January 28\u201330). Analysis of ICT-based assistive solutions for people with disabilities. Proceedings of the 14th International Conference on Telecommunications (ConTEL), Zagreb, Croatia.","DOI":"10.23919\/ConTEL.2017.8000013"},{"key":"ref_60","doi-asserted-by":"crossref","first-page":"16094069241244856","DOI":"10.1177\/16094069241244856","article-title":"Deductive qualitative analysis: Evaluating, expanding, and refining theory","volume":"23","author":"Fife","year":"2024","journal-title":"Int. J. Qual. Meth."},{"key":"ref_61","doi-asserted-by":"crossref","first-page":"308","DOI":"10.1177\/15586898221126816","article-title":"Inductive\/deductive hybrid thematic analysis in mixed methods research","volume":"17","author":"Proudfoot","year":"2023","journal-title":"J. Mix. Methods Res."},{"key":"ref_62","doi-asserted-by":"crossref","first-page":"191","DOI":"10.1177\/1525822X17749386","article-title":"Quantifying thematic saturation in qualitative data analysis","volume":"30","author":"Lowe","year":"2018","journal-title":"Field Methods"},{"key":"ref_63","doi-asserted-by":"crossref","first-page":"1156","DOI":"10.1002\/jgc4.1399","article-title":"Men with an FMR1 premutation and their health education needs","volume":"30","author":"Walsh","year":"2021","journal-title":"J. Genet. Couns."},{"key":"ref_64","doi-asserted-by":"crossref","first-page":"2017","DOI":"10.1080\/17483107.2023.2244978","article-title":"Implementation of information and communication technology to facilitate participation in high school occupations for students with neurodevelopmental disorders","volume":"19","author":"Yngve","year":"2024","journal-title":"Disabil. Rehabil.-Assist. Technol."},{"key":"ref_65","doi-asserted-by":"crossref","unstructured":"Ricoy, M.C., and S\u00e1nchez-Mart\u00ednez, C. (2022). Raising ecological awareness and digital literacy in primary school children through gamification. Int. J. Environ. Res. Public Health, 19.","DOI":"10.3390\/ijerph19031149"},{"key":"ref_66","first-page":"1118","article-title":"Understanding experiences and interactions of children with asperger\u2019s syndrome in virtual reality-based learning systems","volume":"33","author":"Soltiyeva","year":"2025","journal-title":"Interact. Learn. Envir."},{"key":"ref_67","doi-asserted-by":"crossref","first-page":"4244","DOI":"10.1007\/s10803-019-04135-5","article-title":"Effects of a computer-based intervention on emotion understanding in children with autism spectrum conditions","volume":"49","author":"Petrovska","year":"2019","journal-title":"J. Autism Dev. Disord."},{"key":"ref_68","first-page":"1","article-title":"Bridging the digital divide for people with intellectual disability","volume":"11","author":"Normand","year":"2017","journal-title":"Cyberpsychology"},{"key":"ref_69","doi-asserted-by":"crossref","first-page":"51","DOI":"10.54988\/cv.2022.1.886","article-title":"Autopercepci\u00f3n de la competencia digital del alumnado del grado en Educaci\u00f3n Social con Ikanos","volume":"11","author":"Bilbao","year":"2022","journal-title":"Campus Virtuales"},{"key":"ref_70","first-page":"45","article-title":"Structure of 21st century competences in students in the sphere of education. Influential personal factors","volume":"23","author":"Almerich","year":"2020","journal-title":"Educ. XX1"},{"key":"ref_71","doi-asserted-by":"crossref","unstructured":"Pan, F., Zhao, L., and Cao, E.Y. (2025). Revisiting factors influencing strategies for enhancing pre-service teachers\u2019 digital competencies. Educ. Inf. Technol., 1\u201337.","DOI":"10.1007\/s10639-025-13416-9"},{"key":"ref_72","doi-asserted-by":"crossref","unstructured":"Gorghiu, G., Sherborne, T., Kowalski, R., Vives-Adri\u00e1n, L., and Ribeiro, S. (2024). Enhancing Teachers\u2019 Self-Efficacy Supported by Coaching in the Content of Open Schooling for Sustainability. Sustainability, 16.","DOI":"10.3390\/su162210131"},{"key":"ref_73","doi-asserted-by":"crossref","first-page":"889","DOI":"10.1007\/s10209-023-00977-0","article-title":"Opinions, training and requirements regarding ICT of educators in Florence and Granada for students with functional diversity","volume":"23","author":"Capperucci","year":"2024","journal-title":"Univ. Access Inf. Soc."},{"key":"ref_74","doi-asserted-by":"crossref","first-page":"1084","DOI":"10.1002\/berj.3480","article-title":"How can educational research support practice at scale? Attending to educational designer needs","volume":"44","author":"McKenney","year":"2018","journal-title":"Brit. Educ. Res. J."},{"key":"ref_75","first-page":"166","article-title":"Developing guidelines for evaluating the adaptation of accessible web-based learning materials","volume":"17","author":"Radovan","year":"2016","journal-title":"Int. Rev. Res. Open Distrib. Learn."},{"key":"ref_76","doi-asserted-by":"crossref","first-page":"95","DOI":"10.1016\/j.sysarc.2018.08.001","article-title":"Usability study of a smart toy on students with intellectual disabilities","volume":"89","author":"Ekin","year":"2018","journal-title":"J. Syst. Architect."},{"key":"ref_77","doi-asserted-by":"crossref","first-page":"9078","DOI":"10.17645\/mac.9078","article-title":"Unveiling Disability Empowerment: Evaluating ICT Skill Enhancement Initiatives in Indonesia","volume":"13","author":"Dunan","year":"2025","journal-title":"Media Commun."},{"key":"ref_78","doi-asserted-by":"crossref","first-page":"470","DOI":"10.1080\/01292986.2021.1913619","article-title":"ICT-based assistive technology as the extension of human eyes: Technological empowerment and social inclusion of visually impaired people in China","volume":"31","author":"Wang","year":"2021","journal-title":"Asian J. Commun."},{"key":"ref_79","doi-asserted-by":"crossref","first-page":"2545","DOI":"10.1080\/17483107.2023.2293870","article-title":"The effectiveness of the use of a technology toolkit on activities and mother-child interactions: Children with complex care needs","volume":"19","author":"Bos","year":"2024","journal-title":"Disabil. Rehabil.-Assist. Technol."},{"key":"ref_80","doi-asserted-by":"crossref","first-page":"195","DOI":"10.1016\/j.compedu.2018.05.009","article-title":"The Creativity Challenge Game: An educational intervention for creativity enhancement with the integration of Information and Communication Technologies (ICTs)","volume":"123","author":"Stolaki","year":"2018","journal-title":"Comput. Educ."},{"key":"ref_81","doi-asserted-by":"crossref","first-page":"102","DOI":"10.1177\/10497315241256560","article-title":"Transferability and generalization in qualitative research","volume":"35","author":"Drisko","year":"2025","journal-title":"Res. Soc. Work Pract."}],"container-title":["Information"],"original-title":[],"language":"en","link":[{"URL":"https:\/\/www.mdpi.com\/2078-2489\/16\/8\/634\/pdf","content-type":"unspecified","content-version":"vor","intended-application":"similarity-checking"}],"deposited":{"date-parts":[[2025,10,9]],"date-time":"2025-10-09T18:15:44Z","timestamp":1760033744000},"score":1,"resource":{"primary":{"URL":"https:\/\/www.mdpi.com\/2078-2489\/16\/8\/634"}},"subtitle":[],"short-title":[],"issued":{"date-parts":[[2025,7,25]]},"references-count":81,"journal-issue":{"issue":"8","published-online":{"date-parts":[[2025,8]]}},"alternative-id":["info16080634"],"URL":"https:\/\/doi.org\/10.3390\/info16080634","relation":{},"ISSN":["2078-2489"],"issn-type":[{"type":"electronic","value":"2078-2489"}],"subject":[],"published":{"date-parts":[[2025,7,25]]}}}