{"status":"ok","message-type":"work","message-version":"1.0.0","message":{"indexed":{"date-parts":[[2025,10,12]],"date-time":"2025-10-12T02:15:18Z","timestamp":1760235318379,"version":"build-2065373602"},"reference-count":72,"publisher":"MDPI AG","issue":"3","license":[{"start":{"date-parts":[[2021,8,10]],"date-time":"2021-08-10T00:00:00Z","timestamp":1628553600000},"content-version":"vor","delay-in-days":0,"URL":"https:\/\/creativecommons.org\/licenses\/by\/4.0\/"}],"funder":[{"DOI":"10.13039\/501100001871","name":"Funda\u00e7\u00e3o para a Ci\u00eancia e a Tecnologia","doi-asserted-by":"publisher","award":["UIDB\/05105\/2020"],"award-info":[{"award-number":["UIDB\/05105\/2020"]}],"id":[{"id":"10.13039\/501100001871","id-type":"DOI","asserted-by":"publisher"}]}],"content-domain":{"domain":[],"crossmark-restriction":false},"short-container-title":["Informatics"],"abstract":"<jats:p>COVID-19 pandemic consequences are tragic, and many problems will persist after the health problem ends. Some studies have focused on mental health issues, reporting worrying percentages. It is known that there is a bidirectional relationship between mental health and sleep quality, and it would be expected that sleep would be affected by the pandemic. In order to know the Portuguese people\u2019s habits before and during the confinement, we carried out a survey of 188 people aged 13 to 84 (38 \u00b1 15) to find out the most frequent sleep patterns, habits and disorders before and during confinement. With this survey it was also intended to measure the most frequent changes in sleep patterns, habits, and disturbances on the general population and according to demographic data (gender, age group and professional status), sleep disorders arise, perceptions about sleep during confinement and if Portuguese think that in the future the sleep patterns will be the pre or during outbreak. Results indicate that, comparing before and during confinement, there is a slight correlation between gender and sleep disorders (before vs. during), a correlation between age group and professional status time to wake up, and between professional status and sleep disorders, and a strong correlation between the professional situation and changes in the invigorated feeling level (p &lt; 0.001). Support for mental health and interventions to improve sleep quality should be offered to the population in general, and, according to our study, the Portuguese population.<\/jats:p>","DOI":"10.3390\/informatics8030051","type":"journal-article","created":{"date-parts":[[2021,8,10]],"date-time":"2021-08-10T08:57:14Z","timestamp":1628585834000},"page":"51","update-policy":"https:\/\/doi.org\/10.3390\/mdpi_crossmark_policy","source":"Crossref","is-referenced-by-count":2,"title":["Sleep Habits during COVID-19 Confinement: An Exploratory Analysis from Portugal"],"prefix":"10.3390","volume":"8","author":[{"ORCID":"https:\/\/orcid.org\/0000-0003-0286-2512","authenticated-orcid":false,"given":"Ema Pinto","family":"Silva","sequence":"first","affiliation":[{"name":"REMIT (Research on Economics, Management, and Information Technologies), Universidade Portucalense, 4200 Porto, Portugal"}]},{"ORCID":"https:\/\/orcid.org\/0000-0002-5041-3597","authenticated-orcid":false,"given":"S\u00f3nia Rolland","family":"Sobral","sequence":"additional","affiliation":[{"name":"REMIT (Research on Economics, Management, and Information Technologies), Universidade Portucalense, 4200 Porto, Portugal"}]}],"member":"1968","published-online":{"date-parts":[[2021,8,10]]},"reference":[{"key":"ref_1","unstructured":"World Health Organization (2020). WHO Director-General\u2019s Opening Remarks at the Media Briefing on COVID-19\u201411 March 2020, WHO."},{"key":"ref_2","doi-asserted-by":"crossref","first-page":"112954","DOI":"10.1016\/j.psychres.2020.112954","article-title":"Generalized anxiety disorder, depressive symptoms and sleep quality during COVID-19 outbreak in China: A web-based cross-sectional survey","volume":"288","author":"Huang","year":"2020","journal-title":"Psychiatry Res."},{"key":"ref_3","doi-asserted-by":"crossref","first-page":"731","DOI":"10.1177\/0706743720938598","article-title":"The Spread of COVID-19 in the Italian Population: Anxiety, Depression, and Post-Traumatic Stress Symptoms","volume":"65","author":"Castelli","year":"2020","journal-title":"Can. J. Psychiatry"},{"key":"ref_4","doi-asserted-by":"crossref","unstructured":"Guti\u00e9rrez-Hern\u00e1ndez, M., Fanjul, L., D\u00edaz-Megolla, A., Reyes-Hurtado, P., Herrera-Rodr\u00edguez, J., Enjuto-Castellanos, M., and Pe\u00f1ate, W. (2021). COVID-19 Lockdown and Mental Health in a Sample Population in Spain: The Role of Self-Compassion. Int. J. Environ. Res. Public Health, 18.","DOI":"10.3390\/ijerph18042103"},{"key":"ref_5","doi-asserted-by":"crossref","unstructured":"Rodr\u00edguez-Fern\u00e1ndez, P., Gonz\u00e1lez-Santos, J., Santamar\u00eda-Pel\u00e1ez, M., Soto-C\u00e1mara, R., S\u00e1nchez-Gonz\u00e1lez, E., and Gonz\u00e1lez-Bernal, J. (2021). Psychological Effects of Home Confinement and Social Distancing Derived from COVID-19 in the General Population\u2014A Systematic Review. Int. J. Environ. Res. Public Health, 18.","DOI":"10.3390\/ijerph18126528"},{"key":"ref_6","doi-asserted-by":"crossref","first-page":"E125","DOI":"10.1192\/bjo.2020.109","article-title":"Anxiety, depression, traumatic stress and COVID-19-related anxiety in the UK general population during the COVID-19 pandemic","volume":"6","author":"Shevlin","year":"2020","journal-title":"BJPsych Open"},{"key":"ref_7","doi-asserted-by":"crossref","unstructured":"Mazza, C., Ricci, E., Biondi, S., Colasanti, M., Ferracuti, S., Napoli, C., and Roma, P.A. (2020). Nationwide Survey of Psychological Distress among Italian People during the COVID-19 Pandemic: Immediate Psychological Responses and Associated Factors. Int. J. Environ. Res. Public Health, 17.","DOI":"10.3390\/ijerph17093165"},{"key":"ref_8","first-page":"490","article-title":"How did Different Generations Cope with the COVID-19 Pandemic? Early Stages of the Pandemic in Spain","volume":"32","year":"2020","journal-title":"Psicothema"},{"key":"ref_9","doi-asserted-by":"crossref","first-page":"429","DOI":"10.1590\/0004-282x-anp-2020-0482","article-title":"Impact of COVID-19 on eating habits, physical activity and sleep in Brazilian healthcare professionals","volume":"79","author":"Mota","year":"2021","journal-title":"Arq. Neuro-Psiquiatr."},{"key":"ref_10","doi-asserted-by":"crossref","first-page":"e924085-1","DOI":"10.12659\/MSMBR.924085","article-title":"Analysis of Psychological and Sleep Status and Exercise Rehabilitation of Front-Line Clinical Staff in the Fight Against COVID-19 in China","volume":"26","author":"Wu","year":"2020","journal-title":"Med. Sci. Monit. Basic Res."},{"key":"ref_11","doi-asserted-by":"crossref","unstructured":"Trabelsi, K., Ammar, A., Masmoudi, L., Driss, T., and Hoekelmann, A. (2021). Sleep quality and physical activity as predictors of mental wellbeing variance in older adults during COVID-19 lockdown: Eclb COVID-19 international online survey. Int. J. Environ. Res. Public Health, 18.","DOI":"10.3390\/ijerph18084329"},{"key":"ref_12","doi-asserted-by":"crossref","unstructured":"Abid, R., Ammar, A., Maaloul, R., Souissi, N., and Hammouda, O. (2021). Effect of COVID-19-Related Home Confinement on Sleep Quality, Screen Time and Physical Activity in Tunisian Boys and Girls: A Survey. Int. J. Environ. Res. Public Health, 18.","DOI":"10.3390\/ijerph18063065"},{"key":"ref_13","doi-asserted-by":"crossref","unstructured":"Volken, T., Zysset, A., Amendola, S., Swormink, A.K., Huber, M., von Wyl, A., and Dratva, J. (2021). Depressive Symptoms in Swiss University Students during the COVID-19 Pandemic and Their Correlates. Int. J. Environ. Res. Public Health, 18.","DOI":"10.3390\/ijerph18041458"},{"key":"ref_14","doi-asserted-by":"crossref","first-page":"113108","DOI":"10.1016\/j.psychres.2020.113108","article-title":"Psychological effects of the COVID-19 outbreak and lockdown among students and workers of a Spanish university","volume":"290","author":"Irurtia","year":"2020","journal-title":"Psychiatry Res."},{"key":"ref_15","doi-asserted-by":"crossref","first-page":"e22817","DOI":"10.2196\/22817","article-title":"Investigating Mental Health of US College Students During the COVID-19 Pandemic: Cross-Sectional Survey Study","volume":"22","author":"Wang","year":"2020","journal-title":"J. Med. Internet. Res."},{"key":"ref_16","doi-asserted-by":"crossref","first-page":"468","DOI":"10.1016\/j.archger.2014.04.007","article-title":"Perceived sleep quality is associated with depression in a Korean elderly population","volume":"59","author":"Chang","year":"2014","journal-title":"Arch. Gerontol. Geriatr."},{"key":"ref_17","doi-asserted-by":"crossref","first-page":"15","DOI":"10.1016\/S1474-4422(20)30456-7","article-title":"Sleep research in 2020: COVID-19-related sleep disorders","volume":"20","author":"Partinen","year":"2021","journal-title":"Lancet Neurol."},{"key":"ref_18","doi-asserted-by":"crossref","first-page":"46","DOI":"10.1016\/j.smrv.2015.08.005","article-title":"Sleep function: Toward elucidating na enigma","volume":"28","author":"Krueger","year":"2016","journal-title":"Sleep Med. Rev."},{"key":"ref_19","doi-asserted-by":"crossref","first-page":"749","DOI":"10.1016\/S2215-0366(17)30328-0","article-title":"The effects of improving sleep on mental health (OASIS): A randomised controlled trial with mediation analysis","volume":"4","author":"Freeman","year":"2017","journal-title":"Lancet Psychiatry"},{"key":"ref_20","doi-asserted-by":"crossref","first-page":"e13052","DOI":"10.1111\/jsr.13052","article-title":"Dealing with sleep problems during home confinement due to the COVID-19 outbreak: Practical recommendations from a task force of the European CBT-I Academy","volume":"29","author":"Altena","year":"2020","journal-title":"J. Sleep Res."},{"key":"ref_21","first-page":"1","article-title":"Psychological impact of the COVID-19 pandemic: Negative and positive effects in Spanish people during the mandatory national quarantine","volume":"25","author":"Valiente","year":"2020","journal-title":"J. Psychopathol Clin. Psychol."},{"key":"ref_22","doi-asserted-by":"crossref","first-page":"e13074","DOI":"10.1111\/jsr.13074","article-title":"Changes in sleep pattern, sense of time and digital media use during COVID-19 lockdown in Italy","volume":"19","author":"Cellini","year":"2020","journal-title":"J. Sleep Res."},{"key":"ref_23","doi-asserted-by":"crossref","first-page":"81","DOI":"10.1016\/j.sleep.2020.07.012","article-title":"Sleep quality in times of COVID-19 pandemic","volume":"74","author":"Pinto","year":"2020","journal-title":"Sleep Med."},{"key":"ref_24","doi-asserted-by":"crossref","first-page":"12","DOI":"10.1111\/ipd.12732","article-title":"Can children\u2019s oral hygiene and sleep routines be compromised during the COVID-19 pandemic?","volume":"31","author":"Baptista","year":"2021","journal-title":"Int. J. Paediatr. Dent."},{"key":"ref_25","doi-asserted-by":"crossref","unstructured":"Paiva, T., Reis, C., Feliciano, A., Canas-Sim\u00e3o, H.M.M., Gaspar, T., Tom\u00e9, G., Branquinho, C., Silva, M., Ramiro, L., and Bentes, C. (2021). Sleep and awakening quality during COVID-19 confinement: Complexity and relevance for health and behavior. Int. J. Environ. Res. Public Health, 18.","DOI":"10.3390\/ijerph18073506"},{"key":"ref_26","doi-asserted-by":"crossref","first-page":"555","DOI":"10.1016\/S0022-3999(00)00095-7","article-title":"Athens Insomnia Scale: Validation of an instrument based on ICD-10 criteria","volume":"48","author":"Soldatos","year":"2000","journal-title":"J. Psychosom. Res."},{"key":"ref_27","doi-asserted-by":"crossref","first-page":"540","DOI":"10.1093\/sleep\/14.6.540","article-title":"A new method for measuring daytime sleepiness: The Epworth sleepiness scale","volume":"14","author":"Johns","year":"1991","journal-title":"Sleep"},{"key":"ref_28","doi-asserted-by":"crossref","first-page":"1011","DOI":"10.1016\/j.janxdis.2009.07.006","article-title":"Current theoretical models of generalized anxiety disorder (GAD): Conceptual review and treatment implications","volume":"23","author":"Behar","year":"2009","journal-title":"J. Anxiety Disord."},{"key":"ref_29","doi-asserted-by":"crossref","unstructured":"Schwarzer, R., Jerusalem, M., Weinman, J., Wright, S., and Johnston, M. (1995). Generalized self-efficacy scale. Measures in Health Psychology: A User\u2019s Portfolio. Causal and Control Belief, NFER-NELSON.","DOI":"10.1037\/t00393-000"},{"key":"ref_30","first-page":"97","article-title":"A self-assessment questionnaire to determine morningness-eveningness in human circadian rhythms","volume":"4","author":"Horne","year":"1976","journal-title":"Int. J. Chronobiol."},{"key":"ref_31","doi-asserted-by":"crossref","first-page":"193","DOI":"10.1016\/0165-1781(89)90047-4","article-title":"The Pittsburgh sleep quality index: A new instrument for psychiatric practice and research","volume":"28","author":"Buysse","year":"1989","journal-title":"Psychiatry Res."},{"key":"ref_32","doi-asserted-by":"crossref","first-page":"65","DOI":"10.1186\/1477-7525-11-65","article-title":"Regensburg Insomnia Scale (RIS): A new short rating scale for the assessment of psychological symptoms and sleep in insomnia","volume":"11","author":"Langguth","year":"2013","journal-title":"Health Qual. Life Outcomes Vol."},{"key":"ref_33","doi-asserted-by":"crossref","unstructured":"Dunstan, D., and Scott, N. (2020). Norms for Zung\u2019s Self-rating Anxiety Scale. BMC Psychiatry Vol., 20.","DOI":"10.1186\/s12888-019-2427-6"},{"key":"ref_34","doi-asserted-by":"crossref","first-page":"719","DOI":"10.1023\/A:1007822603186","article-title":"Psychometric properties of the Stanford Acute Stress Reaction Questionnaire (SASRQ): A valid and reliable measure of acute stress","volume":"13","author":"Koopman","year":"2000","journal-title":"J. Trauma. Stress"},{"key":"ref_35","doi-asserted-by":"crossref","first-page":"60","DOI":"10.1186\/s13098-015-0053-0","article-title":"Prevalence and influencing factors of co-morbid depression in patients with type 2 diabetes mellitus: A general hospital based study","volume":"7","author":"Zhang","year":"2015","journal-title":"Diabetol. Metab. Syndr."},{"key":"ref_36","first-page":"e923921-1","article-title":"Social Capital and Sleep Quality in Individuals Who Self-Isolated for 14 Days During the Coronavirus Disease 2019 (COVID-19) Outbreak in January 2020 in China","volume":"26","author":"Xiao","year":"2020","journal-title":"Med. Sci. Monit."},{"key":"ref_37","doi-asserted-by":"crossref","first-page":"225","DOI":"10.1038\/s41398-020-00913-3","article-title":"Psychological health, sleep quality, and coping styles to stress facing the COVID-19 in Wuhan, China","volume":"10","author":"Fu","year":"2020","journal-title":"Transl. Psychiatry"},{"key":"ref_38","doi-asserted-by":"crossref","unstructured":"Varma, P., Burge, M., Meaklim, H., Junge, M., and Jackson, M. (2021). Poor Sleep Quality and Its Relationship with Individual Characteristics, Personal Experiences and Mental Health during the COVID-19 Pandemic. Int. J. Environ. Res. Public Health, 18.","DOI":"10.3390\/ijerph18116030"},{"key":"ref_39","doi-asserted-by":"crossref","first-page":"12","DOI":"10.1016\/j.sleep.2020.05.011","article-title":"The enemy who sealed the world: Effects quarantine due to the COVID-19 on sleep quality, anxiety, and psychological distress in the Italian population","volume":"75","author":"Casagrande","year":"2020","journal-title":"Sleep Med."},{"key":"ref_40","doi-asserted-by":"crossref","unstructured":"Gualano, M., LoMoro, G., Voglino, G., Bert, F., and Siliquini, R. (2020). Effects of COVID-19 lockdown on mental health and sleep disturbances in Italy. Int. J. Environ. Res. Public Health, 17.","DOI":"10.3390\/ijerph17134779"},{"key":"ref_41","doi-asserted-by":"crossref","unstructured":"Ramos-Padilla, P., Villavicencio-Barriga, V., C\u00e1rdenas-Quintana, H., Abril-Merizalde, L., Sol\u00eds-Manzano, A., and Carpio-Arias, T. (2021). Eating Habits and Sleep Quality during the COVID-19 Pandemic in Adult Population of Ecuador. Int. J. Environ. Res. Public Health, 18.","DOI":"10.3390\/ijerph18073606"},{"key":"ref_42","doi-asserted-by":"crossref","first-page":"248","DOI":"10.1016\/j.sleep.2020.07.045","article-title":"Sleep quality and mental health in the context of COVID-19 pandemic and lockdown in Morocco","volume":"74","author":"Idrissi","year":"2020","journal-title":"Sleep Med."},{"key":"ref_43","doi-asserted-by":"crossref","first-page":"370","DOI":"10.4103\/psychiatry.IndianJPsychiatry_523_20","article-title":"Changes in sleep pattern and sleep quality during COVID-19 lockdown","volume":"62","author":"Gupta","year":"2020","journal-title":"Indian J. Psychiatry"},{"key":"ref_44","doi-asserted-by":"crossref","unstructured":"Li, D.-J., Ko, N.-Y., Chen, Y.-L., Yen, C.-F., and Lu, W.-H. (2020). COVID-19-related factors associated with sleep disturbance and suicidal thoughts among the taiwanese public: A facebook survey. Int. J. Environ. Res. Public Health, 17.","DOI":"10.3390\/ijerph17124479"},{"key":"ref_45","doi-asserted-by":"crossref","first-page":"e13119","DOI":"10.1111\/jsr.13119","article-title":"Covid-19 health crisis and lockdown associated with high level of sleep complaints and hypnotic uptake at the population level","volume":"30","author":"Beck","year":"2020","journal-title":"J. Sleep Res."},{"key":"ref_46","doi-asserted-by":"crossref","first-page":"3072","DOI":"10.3389\/fpsyg.2020.574475","article-title":"Poor sleep quality and its consequences on mental health during the COVID-19 lockdown in Italy","volume":"11","author":"Franceschini","year":"2020","journal-title":"Front. Psychol."},{"key":"ref_47","doi-asserted-by":"crossref","unstructured":"Trakada, A., Nikolaidis, P., Andrade, M., Knechtle, B., and Trakada, G. (2020). Sleep during \u201clockdown\u201d in the COVID-19 pandemic. Int. J. Environ. Res. Public Health, 17.","DOI":"10.3390\/ijerph17239094"},{"key":"ref_48","doi-asserted-by":"crossref","first-page":"113452","DOI":"10.1016\/j.psychres.2020.113452","article-title":"The role of perceived social support on depression and sleep during the COVID-19 pandemic","volume":"293","author":"Grey","year":"2020","journal-title":"Psychiatry Res."},{"key":"ref_49","doi-asserted-by":"crossref","first-page":"R930","DOI":"10.1016\/j.cub.2020.07.015","article-title":"Effects of lockdown on human sleep and chronotype during the COVID-19 pandemic","volume":"30","author":"Leone","year":"2020","journal-title":"Curr. Biol."},{"key":"ref_50","doi-asserted-by":"crossref","unstructured":"Ter\u00e1n-P\u00e9rez, G., Portillo-V\u00e1squez, A., Arana-Lechuga, Y., S\u00e1nchez-Escand\u00f3n, O., Mercadillo-Caballero, R., Gonz\u00e1lez-Robles, R., and Vel\u00e1zquez-Moctezuma, J. (2021). Sleep and Mental Health Disturbances Due to Social Isolation during the COVID-19 Pandemic in Mexico. Int. J. Environ. Res. Public Health, 18.","DOI":"10.3390\/ijerph18062804"},{"key":"ref_51","doi-asserted-by":"crossref","unstructured":"Ubara, A., Sumi, Y., Ito, K., Matsuda, A., Matsuo, M., Miyamoto, T., and Kadotani, H. (2020). Self-isolation due to COVID-19 is linked to small one-year changes in depression, sleepiness, and insomnia: Results from a clinic for sleep disorders in Shiga Prefecture, Japan. Int. J. Environ. Res. Public Health, 17.","DOI":"10.3390\/ijerph17238971"},{"key":"ref_52","doi-asserted-by":"crossref","unstructured":"Szov\u00e1k, E., Varga, K., Pelyva, I., K\u00edv\u00e9s, Z., and T\u00f3th, \u00c1. (2020). Insights gained in the aftermath of the COVID-19 pandemic: A follow-up survey of a recreational training program, focusing on sense of coherence and sleep quality. Int. J. Environ. Res. Public Health, 17.","DOI":"10.3390\/ijerph17249201"},{"key":"ref_53","doi-asserted-by":"crossref","unstructured":"Park, J.-H., Yoo, E., Kim, Y., and Lee, J.-M. (2021). What Happened Pre- and during COVID-19 in South Korea? Comparing Physical Activity, Sleep Time, and Body Weight Status. Int. J. Environ. Res. Public Health, 18.","DOI":"10.3390\/ijerph18115863"},{"key":"ref_54","doi-asserted-by":"crossref","unstructured":"Lipert, A., Koz\u0142owski, R., Timler, D., Marczak, M., Musia\u0142, K., Rasmus, P., Kamecka, K., and Jegier, A. (2021). Physical Activity as a Predictor of the Level of Stress and Quality of Sleep during COVID-19 Lockdown. Int. J. Environ. Res. Public Health, 18.","DOI":"10.3390\/ijerph18115811"},{"key":"ref_55","doi-asserted-by":"crossref","unstructured":"Kontsevaya, A., Mukaneeva, D., and Myrzamatova, A. (2021). hanges in physical activity and sleep habits among adults in Russian Federation during COVID-19: A cross-sectional study. BMC Public Health, 21.","DOI":"10.1186\/s12889-021-10946-y"},{"key":"ref_56","doi-asserted-by":"crossref","unstructured":"Stanton, R., To, Q., Khalesi, S., Fenning, A., and Vandelanotte, C. (2020). Depression, anxiety and stress during COVID-19: Associations with changes in physical activity, sleep, tobacco and alcohol use in Australian adults. Int. J. Environ. Res. Public Health, 17.","DOI":"10.3390\/ijerph17114065"},{"key":"ref_57","doi-asserted-by":"crossref","first-page":"1371","DOI":"10.5664\/jcsm.9196","article-title":"COVID-19 pandemic impact on sleep habits, chronotype and health-related quality of life among high school students: A longitudinal study","volume":"17","author":"Genta","year":"2021","journal-title":"J. Clin. Sleep Med."},{"key":"ref_58","doi-asserted-by":"crossref","first-page":"8","DOI":"10.1007\/s00415-020-10056-6","article-title":"Impact of COVID-19 lockdown on sleep quality in university students and administration staff","volume":"268","author":"Marelli","year":"2021","journal-title":"J. Neurol."},{"key":"ref_59","doi-asserted-by":"crossref","unstructured":"Bruni, O., Malorgio, E., Doria, M., Finotti, E., Spruyt, K., Melegari, M., Villa, M., and Ferri, R. (2021). Changes in sleep patterns and disturbances in children and adolescents in Italy during the COVID-19 outbreak. Sleep Med.","DOI":"10.1016\/j.sleep.2021.02.003"},{"key":"ref_60","doi-asserted-by":"crossref","unstructured":"Sa\u00f1udo, B., Fennell, C., and S\u00e1nchez-Oliver, A. (2020). Objectively-assessed physical activity, sedentary behavior, smartphone use, and sleep patterns preand during-COVID-19 quarantine in young adults from Spain. Sustainability, 12.","DOI":"10.3390\/su12155890"},{"key":"ref_61","doi-asserted-by":"crossref","unstructured":"Romero-Blanco, C., Rodr\u00edguez-Almagro, J., Onieva-Zafra, M., Prado-Laguna, M., and Hern\u00e1ndez-Mart\u00ednez, A. (2020). Sleep pattern changes in nursing students during the COVID-19 lockdown. Int. J. Environ. Res. Public Health, 17.","DOI":"10.3390\/ijerph17145222"},{"key":"ref_62","doi-asserted-by":"crossref","unstructured":"Aguilar-Farias, N., Toledo-Vargas, M., Miranda-Marquez, S., Okely, A., and Cruz, B. (2020). Sociodemographic predictors of changes in physical activity, screen time, and sleep among toddlers and preschoolers in chile during the COVID-19 pandemic. Int. J. Environ. Res. Public Health, 18.","DOI":"10.20944\/preprints202012.0038.v1"},{"key":"ref_63","doi-asserted-by":"crossref","unstructured":"Zhang, Y., Zhang, H., Ma, X., and Di, Q. (2020). Mental Health Problems during the COVID-19 Pandemics and the Mitigation Effects of Exercise: A Longitudinal Study of College Students in China. Int. J. Environ. Res. Public Health, 17.","DOI":"10.3390\/ijerph17103722"},{"key":"ref_64","doi-asserted-by":"crossref","first-page":"364","DOI":"10.1093\/occmed\/kqaa074","article-title":"Sleep disturbances among medical workers during the outbreak of COVID-2019","volume":"70","author":"Wang","year":"2020","journal-title":"Occup. Med."},{"key":"ref_65","doi-asserted-by":"crossref","first-page":"e923549-1","DOI":"10.12659\/MSM.923549","article-title":"The effects of social support on sleep quality of medical staff treating patients with coronavirus disease 2019(COVID-19) in January and February 2020 in China","volume":"26","author":"Xiao","year":"2020","journal-title":"Med. Sci. Monit."},{"key":"ref_66","doi-asserted-by":"crossref","unstructured":"Kim-Godwin, Y., Lee, M., Logan, J., and Liu, X. (2021). Factors influencing sleep quality among female staff nurses during the early COVID-19 pandemic in the United States. Int. J. Environ. Res. Public Health, 8.","DOI":"10.3390\/ijerph18094827"},{"key":"ref_67","doi-asserted-by":"crossref","unstructured":"Meo, S., Alkhalifah, J., Alshammari, N., and Alnufaie, W. (2021). Comparison of Generalized Anxiety and Sleep Disturbance among Frontline and Second-Line Healthcare Workers during the COVID-19 Pandemic. Int. J. Environ. Res. Public Health, 18.","DOI":"10.3390\/ijerph18115727"},{"key":"ref_68","unstructured":"Johns Hopkins Coronavirus Resource Center (2021). Johns Hopkins Coronavirus Resource Center\u2014COVID, Johns Hopkins Coronavirus Resource Center. Available online: https:\/\/coronavirus.jhu.edu\/map.html."},{"key":"ref_69","unstructured":"(2021, July 08). WorldOMeters: Geneva, Switzerland. Available online: https:\/\/www.worldometers.info\/."},{"key":"ref_70","doi-asserted-by":"crossref","unstructured":"Martins, A., and Sobral, S. (2021). Working and Learning during the COVID-19 Confinement: An Exploratory Analysis with a Small Sample from Portugal. Informatics, 8.","DOI":"10.3390\/informatics8030044"},{"key":"ref_71","doi-asserted-by":"crossref","unstructured":"Sobral, S., Jesus-Silva, N., Cardoso, A., and Moreira, F. (2021). EU27 Higher Education Institutions and COVID-19, Year 2020. Int. J. Environ. Res. Public Health, 18.","DOI":"10.3390\/ijerph18115963"},{"key":"ref_72","first-page":"1387","article-title":"International Classification of Sleep Disorders-Third Edition","volume":"146","author":"Sateia","year":"2014","journal-title":"Contemp. Rev. Sleep Med."}],"container-title":["Informatics"],"original-title":[],"language":"en","link":[{"URL":"https:\/\/www.mdpi.com\/2227-9709\/8\/3\/51\/pdf","content-type":"unspecified","content-version":"vor","intended-application":"similarity-checking"}],"deposited":{"date-parts":[[2025,10,11]],"date-time":"2025-10-11T06:43:23Z","timestamp":1760165003000},"score":1,"resource":{"primary":{"URL":"https:\/\/www.mdpi.com\/2227-9709\/8\/3\/51"}},"subtitle":[],"short-title":[],"issued":{"date-parts":[[2021,8,10]]},"references-count":72,"journal-issue":{"issue":"3","published-online":{"date-parts":[[2021,9]]}},"alternative-id":["informatics8030051"],"URL":"https:\/\/doi.org\/10.3390\/informatics8030051","relation":{},"ISSN":["2227-9709"],"issn-type":[{"type":"electronic","value":"2227-9709"}],"subject":[],"published":{"date-parts":[[2021,8,10]]}}}