{"status":"ok","message-type":"work","message-version":"1.0.0","message":{"indexed":{"date-parts":[[2026,4,2]],"date-time":"2026-04-02T09:28:40Z","timestamp":1775122120125,"version":"3.50.1"},"reference-count":56,"publisher":"MDPI AG","issue":"2","license":[{"start":{"date-parts":[[2026,3,28]],"date-time":"2026-03-28T00:00:00Z","timestamp":1774656000000},"content-version":"vor","delay-in-days":0,"URL":"https:\/\/creativecommons.org\/licenses\/by\/4.0\/"}],"funder":[{"name":"FCT\u2014Funda\u00e7\u00e3o para a Ci\u00eancia e a Tecnologia","award":["Ref\u00aa UID\/06317\/2023"],"award-info":[{"award-number":["Ref\u00aa UID\/06317\/2023"]}]},{"award":["Ref\u00aa UID\/06317\/2023"],"award-info":[{"award-number":["Ref\u00aa UID\/06317\/2023"]}],"id":[{"id":"https:\/\/ror.org\/00snfqn58","id-type":"ROR","asserted-by":"publisher"}]}],"content-domain":{"domain":[],"crossmark-restriction":false},"short-container-title":["Adolescents"],"abstract":"<jats:p>Scientific evidence shows that perception of adolescents\u2019 psychological adjustment in residential care varies depending on the informant. This study examined discrepancies between adolescents\u2019 self-reports and caregiver reports of psychological adjustment in 46 residential care institutions across Portugal. Data were collected from a sample of 511 adolescents (aged 12\u201324) and their institutional caregivers using the Strengths and Difficulties Questionnaire and the Socially Desirable Response Set-5. Descriptive statistics and paired-samples t-tests were conducted to compare mean scores between informants. Intraclass correlation coefficients and Cohen\u2019s Kappa were calculated to assess agreement. Results revealed significant differences across all subscales and the total difficulties score, with adolescents consistently reporting more emotional, behavioral, and peer-related problems than caregivers, regardless of sex or age. Agreement ranged from poor to moderate, with the lowest concordance for internalizing symptoms. These discrepancies underscore the role of developmental factors in shaping self- and caregiver perceptions and highlight the importance of multi-informant, developmentally sensitive assessments in residential care. Practical implications include incorporating adolescents\u2019 perspectives into evaluation and intervention, enhancing caregiver training to recognize internalizing issues, and implementing age- and gender-tailored mental health programs.<\/jats:p>","DOI":"10.3390\/adolescents6020030","type":"journal-article","created":{"date-parts":[[2026,3,30]],"date-time":"2026-03-30T08:22:36Z","timestamp":1774858956000},"page":"30","update-policy":"https:\/\/doi.org\/10.3390\/mdpi_crossmark_policy","source":"Crossref","is-referenced-by-count":0,"title":["Psychological Adjustment of Adolescents in Residential Care: A Multi-Informant Analysis of Youth and Caregiver Reports"],"prefix":"10.3390","volume":"6","author":[{"ORCID":"https:\/\/orcid.org\/0000-0002-0838-9255","authenticated-orcid":false,"given":"Ana","family":"Sim\u00e3o","sequence":"first","affiliation":[{"name":"University Research Center in Psychology (CUIP), Universidade do Algarve, Campus de Gambelas, 8005-135 Faro, Portugal"}]},{"ORCID":"https:\/\/orcid.org\/0000-0002-1009-0519","authenticated-orcid":false,"given":"Cristina","family":"Nunes","sequence":"additional","affiliation":[{"name":"University Research Center in Psychology (CUIP), Universidade do Algarve, Campus de Gambelas, 8005-135 Faro, Portugal"}]}],"member":"1968","published-online":{"date-parts":[[2026,3,28]]},"reference":[{"key":"ref_1","doi-asserted-by":"crossref","first-page":"317","DOI":"10.1037\/0003-066X.54.5.317","article-title":"Adolescent storm and stress, reconsidered","volume":"54","author":"Arnett","year":"1999","journal-title":"Am. Psychol."},{"key":"ref_2","doi-asserted-by":"crossref","unstructured":"Babicka-Wirkus, A., Koz\u0142owski, P., Wirkus, \u0141., and Stasiak, K. (2023). Internalizing and externalizing disorder levels among adolescents: Data from Poland. Int. J. Environ. Res. Public Health, 20.","DOI":"10.3390\/ijerph20032752"},{"key":"ref_3","doi-asserted-by":"crossref","first-page":"60","DOI":"10.1017\/S1092852900022884","article-title":"Affect regulation, brain development, and behavioral\/emotional health in adolescence","volume":"6","author":"Dahl","year":"2001","journal-title":"CNS Spectr."},{"key":"ref_4","unstructured":"\u0160i\u0161ka, J., and Beadle-Brown, J. (2020). Transition from Institutional Care to Community-Based Services in 27 EU Member States: Final Report, Eurochild. Available online: https:\/\/eurochild.org\/resource\/report-on-the-transition-from-institutional-care-to-community-based-services\/."},{"key":"ref_5","unstructured":"Instituto da Seguran\u00e7a Social, I.P. (2025, February 15). CASA 2023: Relat\u00f3rio de Caracteriza\u00e7\u00e3o Anual da Situa\u00e7\u00e3o de Acolhimento das Crian\u00e7as e jovens. Available online: https:\/\/www.seg-social.pt\/documents\/10152\/13326\/Relat%C3%B3rio_CASA_2023\/da8913ce-97e0-4b5d-ae10-bf16c7a88901."},{"key":"ref_6","unstructured":"(2025, February 15). Law n.\u00ba 142\/2015. Law for the Protection of Children and Young People in Danger. Di\u00e1rio da Rep\u00fablica, Available online: https:\/\/diariodarepublica.pt\/dr\/detalhe\/lei\/142-2015-70215246."},{"key":"ref_7","doi-asserted-by":"crossref","first-page":"104761","DOI":"10.1016\/j.childyouth.2020.104761","article-title":"Staff support and adolescent adjustment difficulties: The moderating role of length of stay in the residential care setting","volume":"110","year":"2020","journal-title":"Child. Youth Serv. Rev."},{"key":"ref_8","doi-asserted-by":"crossref","first-page":"129","DOI":"10.1080\/15548732.2011.617272","article-title":"Psychological adjustment of children in foster care: Review and implications for best practice","volume":"6","author":"Jones","year":"2012","journal-title":"J. Public Child Welf."},{"key":"ref_9","doi-asserted-by":"crossref","first-page":"305","DOI":"10.1111\/j.1365-2206.2012.00846.x","article-title":"A secure base? The adolescent\u2013staff relationship in secure residential youth care","volume":"18","author":"Harder","year":"2013","journal-title":"Child Fam. Soc. Work"},{"key":"ref_10","doi-asserted-by":"crossref","first-page":"629","DOI":"10.1177\/001316448904900315","article-title":"A five-item measure of Socially Desirable Response Set","volume":"49","author":"Hays","year":"1989","journal-title":"Educ. Psychol. Meas."},{"key":"ref_11","doi-asserted-by":"crossref","first-page":"27","DOI":"10.1080\/0886571X.2018.1515602","article-title":"The Legacy of The Other 23 Hours and the Future of Child and Youth Care","volume":"36","author":"Anglin","year":"2019","journal-title":"Resid. Treat. Child. Youth"},{"key":"ref_12","first-page":"51","article-title":"Competencias emocionales y autoestima en la adolescencia: Impacto sobre el ajuste psicol\u00f3gico","volume":"6","author":"Schoeps","year":"2019","journal-title":"Rev. Psicol. Clin. Ninos Adolesc."},{"key":"ref_13","doi-asserted-by":"crossref","first-page":"1235","DOI":"10.1007\/s10566-024-09795-8","article-title":"Systematic review of the psychometric evidence supporting use of the Depression Anxiety Stress Scales, Short Form (DASS-21) with Youth","volume":"53","author":"Dwight","year":"2024","journal-title":"Child Youth Care Forum"},{"key":"ref_14","doi-asserted-by":"crossref","first-page":"761","DOI":"10.1016\/j.childyouth.2005.08.006","article-title":"Externalizing behavior disorders in child welfare settings: Definition, prevalence, and implications for assessment and treatment","volume":"28","author":"Keil","year":"2006","journal-title":"Child. Youth Serv. Rev."},{"key":"ref_15","doi-asserted-by":"crossref","first-page":"400","DOI":"10.6018\/analesps.428631","article-title":"Needs analysis for the personal, social, and psychological adjustment of adolescents at risk of delinquency and juvenile offenders","volume":"36","author":"Novo","year":"2020","journal-title":"An. Psicol."},{"key":"ref_16","doi-asserted-by":"crossref","first-page":"308","DOI":"10.1016\/j.anpedi.2014.03.020","article-title":"Quejas som\u00e1ticas, conciencia emocional e inadaptaci\u00f3n en poblaci\u00f3n escolar","volume":"82","author":"Maganto","year":"2015","journal-title":"An. Pediatr."},{"key":"ref_17","doi-asserted-by":"crossref","first-page":"583","DOI":"10.1177\/10775595211012482","article-title":"Sibling separation and placement instability for children in foster care","volume":"27","author":"Font","year":"2022","journal-title":"Child Maltreat."},{"key":"ref_18","doi-asserted-by":"crossref","first-page":"364","DOI":"10.1002\/car.2428","article-title":"Psychosocial adaptation of young victims of physical neglect","volume":"26","year":"2017","journal-title":"Child Abuse Rev."},{"key":"ref_19","doi-asserted-by":"crossref","first-page":"260","DOI":"10.1080\/13229400.2015.1106333","article-title":"Do sibling relationships protect adolescents in residential care and traditional families from developing psychopathologies?","volume":"23","author":"Mota","year":"2017","journal-title":"J. Fam. Stud."},{"key":"ref_20","doi-asserted-by":"crossref","first-page":"1483","DOI":"10.1007\/s10566-025-09859-3","article-title":"Determinants of psychological adjustment of institutionalized adolescents: A systematic review","volume":"54","author":"Santos","year":"2025","journal-title":"Child Youth Care Forum"},{"key":"ref_21","doi-asserted-by":"crossref","first-page":"279","DOI":"10.1007\/s10488-014-0568-y","article-title":"Assessment of adolescent mental health and behavioral problems in institutional care: Discrepancies between staff-reported CBCL scores and adolescent-reported YSR scores","volume":"42","author":"Gearing","year":"2015","journal-title":"Adm. Policy Ment. Health Ment. Health Serv. Res."},{"key":"ref_22","doi-asserted-by":"crossref","first-page":"483","DOI":"10.1037\/0033-2909.131.4.483","article-title":"Informant discrepancies in the assessment of childhood psychopathology: A critical review, theoretical framework, and recommendations for further study","volume":"131","author":"Kazdin","year":"2005","journal-title":"Psychol. Bull."},{"key":"ref_23","doi-asserted-by":"crossref","first-page":"139","DOI":"10.6018\/analesps.542161","article-title":"Psychological adjustment of children and adolescents in residential care with Collaborating Families: A multi-informant assessment","volume":"40","author":"Molano","year":"2024","journal-title":"An. Psicol."},{"key":"ref_24","doi-asserted-by":"crossref","first-page":"113","DOI":"10.1007\/s00787-009-0047-2","article-title":"Mental health of adolescents reared in institutional care in Turkey: Challenges and hope in the twenty-first century","volume":"19","author":"Erol","year":"2010","journal-title":"Eur. Child Adolesc. Psychiatry"},{"key":"ref_25","doi-asserted-by":"crossref","first-page":"237","DOI":"10.1007\/s10560-018-0594-9","article-title":"Emotional and behavioral problems and psychosocial skills in adolescents in residential care","volume":"36","author":"Campos","year":"2019","journal-title":"Child Adolesc. Soc. Work J."},{"key":"ref_26","doi-asserted-by":"crossref","first-page":"84","DOI":"10.1016\/j.jrp.2014.09.001","article-title":"The Dark Triad of personality in adolescence: Psychometric properties of a concise measure and associations with adolescent adjustment from a multi-informant perspective","volume":"53","author":"Klimstra","year":"2014","journal-title":"J. Res. Pers."},{"key":"ref_27","doi-asserted-by":"crossref","first-page":"17","DOI":"10.1016\/j.ijlp.2016.05.003","article-title":"Psychometric properties of the Socially Desirable Response Set-5 among incarcerated male and female juvenile offenders","volume":"49","author":"Pechorro","year":"2016","journal-title":"Int. J. Law Psychiatry"},{"key":"ref_28","doi-asserted-by":"crossref","first-page":"581","DOI":"10.1111\/j.1469-7610.1997.tb01545.x","article-title":"The Strengths and Difficulties Questionnaire: A research note","volume":"38","author":"Goodman","year":"1997","journal-title":"J. Child Psychol. Psychiatry"},{"key":"ref_29","first-page":"99","article-title":"Propriedades psicom\u00e9tricas do Question\u00e1rio de Capacidades e de Dificuldades na vers\u00e3o portuguesa de auto-resposta\/Psychometric properties of the Portuguese self-report version of the Strengths and Difficulties Questionnaire","volume":"16","author":"Pechorro","year":"2011","journal-title":"J. Consult. Liaison Psychiatry"},{"key":"ref_30","unstructured":"IBM Corp (IBM SPSS Statistics for Windows, 2024). IBM SPSS Statistics for Windows, version 30.0."},{"key":"ref_31","doi-asserted-by":"crossref","first-page":"155","DOI":"10.1016\/j.jcm.2016.02.012","article-title":"A guideline of selecting and reporting intraclass correlation coefficients for reliability research","volume":"15","author":"Koo","year":"2016","journal-title":"J. Chiropr. Med."},{"key":"ref_32","unstructured":"(2025, April 24). The Jamovi Project, version 2.6. Available online: https:\/\/www.jamovi.org."},{"key":"ref_33","unstructured":"R Core Team (2025, April 24). R: A Language and Environment for Statistical Computing, Available online: https:\/\/cran.r-project.org."},{"key":"ref_34","doi-asserted-by":"crossref","first-page":"4148","DOI":"10.21105\/joss.04148","article-title":"SimplyAgree: An R package and jamovi Module for Simplifying Agreement and Reliability Analyses","volume":"7","author":"Caldwell","year":"2022","journal-title":"J. Open Source Softw."},{"key":"ref_35","unstructured":"Gamer, M., Jim Lemon, J., and Singh, I. (2025, April 24). IRR: Various Coefficients of Interrater Reliability and Agreement. [R Package]. Available online: https:\/\/CRAN.R-project.org\/package=irr."},{"key":"ref_36","unstructured":"Seol, H. (2025, April 24). Seolmatrix: Correlations Suite for Jamovi, Available online: https:\/\/github.com\/hyunsooseol\/seolmatrix."},{"key":"ref_37","doi-asserted-by":"crossref","first-page":"361","DOI":"10.1037\/0033-2909.131.3.361","article-title":"Assessment of adult psychopathology: Meta-analyses and implications of cross-informant correlations","volume":"131","author":"Achenbach","year":"2005","journal-title":"Psychol. Bull."},{"key":"ref_38","doi-asserted-by":"crossref","first-page":"691","DOI":"10.1007\/s00787-009-0030-y","article-title":"Screening for psychopathology in child welfare: The Strengths and Difficulties Questionnaire (SDQ) compared with the Achenbach System of Empirically Based Assessment (ASEBA)","volume":"18","author":"Janssens","year":"2009","journal-title":"Eur. Child Adolesc. Psychiatry"},{"key":"ref_39","doi-asserted-by":"crossref","first-page":"294","DOI":"10.1177\/1077559518769375","article-title":"Caregiver\u2013Adolescent Disagreement on the Mental Health of Youth in Foster Care: The Moderating Role of the Caregiver Relationship","volume":"23","author":"McWey","year":"2018","journal-title":"Child Maltreatment"},{"key":"ref_40","first-page":"5","article-title":"Youth characteristics associated with behavioral and mental health problems during the transition to residential treatment centers: The Odyssey Project population","volume":"86","author":"Baker","year":"2007","journal-title":"Child Welfare"},{"key":"ref_41","doi-asserted-by":"crossref","first-page":"105507","DOI":"10.1016\/j.childyouth.2020.105507","article-title":"Cognitive and behavioural profile of minors in residential care: The role of executive functions","volume":"119","author":"Mavrou","year":"2020","journal-title":"Child. Youth Serv. Rev."},{"key":"ref_42","doi-asserted-by":"crossref","first-page":"375","DOI":"10.1007\/s10578-020-01118-x","article-title":"Internalizing symptoms among youth in foster care: Prevalence and associations with exposure to maltreatment","volume":"53","author":"Moussavi","year":"2022","journal-title":"Child Psychiatry Hum. Dev."},{"key":"ref_43","doi-asserted-by":"crossref","first-page":"351","DOI":"10.1037\/0022-006X.75.2.351","article-title":"Epidemiological comparisons of problems and positive qualities reported by adolescents in 24 countries","volume":"75","author":"Rescorla","year":"2007","journal-title":"J. Consult. Clin. Psychol."},{"key":"ref_44","doi-asserted-by":"crossref","first-page":"689","DOI":"10.1111\/jora.12075","article-title":"Linking childhood maltreatment with girls\u2019 internalizing symptoms: Early puberty as a tipping point","volume":"24","author":"Mendle","year":"2014","journal-title":"J. Res. Adolesc."},{"key":"ref_45","doi-asserted-by":"crossref","first-page":"561","DOI":"10.1007\/s10560-022-00909-6","article-title":"Quality of relationships between residential staff and youth: A systematic review","volume":"41","author":"Pinheiro","year":"2024","journal-title":"Child Adolesc. Soc. Work J."},{"key":"ref_46","doi-asserted-by":"crossref","first-page":"1038","DOI":"10.1037\/0022-006X.68.6.1038","article-title":"Patterns and correlates of agreement between parent, teacher, and male adolescent ratings of externalizing and internalizing problems","volume":"68","author":"Youngstrom","year":"2000","journal-title":"J. Consult. Clin. Psychol."},{"key":"ref_47","doi-asserted-by":"crossref","first-page":"150","DOI":"10.1097\/00004703-200406000-00002","article-title":"Patterns of agreement between parent and child ratings of emotional and behavioral problems in an outpatient clinical setting: When children endorse more problems","volume":"25","author":"Martin","year":"2004","journal-title":"J. Dev. Behav. Pediatr."},{"key":"ref_48","doi-asserted-by":"crossref","first-page":"103","DOI":"10.2307\/1130905","article-title":"Age and sex differences in perceptions of networks of personal relationships","volume":"63","author":"Furman","year":"1992","journal-title":"Child Dev."},{"key":"ref_49","doi-asserted-by":"crossref","first-page":"319","DOI":"10.1023\/A:1005147708827","article-title":"Social support from parents and friends and emotional problems in adolescence","volume":"29","author":"Helsen","year":"2000","journal-title":"J. Youth Adolesc."},{"key":"ref_50","doi-asserted-by":"crossref","first-page":"351","DOI":"10.1016\/j.adolescence.2012.12.005","article-title":"Interpersonal relationships and emotional distress in adolescence","volume":"36","author":"Kenny","year":"2013","journal-title":"J. Adolesc."},{"key":"ref_51","doi-asserted-by":"crossref","first-page":"49","DOI":"10.1207\/s15374424jccp3401_5","article-title":"Adolescent peer relations, friendships, and romantic relationships: Do they predict social anxiety and depression?","volume":"34","author":"Harrison","year":"2005","journal-title":"J. Clin. Child Adolesc. Psychol."},{"key":"ref_52","doi-asserted-by":"crossref","first-page":"104588","DOI":"10.1016\/j.childyouth.2019.104588","article-title":"Detection of behavioral and emotional disorders in residential child care: Using a multi informant approach","volume":"108","author":"Bravo","year":"2020","journal-title":"Child. Youth Serv. Rev."},{"key":"ref_53","doi-asserted-by":"crossref","first-page":"1","DOI":"10.1007\/s10802-012-9659-y","article-title":"Testing informant discrepancies as predictors of early adolescent psychopathology: Why difference scores cannot tell you what you want to know and how polynomial regression may","volume":"41","author":"Laird","year":"2013","journal-title":"J. Abnorm. Child Psychol."},{"key":"ref_54","first-page":"1","article-title":"Introduction to the special section: More than measurement error: Discovering meaning behind informant discrepancies in clinical assessments of children and adolescents","volume":"40","year":"2011","journal-title":"J. Clin. Child Adolesc. Psychol."},{"key":"ref_55","first-page":"709","article-title":"Depressive symptoms in caregivers and association with affective and behavioral problems in children and adolescents","volume":"93","year":"2022","journal-title":"Andes Pediatr."},{"key":"ref_56","doi-asserted-by":"crossref","first-page":"822","DOI":"10.1177\/02654075231215824","article-title":"Youth-caregiver relationship quality in residential youth care: Professionals\u2019 perceptions and experiences","volume":"41","author":"Ferreira","year":"2024","journal-title":"J. Soc. Pers Relatsh."}],"container-title":["Adolescents"],"original-title":[],"language":"en","link":[{"URL":"https:\/\/www.mdpi.com\/2673-7051\/6\/2\/30\/pdf","content-type":"unspecified","content-version":"vor","intended-application":"similarity-checking"}],"deposited":{"date-parts":[[2026,4,2]],"date-time":"2026-04-02T08:28:15Z","timestamp":1775118495000},"score":1,"resource":{"primary":{"URL":"https:\/\/www.mdpi.com\/2673-7051\/6\/2\/30"}},"subtitle":[],"short-title":[],"issued":{"date-parts":[[2026,3,28]]},"references-count":56,"journal-issue":{"issue":"2","published-online":{"date-parts":[[2026,4]]}},"alternative-id":["adolescents6020030"],"URL":"https:\/\/doi.org\/10.3390\/adolescents6020030","relation":{},"ISSN":["2673-7051"],"issn-type":[{"value":"2673-7051","type":"electronic"}],"subject":[],"published":{"date-parts":[[2026,3,28]]}}}