{"status":"ok","message-type":"work","message-version":"1.0.0","message":{"indexed":{"date-parts":[[2026,2,1]],"date-time":"2026-02-01T21:51:37Z","timestamp":1769982697167,"version":"3.49.0"},"reference-count":25,"publisher":"MDPI AG","issue":"3","license":[{"start":{"date-parts":[[2023,5,10]],"date-time":"2023-05-10T00:00:00Z","timestamp":1683676800000},"content-version":"vor","delay-in-days":0,"URL":"https:\/\/creativecommons.org\/licenses\/by\/4.0\/"}],"content-domain":{"domain":[],"crossmark-restriction":false},"short-container-title":["Audiology Research"],"abstract":"<jats:p>The cause of childhood hearing impairment (excluding infectious pathology of the middle ear) can be extrinsic (embryofoetopathy, meningitis, trauma, drug ototoxicity, noise trauma, etc [...]<\/jats:p>","DOI":"10.3390\/audiolres13030029","type":"journal-article","created":{"date-parts":[[2023,5,10]],"date-time":"2023-05-10T03:49:06Z","timestamp":1683690546000},"page":"341-346","update-policy":"https:\/\/doi.org\/10.3390\/mdpi_crossmark_policy","source":"Crossref","is-referenced-by-count":7,"title":["Genetic Evaluation of Prelingual Hearing Impairment: Recommendations of an European Network for Genetic Hearing Impairment"],"prefix":"10.3390","volume":"13","author":[{"given":"Laurence","family":"Jonard","sequence":"first","affiliation":[{"name":"Centre de R\u00e9f\u00e9rence \u00abSurdit\u00e9s G\u00e9n\u00e9tiques\u00bb, F\u00e9d\u00e9ration de G\u00e9n\u00e9tique, Centre de Recherche en Audiologie (CREA), H\u00f4pital Necker-Enfants Malades, Assistance Publique H\u00f4pitaux de Paris, 75015 Paris, France"}]},{"ORCID":"https:\/\/orcid.org\/0000-0002-6291-4399","authenticated-orcid":false,"given":"Davide","family":"Brotto","sequence":"additional","affiliation":[{"name":"ENT Unit, Neurosciences Department, University of Padova, 35122 Padova, Italy"}]},{"ORCID":"https:\/\/orcid.org\/0000-0003-3839-5098","authenticated-orcid":false,"given":"Miguel A.","family":"Moreno-Pelayo","sequence":"additional","affiliation":[{"name":"Centro de Investigaci\u00f3n Biom\u00e9dica en Red de Enfermedades Raras (CIBERER), Instituto Ram\u00f3n y Cajal deInvestigaciones Sani-tarias (IRYCIS), Genetics Department, University hospital Ram\u00f3n y Cajal, 28034 Madrid, Spain"}]},{"ORCID":"https:\/\/orcid.org\/0000-0003-1188-3665","authenticated-orcid":false,"given":"Ignacio","family":"del Castillo","sequence":"additional","affiliation":[{"name":"Centro de Investigaci\u00f3n Biom\u00e9dica en Red de Enfermedades Raras (CIBERER), Instituto Ram\u00f3n y Cajal deInvestigaciones Sani-tarias (IRYCIS), Genetics Department, University hospital Ram\u00f3n y Cajal, 28034 Madrid, Spain"}]},{"ORCID":"https:\/\/orcid.org\/0000-0002-0841-8693","authenticated-orcid":false,"given":"Hannie","family":"Kremer","sequence":"additional","affiliation":[{"name":"Department of Otorhinolaryngology and Department of Human Genetics, Hearing & Genes, Radboud University Medical Center, Donders Institute for Brain, Cognition and Behaviour, Radboud University, 6525 XZ Nijmegen, The Netherlands"}]},{"ORCID":"https:\/\/orcid.org\/0000-0001-5517-9683","authenticated-orcid":false,"given":"Ronald","family":"Pennings","sequence":"additional","affiliation":[{"name":"Department of Otorhinolaryngology and Department of Human Genetics, Hearing & Genes, Radboud University Medical Center, Donders Institute for Brain, Cognition and Behaviour, Radboud University, 6525 XZ Nijmegen, The Netherlands"},{"name":"Donders Institute for Brain, Cognition and Behaviour, Radboud University, 6525 XZ Nijmegen, The Netherlands"}]},{"ORCID":"https:\/\/orcid.org\/0000-0002-2175-2303","authenticated-orcid":false,"given":"Helena","family":"Caria","sequence":"additional","affiliation":[{"name":"BioISI\u2014Biosystems & Integrative Sciences Institute, Faculty of Sciences, University of Lisboa, 1649-004 Lisboa, Portugal"},{"name":"Biomedical Sciences Department, CIIAS\u2014School of Health, Polytechnic Institute of Setubal, 2914-503 Setubal, Portugal"}]},{"given":"Gra\u00e7a","family":"Fialho","sequence":"additional","affiliation":[{"name":"BioISI\u2014Biosystems & Integrative Sciences Institute, Faculty of Sciences, University of Lisboa, 1649-004 Lisboa, Portugal"}]},{"ORCID":"https:\/\/orcid.org\/0000-0002-6918-0674","authenticated-orcid":false,"given":"An","family":"Boudewyns","sequence":"additional","affiliation":[{"name":"Department of Otorhinolaryngology, Head and Neck Surgery, Antwerp University Hospital, University of Antwerp, 2000 Edegem, Belgium"}]},{"ORCID":"https:\/\/orcid.org\/0000-0001-5105-9000","authenticated-orcid":false,"given":"Guy","family":"Van Camp","sequence":"additional","affiliation":[{"name":"Center for Medical Genetics, University of Antwerp, 2000 Antwerp, Belgium"}]},{"ORCID":"https:\/\/orcid.org\/0000-0002-4216-9141","authenticated-orcid":false,"given":"Monika","family":"O\u0142dak","sequence":"additional","affiliation":[{"name":"Department of Genetics, Institute of Physiology and Pathology of Hearing, 02-042 Warsaw, Poland"}]},{"ORCID":"https:\/\/orcid.org\/0000-0002-3454-8002","authenticated-orcid":false,"given":"Dominika","family":"Ozi\u0119b\u0142o","sequence":"additional","affiliation":[{"name":"Department of Genetics, Institute of Physiology and Pathology of Hearing, 02-042 Warsaw, Poland"}]},{"ORCID":"https:\/\/orcid.org\/0000-0002-0448-7579","authenticated-orcid":false,"given":"Na\u00efma","family":"Deggouj","sequence":"additional","affiliation":[{"name":"ENT Department, UCLouvain, Academic Hospital Saint-Luc-Brussels, 1200 Bruxelles, Belgium"}]},{"ORCID":"https:\/\/orcid.org\/0000-0003-4514-8095","authenticated-orcid":false,"given":"Romolo Daniele","family":"De Siati","sequence":"additional","affiliation":[{"name":"ENT Department, UCLouvain, Academic Hospital Saint-Luc-Brussels, 1200 Bruxelles, Belgium"}]},{"given":"Paolo","family":"Gasparini","sequence":"additional","affiliation":[{"name":"Medical Genetics, Institute for Ma-ternal and Child Health (IRCCS) \u201cBurlo Garofolo\u201d, Department of Medical, Surgery and Health Sciences, University of Trieste, 34127 Trieste, Italy"}]},{"ORCID":"https:\/\/orcid.org\/0000-0003-4507-6589","authenticated-orcid":false,"given":"Giorgia","family":"Girotto","sequence":"additional","affiliation":[{"name":"Medical Genetics, Institute for Ma-ternal and Child Health (IRCCS) \u201cBurlo Garofolo\u201d, Department of Medical, Surgery and Health Sciences, University of Trieste, 34127 Trieste, Italy"}]},{"given":"Margriet","family":"Verstreken","sequence":"additional","affiliation":[{"name":"European Institute for ORL, GZA Campus St Augustinus, 2610 Antwerp, Belgium"}]},{"ORCID":"https:\/\/orcid.org\/0000-0002-6694-9249","authenticated-orcid":false,"given":"Silvia","family":"Dossena","sequence":"additional","affiliation":[{"name":"Institute of Pharmacology and Toxicology, Paracelsus Medical University, 5020 Salzburg, Austria"}]},{"ORCID":"https:\/\/orcid.org\/0000-0003-3579-6435","authenticated-orcid":false,"given":"Sebastian","family":"Roesch","sequence":"additional","affiliation":[{"name":"Department of Otorhinolaryngology, Head and Neck Surgery, Paracelsus Medical University, 5020 Salzburg, Austria"}]},{"ORCID":"https:\/\/orcid.org\/0000-0003-1478-0573","authenticated-orcid":false,"given":"Saba","family":"Battelino","sequence":"additional","affiliation":[{"name":"Department of Otorhinolaryngology and Cervicofacial Surgery, University Medical Centre Ljubljana, Medical Faculty, University of Ljubljana, 1000 Ljubljana, Slovenia"}]},{"ORCID":"https:\/\/orcid.org\/0000-0002-0154-3547","authenticated-orcid":false,"given":"Katarina","family":"Trebu\u0161ak Podkraj\u0161ek","sequence":"additional","affiliation":[{"name":"Institute of Biochemistry and Molecular Genetics, Medical Faculty, University of Ljubljana, 1000 Ljubljana, Slovenia"}]},{"given":"Athanasia","family":"Warnecke","sequence":"additional","affiliation":[{"name":"Department of Otorhinolaryngology\u2014Head and Neck Surgery, Hannover Medical School, D-30625 Hannover, Germany"},{"name":"Cluster of Excellence Hearing4all, German Research Foundation, Oldenburg 26129, Germany"}]},{"ORCID":"https:\/\/orcid.org\/0000-0002-9307-5989","authenticated-orcid":false,"given":"Thomas","family":"Lenarz","sequence":"additional","affiliation":[{"name":"Department of Otorhinolaryngology\u2014Head and Neck Surgery, Hannover Medical School, D-30625 Hannover, Germany"},{"name":"Cluster of Excellence Hearing4all, German Research Foundation, Oldenburg 26129, Germany"}]},{"given":"Anke","family":"Lesinski-Schiedat","sequence":"additional","affiliation":[{"name":"Medical Head German Hearing Center, Department of Otorhinolaryngology, Medical University of Hannover, D-30625 Hannover, Germany"}]},{"given":"Michel","family":"Mondain","sequence":"additional","affiliation":[{"name":"ENT Department, CHU Montpellier, Universit\u00e9 de Montpellier, 34090 Montpellier, France"}]},{"ORCID":"https:\/\/orcid.org\/0000-0001-5914-2335","authenticated-orcid":false,"given":"Anne-Fran\u00e7oise","family":"Roux","sequence":"additional","affiliation":[{"name":"Laboratoire de G\u00e9n\u00e9tique Mol\u00e9culaire, CHU de Montpellier, Universit\u00e9 de Montpellier, 34090 Montpellier, France"}]},{"given":"Fran\u00e7oise","family":"Denoyelle","sequence":"additional","affiliation":[{"name":"Service d\u2019ORL P\u00e9diatrique et de Chirurgie Cervico-Faciale, INSERM UMR 1120, H\u00f4pital Necker-Enfants Malades, Assistance Publique H\u00f4pitaux de Paris, 75015 Paris, France"}]},{"given":"Natalie","family":"Loundon","sequence":"additional","affiliation":[{"name":"Centre de R\u00e9f\u00e9rence \u00abSurdit\u00e9s G\u00e9n\u00e9tiques\u00bb, F\u00e9d\u00e9ration de G\u00e9n\u00e9tique, Centre de Recherche en Audiologie (CREA), H\u00f4pital Necker-Enfants Malades, Assistance Publique H\u00f4pitaux de Paris, 75015 Paris, France"},{"name":"Service d\u2019ORL P\u00e9diatrique et de Chirurgie Cervico-Faciale, INSERM UMR 1120, H\u00f4pital Necker-Enfants Malades, Assistance Publique H\u00f4pitaux de Paris, 75015 Paris, France"}]},{"ORCID":"https:\/\/orcid.org\/0000-0002-1165-0872","authenticated-orcid":false,"given":"Margaux","family":"Serey Gaut","sequence":"additional","affiliation":[{"name":"Centre de R\u00e9f\u00e9rence \u00abSurdit\u00e9s G\u00e9n\u00e9tiques\u00bb, F\u00e9d\u00e9ration de G\u00e9n\u00e9tique, Centre de Recherche en Audiologie (CREA), H\u00f4pital Necker-Enfants Malades, Assistance Publique H\u00f4pitaux de Paris, 75015 Paris, France"}]},{"given":"Patrizia","family":"Trevisi","sequence":"additional","affiliation":[{"name":"ENT Unit, Neurosciences Department, University of Padova, 35122 Padova, Italy"}]},{"given":"Elisa","family":"Rubinato","sequence":"additional","affiliation":[{"name":"Medical Genetics, Institute for Ma-ternal and Child Health (IRCCS) \u201cBurlo Garofolo\u201d, Department of Medical, Surgery and Health Sciences, University of Trieste, 34127 Trieste, Italy"}]},{"ORCID":"https:\/\/orcid.org\/0000-0002-2003-6348","authenticated-orcid":false,"given":"Alessandro","family":"Martini","sequence":"additional","affiliation":[{"name":"ENT Unit, Neurosciences Department, University of Padova, 35122 Padova, Italy"}]},{"ORCID":"https:\/\/orcid.org\/0000-0002-4115-9806","authenticated-orcid":false,"given":"Sandrine","family":"Marlin","sequence":"additional","affiliation":[{"name":"Centre de R\u00e9f\u00e9rence \u00abSurdit\u00e9s G\u00e9n\u00e9tiques\u00bb, F\u00e9d\u00e9ration de G\u00e9n\u00e9tique, Centre de Recherche en Audiologie (CREA), H\u00f4pital Necker-Enfants Malades, Assistance Publique H\u00f4pitaux de Paris, 75015 Paris, France"},{"name":"Laboratory of Embryology and Genetics of Malformations, Imagine Institute, INSERM UMR 1163, Universit\u00e9 de Paris, 75015 Paris, France"}]}],"member":"1968","published-online":{"date-parts":[[2023,5,10]]},"reference":[{"key":"ref_1","unstructured":"Toriello, H.V., and Smith, S.D. (2013). Hereditary Hearing Loss and Its Syndromes, Oxford University Press. [3rd ed.]."},{"key":"ref_2","unstructured":"(2022, November 16). Hereditary Hearing Loss. Available online: https:\/\/hereditaryhearingloss.org\/."},{"key":"ref_3","doi-asserted-by":"crossref","first-page":"972","DOI":"10.1542\/peds.2014-1173","article-title":"Hearing loss and congenital CMV infection: A systematic review","volume":"134","author":"Goderis","year":"2014","journal-title":"Pediatrics"},{"key":"ref_4","doi-asserted-by":"crossref","first-page":"505","DOI":"10.1016\/j.ejpn.2008.10.002","article-title":"Usher syndrome type 1: Early detection of electroretinographic changes","volume":"13","author":"Renault","year":"2009","journal-title":"Eur. J. Paediatr. Neurol."},{"key":"ref_5","doi-asserted-by":"crossref","first-page":"183","DOI":"10.1002\/humu.21402","article-title":"Mutation screening of the EYA1, SIX1 and SIX5 genes in a large cohort of patients harboring branchio-oto-renal syndrome calls into question the pathogenic role of SIX5 mutations","volume":"32","author":"Krug","year":"2011","journal-title":"Hum. Mutat."},{"key":"ref_6","doi-asserted-by":"crossref","unstructured":"Roesch, S., Bernardinelli, E., Nofziger, C., T\u00f3th, M., Patsch, W., Rasp, G., Paulmichl, M., and Dossena, S. (2018). Functional Testing of SLC26A4 Variants-Clinical and Molecular Analysis of a Cohort with Enlarged Vestibular Aqueduct from Austria. Int. J. Mol. Sci., 19.","DOI":"10.3390\/ijms19010209"},{"key":"ref_7","doi-asserted-by":"crossref","unstructured":"7. Denoyelle, F., Marlin, S., Weil, D., Moatti, L., Chauvin, P., Garab\u00e9dian, E.N., and Petit, C. (1999). Clinical features of the prevalent form of chilhood deafness, DFNB1, underlied by a connexin 26 gene defect: Implication for the genetic counselling. Lancet, 353, 1298\u20131303.","DOI":"10.1016\/S0140-6736(98)11071-1"},{"key":"ref_8","doi-asserted-by":"crossref","first-page":"2441","DOI":"10.1007\/s00405-018-5083-4","article-title":"Analysis of GJB2 mutations and the clinical manifestation in a large Hungarian cohort","volume":"275","author":"Milley","year":"2018","journal-title":"Eur. Arch. Otorhinolaryngol."},{"key":"ref_9","doi-asserted-by":"crossref","first-page":"428","DOI":"10.3389\/fnmol.2017.00428","article-title":"DFNB1 Non-syndromic Hearing Impairment: Diversity of Mutations and Associated Phenotypes","volume":"10","year":"2017","journal-title":"Front. Mol. Neurosci."},{"key":"ref_10","doi-asserted-by":"crossref","first-page":"345","DOI":"10.1038\/ng726","article-title":"Mutations in a new gene encoding a protein of the hair bundle cause non-syndromic deafness at the DFNB16 locus","volume":"29","author":"Verpy","year":"2001","journal-title":"Nat. Genet."},{"key":"ref_11","doi-asserted-by":"crossref","first-page":"233","DOI":"10.1136\/jmg.2006.045765","article-title":"Sensorineural deafness and male infertility: A contiguous gene deletion syndrome","volume":"44","author":"Zhang","year":"2007","journal-title":"J. Med. Genet."},{"key":"ref_12","doi-asserted-by":"crossref","first-page":"4","DOI":"10.1002\/cii.416","article-title":"Cochlear implantation in inner ear malformations\u2014A review article","volume":"11","author":"Sennaroglu","year":"2010","journal-title":"Cochlear. Implant. Int."},{"key":"ref_13","doi-asserted-by":"crossref","first-page":"737","DOI":"10.1016\/j.bbrc.2010.03.062","article-title":"Temperature-sensitive auditory neuropathy associated with an otoferlin mutation: Deafening fever!","volume":"394","author":"Marlin","year":"2010","journal-title":"Biochem. Biophys. Res. Commun."},{"key":"ref_14","doi-asserted-by":"crossref","first-page":"494","DOI":"10.1016\/j.ijporl.2010.02.004","article-title":"Five new OTOF gene mutations and auditory neuropathy","volume":"74","author":"Zadro","year":"2010","journal-title":"Int. J. Pediatr. Otorhinolaryngol."},{"key":"ref_15","doi-asserted-by":"crossref","first-page":"558","DOI":"10.1111\/j.1399-0004.2009.01215.x","article-title":"Phenotype and genotype in females with pou3f4 mutations","volume":"76","author":"Marlin","year":"2009","journal-title":"Clin. Genet."},{"key":"ref_16","doi-asserted-by":"crossref","first-page":"327","DOI":"10.2174\/1389202919666171218163046","article-title":"X-Linked Sensorineural Hearing Loss: A Literature Review","volume":"19","author":"Corvino","year":"2018","journal-title":"Curr. Genom."},{"key":"ref_17","doi-asserted-by":"crossref","unstructured":"Cabanillas, R., Di\u00f1eiro, M., Cifuentes, G.A., Castillo, D., Pruneda, P.C., \u00c1lvarez, R., S\u00e1nchez-Dur\u00e1n, N., Cap\u00edn, R., Plasencia, A., and Viejo-D\u00edaz, M. (2018). Comprehensive genomic diagnosis of non-syndromic and syndromic hereditary hearing loss in Spanish patients. BMC Med. Genom., 11.","DOI":"10.1186\/s12920-018-0375-5"},{"key":"ref_18","doi-asserted-by":"crossref","first-page":"751","DOI":"10.1080\/14737159.2017.1340834","article-title":"Molecular diagnostics for hereditary hearing loss in children","volume":"17","author":"Sommen","year":"2017","journal-title":"Expert Rev. Mol. Diagn."},{"key":"ref_19","doi-asserted-by":"crossref","first-page":"1730","DOI":"10.1038\/ejhg.2016.99","article-title":"An innovative strategy for the molecular diagnosis of Usher syndrome identifies causal biallelic mutations in 93% of European patients","volume":"24","author":"Bonnet","year":"2016","journal-title":"Eur. J. Hum. Genet."},{"key":"ref_20","doi-asserted-by":"crossref","first-page":"2239","DOI":"10.1038\/s41436-019-0487-0","article-title":"ClinGen expert clinical validity curation of 164 hearing loss gene-disease pairs","volume":"21","author":"DiStefano","year":"2019","journal-title":"Genet. Med."},{"key":"ref_21","doi-asserted-by":"crossref","first-page":"308","DOI":"10.1038\/ejhg.2016.182","article-title":"The diagnostic yield of whole-exome sequencing targeting a gene panel for hearing impairment in The Netherlands","volume":"25","author":"Wesdorp","year":"2017","journal-title":"Eur. J. Hum. Genet."},{"key":"ref_22","doi-asserted-by":"crossref","first-page":"58","DOI":"10.1016\/j.heares.2019.01.003","article-title":"Hereditary hearing loss; about the known and the unknown","volume":"376","author":"Kremer","year":"2019","journal-title":"Hear. Res."},{"key":"ref_23","doi-asserted-by":"crossref","first-page":"236","DOI":"10.3389\/fnmol.2017.00236","article-title":"Recent Advancements in the Regeneration of Auditory Hair Cells and Hearing Restoration","volume":"31","author":"Mittal","year":"2017","journal-title":"Front. Mol. Neurosci."},{"key":"ref_24","doi-asserted-by":"crossref","first-page":"649","DOI":"10.1007\/s10162-017-0634-8","article-title":"Emerging Gene Therapies for Genetic Hearing Loss","volume":"18","author":"Ahmed","year":"2017","journal-title":"J. Assoc. Res. Otolaryngol."},{"key":"ref_25","first-page":"3394","article-title":"Viral Transfer of Mini-Otoferlins Partially Restores the Fast Component of Exocytosis and Uncovers Ultrafast Endocytosis in Auditory Hair Cells of Otoferlin Knock-Out Mice","volume":"39","author":"Tertrais","year":"2019","journal-title":"J. Neurosci."}],"container-title":["Audiology Research"],"original-title":[],"language":"en","link":[{"URL":"https:\/\/www.mdpi.com\/2039-4349\/13\/3\/29\/pdf","content-type":"unspecified","content-version":"vor","intended-application":"similarity-checking"}],"deposited":{"date-parts":[[2025,10,10]],"date-time":"2025-10-10T19:31:51Z","timestamp":1760124711000},"score":1,"resource":{"primary":{"URL":"https:\/\/www.mdpi.com\/2039-4349\/13\/3\/29"}},"subtitle":[],"short-title":[],"issued":{"date-parts":[[2023,5,10]]},"references-count":25,"journal-issue":{"issue":"3","published-online":{"date-parts":[[2023,6]]}},"alternative-id":["audiolres13030029"],"URL":"https:\/\/doi.org\/10.3390\/audiolres13030029","relation":{},"ISSN":["2039-4349"],"issn-type":[{"value":"2039-4349","type":"electronic"}],"subject":[],"published":{"date-parts":[[2023,5,10]]}}}