{"status":"ok","message-type":"work","message-version":"1.0.0","message":{"indexed":{"date-parts":[[2026,1,27]],"date-time":"2026-01-27T22:04:18Z","timestamp":1769551458126,"version":"3.49.0"},"reference-count":83,"publisher":"MDPI AG","issue":"11","license":[{"start":{"date-parts":[[2021,10,29]],"date-time":"2021-10-29T00:00:00Z","timestamp":1635465600000},"content-version":"vor","delay-in-days":0,"URL":"https:\/\/creativecommons.org\/licenses\/by\/4.0\/"}],"funder":[{"DOI":"10.13039\/501100001871","name":"Funda\u00e7\u00e3o para a Ci\u00eancia e Tecnologia","doi-asserted-by":"publisher","award":["SFRH\/BPD\/97970\/2013"],"award-info":[{"award-number":["SFRH\/BPD\/97970\/2013"]}],"id":[{"id":"10.13039\/501100001871","id-type":"DOI","asserted-by":"publisher"}]},{"DOI":"10.13039\/501100001871","name":"Funda\u00e7\u00e3o para a Ci\u00eancia e Tecnologia","doi-asserted-by":"publisher","award":["UIDB\/04033\/2020"],"award-info":[{"award-number":["UIDB\/04033\/2020"]}],"id":[{"id":"10.13039\/501100001871","id-type":"DOI","asserted-by":"publisher"}]},{"DOI":"10.13039\/501100001871","name":"Funda\u00e7\u00e3o para a Ci\u00eancia e Tecnologia","doi-asserted-by":"publisher","award":["DL57\/2016\/CP1382\/CT0004"],"award-info":[{"award-number":["DL57\/2016\/CP1382\/CT0004"]}],"id":[{"id":"10.13039\/501100001871","id-type":"DOI","asserted-by":"publisher"}]},{"DOI":"10.13039\/501100001871","name":"Funda\u00e7\u00e3o para a Ci\u00eancia e Tecnologia","doi-asserted-by":"publisher","award":["UIDB\/00239\/2020"],"award-info":[{"award-number":["UIDB\/00239\/2020"]}],"id":[{"id":"10.13039\/501100001871","id-type":"DOI","asserted-by":"publisher"}]}],"content-domain":{"domain":[],"crossmark-restriction":false},"short-container-title":["Forests"],"abstract":"<jats:p>Quercus rotundifolia Lam., known as holm oak or evergreen oak, occurs naturally in the western Mediterranean region, mainly as part of the agroforestry or agrosilvopastoral systems in Portugal (\u201cmontado\u201d) and Spain (\u201cdehesa\u201d), and is economically important for acorn production. Less attention has been given to Q. rotundifolia wood, and its density variability is not known, namely related to tree growth. The wood density of 20 Q. rotundifolia trees was measured along the radial direction by X-ray densitometry and the factors responsible for ring width and wood density variation within and between trees were investigated at two sites located within the main species region in southern Portugal. Ring width was significantly different between sites, with an average of 1.81 mm and 1.55 mm. Wood density was very high and averaged between 888 kg\/m3 and 914 kg\/m3 but not significantly different between sites. Ring width and wood density showed a positive and significant correlation at both sites. Cambial age was the main source of variation for ring width and wood density, while between-tree effects accounted for a considerable proportion of wood density variation. The results are an important contribution for the species valorisation aiming at high-value wood products, also adding knowledge on the species growth of interest for tree selection and sustainable management.<\/jats:p>","DOI":"10.3390\/f12111499","type":"journal-article","created":{"date-parts":[[2021,11,1]],"date-time":"2021-11-01T22:21:08Z","timestamp":1635805268000},"page":"1499","update-policy":"https:\/\/doi.org\/10.3390\/mdpi_crossmark_policy","source":"Crossref","is-referenced-by-count":12,"title":["Wood Density and Ring Width in Quercus rotundifolia Trees in Southern Portugal"],"prefix":"10.3390","volume":"12","author":[{"given":"Vicelina","family":"Sousa","sequence":"first","affiliation":[{"name":"Centro de Estudos Florestais, Instituto Superior de Agronomia, Universidade de Lisboa, Tapada da Ajuda, 1349-017 Lisboa, Portugal"}]},{"given":"Maria Em\u00edlia","family":"Silva","sequence":"additional","affiliation":[{"name":"Departamento Florestal\/CITAB, Universidade de Tr\u00e1s-os-Montes e Alto Douro, Quinta de Prados Apartado 202, 5000-911 Vila Real, Portugal"}]},{"ORCID":"https:\/\/orcid.org\/0000-0002-0991-1711","authenticated-orcid":false,"given":"Jos\u00e9 Lu\u00eds","family":"Louzada","sequence":"additional","affiliation":[{"name":"Departamento Florestal\/CITAB, Universidade de Tr\u00e1s-os-Montes e Alto Douro, Quinta de Prados Apartado 202, 5000-911 Vila Real, Portugal"}]},{"given":"Helena","family":"Pereira","sequence":"additional","affiliation":[{"name":"Centro de Estudos Florestais, Instituto Superior de Agronomia, Universidade de Lisboa, Tapada da Ajuda, 1349-017 Lisboa, Portugal"}]}],"member":"1968","published-online":{"date-parts":[[2021,10,29]]},"reference":[{"key":"ref_1","unstructured":"San-Miguel-Ayanz, J., de Rigo, D., Caudullo, G., Durrant, T.H., and Mauri, A. (2016). Quercus ilex in Europe: Distribution, habitat, usage and threats. European Atlas of Forest Tree Species, Publication Office of the European Union."},{"key":"ref_2","unstructured":"FAO (2014). L\u2019\u00e9tat des ressources g\u00e9n\u00e9tiques foresti\u00e8res. Rapport National. Le Royaume Du Maroc, FAO. Available online: https:\/\/www.fao.org\/3\/i3825e\/i3825e45.pdf."},{"key":"ref_3","unstructured":"ICNF (2015). 6\u00ba Invent\u00e1rio Florestal Nacional. Relat\u00f3rio Final, Instituto da Conserva\u00e7\u00e3o da Natureza e das Florestas."},{"key":"ref_4","doi-asserted-by":"crossref","first-page":"601","DOI":"10.1038\/sj.hdy.6801007","article-title":"Differences in fine-scale genetic structure and dispersal in Quercus ilex L. and Q. suber L.: Consequences for regeneration of mediterranean open woods","volume":"99","author":"Soto","year":"2007","journal-title":"Heredity"},{"key":"ref_5","first-page":"119","article-title":"Biologia, ecologia e distribui\u00e7\u00e3o da azinheira (Biology, ecology and distribution of holm oak)","volume":"3","author":"Capelo","year":"2007","journal-title":"Os montados-Muito para al\u00e9m das \u00e1rvores"},{"key":"ref_6","unstructured":"Pelegr\u00edn, E., Peguero-Pina, J.J., and Sancho-Knapik, D. (2018). Oaks Physiological Ecology. Exploring the Functional Diversity of Genus Quercus L, Springer."},{"key":"ref_7","unstructured":"Pereira, H. (1998). A azinheira: Quercus ilex ou Quercus rotundifolia?. Proceedings of the Sobreiro e Corti\u00e7a\/Cork oak and Cork, European Conference on Cork oak and Cork, Lisboa, Portugal, 5\u20137 May 1997, Centro de Estudos Florestais."},{"key":"ref_8","unstructured":"Burley, J. (2004). Temperate and mediterranean Forests | Mediterranean Forest Ecosystems. Encyclopedia of Forest Sciences, Elsevier."},{"key":"ref_9","doi-asserted-by":"crossref","first-page":"471","DOI":"10.1007\/s11056-018-9629-5","article-title":"Trends in evergreen oak suitability from assembled species distribution models: Assessing climate change in south-western Europe","volume":"49","author":"Vessella","year":"2018","journal-title":"New For."},{"key":"ref_10","doi-asserted-by":"crossref","first-page":"51","DOI":"10.1016\/j.dendro.2016.03.003","article-title":"The role of climate change in the widespread mortality of holm oak in open woodlands of Southwestern Spain","volume":"38","author":"Natalini","year":"2016","journal-title":"Dendrochronologia"},{"key":"ref_11","doi-asserted-by":"crossref","first-page":"76","DOI":"10.1016\/j.foreco.2016.10.002","article-title":"Ecological implications of different water use strategies in three coexisting mediterranean tree species","volume":"382","author":"Mayoral","year":"2016","journal-title":"For. Ecol. Manag."},{"key":"ref_12","doi-asserted-by":"crossref","first-page":"247","DOI":"10.1051\/forest:19930303","article-title":"Growth response of holm oak (Quercus ilex L) to commercial thinning in the Montseny mountains (NE Spain)","volume":"50","author":"Mayor","year":"1993","journal-title":"Ann. des Sci. For."},{"key":"ref_13","doi-asserted-by":"crossref","first-page":"787","DOI":"10.1007\/s00468-009-0320-5","article-title":"Summer-drought constrains the phenology and growth of two coexisting Mediterranean oaks with contrasting leaf habit: Implications for their persistence and reproduction","volume":"23","author":"Camarero","year":"2009","journal-title":"Trees"},{"key":"ref_14","first-page":"83","article-title":"Effects of a severe drought on Quercus ilex radial growth and xylem anatomy","volume":"18","author":"Corcuera","year":"2003","journal-title":"Trees"},{"key":"ref_15","doi-asserted-by":"crossref","first-page":"1583","DOI":"10.1890\/08-2047.1","article-title":"On the differential advantages of evergreenness and deciduousness in mediterranean oak woodlands: A flux perspective","volume":"20","author":"Baldocchi","year":"2010","journal-title":"Ecol. Appl."},{"key":"ref_16","doi-asserted-by":"crossref","first-page":"584","DOI":"10.1007\/s11694-016-9340-1","article-title":"Nutritional characterization of acorn flour (a traditional component of the Mediterranean gastronomical folklore)","volume":"10","author":"Silva","year":"2016","journal-title":"J. Food Meas. Charact."},{"key":"ref_17","unstructured":"Carvalho, A. (1997). Madeiras Portuguesas\u2014Estrutura Anat\u00f3mica, Propriedades, Utiliza\u00e7\u00f5es, Direc\u00e7\u00e3o-Geral das Florestas."},{"key":"ref_18","doi-asserted-by":"crossref","first-page":"1183","DOI":"10.1016\/j.buildenv.2005.07.053","article-title":"Evergreen Mediterranean hardwoods as particleboard raw material","volume":"42","author":"Barboutis","year":"2007","journal-title":"Build. Environ."},{"key":"ref_19","first-page":"74","article-title":"Etude de Quelques Propri\u00e9t\u00e9s Du Bois de Ch\u00eane Vert (Quercus ilex) Dans La R\u00e9gion d\u2019El-Hassasna (Saida-Alg\u00e9rie)","volume":"XVI","author":"Dilem","year":"1995","journal-title":"For. M\u00e9diterr."},{"key":"ref_20","doi-asserted-by":"crossref","unstructured":"Zobel, B.J., and Van Buijtenen, J. (1989). Wood Variation. Its Causes and Control, Springer.","DOI":"10.1007\/978-3-642-74069-5"},{"key":"ref_21","doi-asserted-by":"crossref","first-page":"437","DOI":"10.1007\/s00468-002-0173-7","article-title":"Wood specific gravity and its radial variations: The many ways to make a tree","volume":"16","author":"Woodcock","year":"2002","journal-title":"Trees"},{"key":"ref_22","doi-asserted-by":"crossref","unstructured":"Bastin, J.-F., Fayolle, A., Tarelkin, Y., Bulcke, J.V.D., De Haulleville, T., Mortier, F., Beeckman, H., Van Acker, J., Serckx, A., and Bogaert, J. (2015). Wood Specific Gravity Variations and Biomass of Central African Tree Species: The Simple Choice of the Outer Wood. PLoS ONE, 10.","DOI":"10.1371\/journal.pone.0142146"},{"key":"ref_23","doi-asserted-by":"crossref","first-page":"2587","DOI":"10.1139\/x93-320","article-title":"Modelling wood density in European oak (Quercus petraea and Quercus robur) and simulating the silvicultural influence","volume":"23","author":"Zhang","year":"1993","journal-title":"Can. J. For. Res."},{"key":"ref_24","doi-asserted-by":"crossref","first-page":"398","DOI":"10.1007\/s004680000055","article-title":"Long-term changes in wood density and radial growth of Quercus petraea Liebl. In northern France since the middle of the nineteenth century","volume":"14","author":"Dupouey","year":"2000","journal-title":"Trees"},{"key":"ref_25","doi-asserted-by":"crossref","first-page":"8","DOI":"10.5424\/fs\/2016251-08411","article-title":"Age trends and within-site effects in wood density and radial growth in Quercus faginea mature trees","volume":"25","author":"Sousa","year":"2016","journal-title":"For. Syst."},{"key":"ref_26","doi-asserted-by":"crossref","first-page":"465","DOI":"10.1093\/forestry\/cpn012","article-title":"Within-tree and between-tree variation of wood density components in cork oak trees in two sites in Portugal","volume":"81","author":"Knapic","year":"2008","journal-title":"Forestry"},{"key":"ref_27","doi-asserted-by":"crossref","first-page":"91","DOI":"10.1051\/forest\/19730201","article-title":"Qualit\u00e9 du bois et largeur d\u2019accroissements en for\u00eat Tron\u00e7ais","volume":"30","author":"Polge","year":"1973","journal-title":"Ann. Sci. Forest"},{"key":"ref_28","doi-asserted-by":"crossref","first-page":"635","DOI":"10.1051\/forest:19950609","article-title":"Influence du type de station foresti\u00e8re sur les composantes intracernes de la densit\u00e9 du bois du ch\u00eane p\u00e9doncul\u00e9 (Quercus robur L.) dans les ch\u00eanaies de l\u2019Adour et des coteaux basco-b\u00e9arnais","volume":"52","author":"Ackermann","year":"1995","journal-title":"Ann. For. Sci."},{"key":"ref_29","doi-asserted-by":"crossref","first-page":"567","DOI":"10.1016\/j.foreco.2007.09.027","article-title":"Effects of ecological factors on radial growth and wood density components of sessile oak (Quercus petraea Liebl.) in Northern France","volume":"255","author":"Nepveu","year":"2008","journal-title":"For. Ecol. Manag."},{"key":"ref_30","doi-asserted-by":"crossref","unstructured":"Sousa, V.B., Louzada, J.L., and Pereira, H. (2018). Variation of Ring Width and Wood Density in Two Unmanaged Stands of the Mediterranean Oak Quercus faginea. Forests, 9.","DOI":"10.3390\/f9010044"},{"key":"ref_31","doi-asserted-by":"crossref","first-page":"522","DOI":"10.4267\/2042\/5460","article-title":"Les Ch\u00eanes Sessile et P\u00e9doncul\u00e9 (Quercus petraea Liebl. et Quercus robur L.) Dans Le R\u00e9seau RENECOFOR: Rythme de Croissance Radiale, Anatomie Du Bois, de l\u2019aubier et de l\u2019\u00e9corce","volume":"51","author":"Lebourgeois","year":"1999","journal-title":"Rev. For. Fran\u00e7aise"},{"key":"ref_32","doi-asserted-by":"crossref","first-page":"111","DOI":"10.1016\/j.foreco.2003.07.033","article-title":"The influence of site quality, silviculture and region on wood density mixed model in Quercus petraea Liebl","volume":"189","author":"Guilley","year":"2004","journal-title":"For. Ecol. Manag."},{"key":"ref_33","doi-asserted-by":"crossref","first-page":"225","DOI":"10.1051\/forest:19910209","article-title":"Variations de la croissance radiale de Quercus ilex L en fonction du climat","volume":"48","author":"Zhang","year":"1991","journal-title":"Ann. For. Sci."},{"key":"ref_34","doi-asserted-by":"crossref","first-page":"637","DOI":"10.1007\/s00468-011-0540-3","article-title":"Climate controls act at different scales on the seasonal pattern of Quercus ilex L. stem radial increments in NE Spain","volume":"25","author":"Campelo","year":"2011","journal-title":"Trees"},{"key":"ref_35","doi-asserted-by":"crossref","first-page":"1213","DOI":"10.1093\/treephys\/tpy061","article-title":"Contrasting physiological responses to Mediterranean climate variability are revealed by intra-annual density fluctuations in tree rings of Quercus ilex L. and Pinus pinea L.","volume":"38","author":"Zalloni","year":"2018","journal-title":"Tree Physiol."},{"key":"ref_36","first-page":"1","article-title":"Incorporating Wood Density in Breeding Programs for Softwoods in Europe: A Strategy and Associated Methods","volume":"50","author":"Rozenberg","year":"2001","journal-title":"Silvae Genet."},{"key":"ref_37","first-page":"219","article-title":"IAWA List of Microscopic Features for Hardwood Identification","volume":"10","author":"Wheeler","year":"1989","journal-title":"IAWA J. Int. Assoc. Wood Anat."},{"key":"ref_38","doi-asserted-by":"crossref","first-page":"119","DOI":"10.1017\/S1464793102006000","article-title":"Identification, measurement and interpretation of tree rings in woody species from Mediterranean climates","volume":"78","author":"Cherubini","year":"2003","journal-title":"Biol. Rev."},{"key":"ref_39","unstructured":"Schweingruber, F.H. (1990). Anatomy of European Woods, Swiss Federal Institute for Forest, Snow and Landscape Research."},{"key":"ref_40","doi-asserted-by":"crossref","first-page":"149","DOI":"10.1163\/22941932-90000210","article-title":"Characterization of Cork Oak (Quercus suber) Wood Anatomy","volume":"30","author":"Sousa","year":"2009","journal-title":"IAWA J."},{"key":"ref_41","doi-asserted-by":"crossref","first-page":"293","DOI":"10.1163\/22941932-00000067","article-title":"Age trends in the wood anatomy of Quercus faginea","volume":"35","author":"Sousa","year":"2014","journal-title":"IAWA J."},{"key":"ref_42","doi-asserted-by":"crossref","first-page":"639","DOI":"10.1139\/x89-100","article-title":"Climate sensitivity of wood-anatomical features in a ring-porous oak (Quercus macrocarpa)","volume":"19","author":"Woodcock","year":"1989","journal-title":"Can. J. For. Res."},{"key":"ref_43","doi-asserted-by":"crossref","first-page":"90","DOI":"10.1007\/PL00009701","article-title":"Stem xylem features in three Quercus (Fagaceae) species along a climatic gradient in NE Spain","volume":"12","year":"1997","journal-title":"Trees"},{"key":"ref_44","doi-asserted-by":"crossref","first-page":"463","DOI":"10.1007\/s00468-010-0414-0","article-title":"Vessel features of Quercus ilex L. growing under Mediterranean climate have a better climatic signal than tree-ring width","volume":"24","author":"Campelo","year":"2010","journal-title":"Trees"},{"key":"ref_45","doi-asserted-by":"crossref","first-page":"2317","DOI":"10.1139\/x06-133","article-title":"Influence of climate on tree rings and vessel features in red oak and white oak growing near their northern distribution limit, southwestern Quebec, Canada","volume":"36","author":"Tardif","year":"2006","journal-title":"Can. J. For. Res."},{"key":"ref_46","doi-asserted-by":"crossref","first-page":"1251","DOI":"10.1007\/s00468-012-0701-z","article-title":"Influence of climate on tree-ring and earlywood vessel formation in Quercus robur in Latvia","volume":"26","author":"Matisons","year":"2012","journal-title":"Trees"},{"key":"ref_47","doi-asserted-by":"crossref","unstructured":"Gupta, P., and Gupta, S. (2020). Wood anatomy of Indian oaks, with reference to systematic, ecological and evolutionary perspectives. Nord. J. Bot., 38.","DOI":"10.1111\/njb.02570"},{"key":"ref_48","doi-asserted-by":"crossref","unstructured":"Crivellaro, A., and Schweingruber, F.H. (2013). Atlas of Wood, Bark and Pith Anatomy of Eastern Mediterranean Trees and Shrubs, Springer.","DOI":"10.1007\/978-3-642-37235-3"},{"key":"ref_49","doi-asserted-by":"crossref","first-page":"31","DOI":"10.1007\/s10342-013-0733-y","article-title":"Variation in wood density and ring width in Acacia melanoxylon at four sites in Portugal","volume":"133","author":"Tavares","year":"2013","journal-title":"Eur. J. For. Res."},{"key":"ref_50","doi-asserted-by":"crossref","first-page":"327","DOI":"10.1016\/j.indcrop.2014.01.040","article-title":"Evaluation on paper making potential of nine Eucalyptus species based on wood anatomical features","volume":"54","author":"Pirralho","year":"2014","journal-title":"Ind. Crop. Prod."},{"key":"ref_51","doi-asserted-by":"crossref","first-page":"241","DOI":"10.1163\/22941932-90001528","article-title":"Wood Identification -A Review","volume":"19","author":"Wheeler","year":"1998","journal-title":"IAWA J."},{"key":"ref_52","first-page":"215-S2","article-title":"Linking functional traits and climate-growth relationships in Mediterranean species through wood density","volume":"40","author":"Camarero","year":"2019","journal-title":"IAWA J."},{"key":"ref_53","doi-asserted-by":"crossref","first-page":"341","DOI":"10.1007\/s13595-015-0523-4","article-title":"Prior height, growth, and wood anatomy differently predispose to drought-induced dieback in two Mediterranean oak species","volume":"73","author":"Camarero","year":"2015","journal-title":"Ann. For. Sci."},{"key":"ref_54","doi-asserted-by":"crossref","first-page":"244","DOI":"10.1163\/22941932-bja10049","article-title":"Characterization and comparison of the wood anatomical traits of plantation grown Quercus acutissima and Quercus variabilis","volume":"42","author":"Wang","year":"2021","journal-title":"IAWA J."},{"key":"ref_55","first-page":"3","article-title":"Valorisation de Diff\u00e9rentes Esp\u00e8ces M\u00e9diterran\u00e9ennes\u2014Characteristics and Technological Properties of the Wood of Mediterranean Evergreen Hardwoods","volume":"XVI","author":"Voulgaridis","year":"1995","journal-title":"For\u00eat. M\u00e9llitermn\u00e9enne"},{"key":"ref_56","doi-asserted-by":"crossref","first-page":"211","DOI":"10.1051\/forest:2006105","article-title":"Radial variation of wood density components and ring width in cork oak trees","volume":"64","author":"Knapic","year":"2007","journal-title":"Ann. For. Sci."},{"key":"ref_57","doi-asserted-by":"crossref","first-page":"99","DOI":"10.1093\/forestry\/cps057","article-title":"Consequences of faster growth for wood density in northern red oak (Quercus rubra Liebl.)","volume":"86","author":"Genet","year":"2012","journal-title":"Forestry"},{"key":"ref_58","unstructured":"Tsoumis, G. (1991). Science and Technology of Wood: Structure, Properties, Utilization, Van Nostrand Reinhold."},{"key":"ref_59","doi-asserted-by":"crossref","first-page":"670","DOI":"10.1111\/j.1365-2745.2006.01112.x","article-title":"The role of wood density and stem support costs in the growth and mortality of tropical trees","volume":"94","author":"King","year":"2006","journal-title":"J. Ecol."},{"key":"ref_60","doi-asserted-by":"crossref","first-page":"281","DOI":"10.1111\/j.1365-2745.2007.01343.x","article-title":"Growth and wood density predict tree mortality in Amazon forests","volume":"96","author":"Chao","year":"2008","journal-title":"J. Ecol."},{"key":"ref_61","doi-asserted-by":"crossref","first-page":"10","DOI":"10.1016\/j.actao.2014.01.003","article-title":"Functional traits predict drought performance and distribution of Mediterranean woody species","volume":"56","author":"Villar","year":"2014","journal-title":"Acta Oecologica"},{"key":"ref_62","doi-asserted-by":"crossref","first-page":"445","DOI":"10.1163\/22941932-90000642","article-title":"Between- and Within-Tree Variation in the Anatomy and Specific Gravity of Wood in Oregon White oak (Quercus Garryana Dougl.)","volume":"17","author":"Lei","year":"1996","journal-title":"IAWA J."},{"key":"ref_63","doi-asserted-by":"crossref","first-page":"483","DOI":"10.15517\/rbt.v60i1.2783","article-title":"Growth rate and ring width variability of teak, Tectona grandis (Verbenaceae) in an unmanaged forest in East Timor","volume":"60","author":"Sousa","year":"2012","journal-title":"Rev. Biol. Trop."},{"key":"ref_64","unstructured":"Paul, B. (1963). The Application of Silviculture in Controlling the Specific Gravity of Wood."},{"key":"ref_65","first-page":"61","article-title":"Factors affecting radial growth of Quercus ilex L. in a coppice stand in Southern France","volume":"99\u2013100","author":"Floret","year":"1992","journal-title":"Vegetatio"},{"key":"ref_66","first-page":"13","article-title":"Crecimiento Diametral de La Encina (Quercus ilex L.) En Un A\u00f1o de Abundante Precipitaci\u00f3n Estival: Efecto de La Irrigaci\u00f3n Previa y de La Fertilizaci\u00f3n","volume":"9","author":"Mayor","year":"1994","journal-title":"Orsis  Org. I Sistemes"},{"key":"ref_67","doi-asserted-by":"crossref","unstructured":"Balzano, A., \u010cufar, K., and De Micco, V. (2021). Xylem and phloem formation dynamics in Quercus ilex L. at a dry site in Southern Italy. Forests, 12.","DOI":"10.3390\/f12020188"},{"key":"ref_68","doi-asserted-by":"crossref","first-page":"77","DOI":"10.1016\/j.dendro.2018.03.001","article-title":"The facultative bimodal growth pattern in Quercus ilex\u2014A simple model to predict sub-seasonal and inter-annual growth","volume":"49","author":"Campelo","year":"2018","journal-title":"Dendrochronologia"},{"key":"ref_69","unstructured":"Louro, G., Marques, H., and Salinas, F. (2002). Elementos de Apoio \u00e0 Elabora\u00e7\u00e3o de Projectos Florestais, Direc\u00e7\u00e3o-Geral das Florestas."},{"key":"ref_70","doi-asserted-by":"crossref","first-page":"599","DOI":"10.1007\/s10457-015-9794-x","article-title":"Effect of pruning and soil treatments on stem growth of holm oak in open woodland forests","volume":"89","author":"Alejano","year":"2015","journal-title":"Agrofor. Syst."},{"key":"ref_71","doi-asserted-by":"crossref","unstructured":"Ducrey, M., and Toth, J. (1992). Effect of cleaning and thinning on height growth and girth increment in holm oak coppices (Quercus ilex L.). Vegetatio, 365\u2013376.","DOI":"10.1007\/978-94-017-2836-2_38"},{"key":"ref_72","first-page":"55","article-title":"Silvicultural treatment of Holm Oak (Quercus ilex L.) coppices in Southern Sardinia: Effects of canopy cover and thinning practices on inner microclimate","volume":"27","author":"Fabbio","year":"1998","journal-title":"Ann.-Ist. Giangiacomo Feltrinelli"},{"key":"ref_73","doi-asserted-by":"crossref","first-page":"333","DOI":"10.1016\/j.foreco.2017.11.030","article-title":"Thinning increases tree growth by delaying drought-induced growth cessation in a Mediterranean evergreen oak coppice","volume":"409","author":"Cabon","year":"2018","journal-title":"For. Ecol. Manag."},{"key":"ref_74","doi-asserted-by":"crossref","first-page":"65","DOI":"10.1163\/22941932-90000861","article-title":"Juvenile Wood of Hardwoods Judged by Density Variation","volume":"5","author":"Fukazawa","year":"1984","journal-title":"IAWA J."},{"key":"ref_75","doi-asserted-by":"crossref","first-page":"866","DOI":"10.3832\/ifor1346-008","article-title":"Earlywood vessel features in Quercus faginea: Relationship between ring width and wood density at two sites in Portugal","volume":"8","author":"Sousa","year":"2015","journal-title":"iForest-Biogeosciences For."},{"key":"ref_76","doi-asserted-by":"crossref","first-page":"127","DOI":"10.1163\/22941932-90001474","article-title":"Latewood Density in Relation to Wood Fibre Diameter, Wall Thickness, and Fibre and Vessel Percentages in Quercus robur L.","volume":"18","author":"Rao","year":"1997","journal-title":"IAWA J."},{"key":"ref_77","doi-asserted-by":"crossref","unstructured":"Zhang, S., and Zhong, Y. (1992). Structure-property relationship of wood in East-Liaoning oak. Wood Sci. Technol., 26.","DOI":"10.1007\/BF00194469"},{"key":"ref_78","doi-asserted-by":"crossref","first-page":"1023","DOI":"10.1007\/s10342-011-0487-3","article-title":"Vessel size and number are contributors to define wood density in cork oak","volume":"130","author":"Leal","year":"2011","journal-title":"Eur. J. For. Res."},{"key":"ref_79","doi-asserted-by":"crossref","first-page":"456","DOI":"10.1111\/plb.12701","article-title":"Insights into intraspecific wood density variation and its relationship to growth, height and elevation in a treeline species","volume":"20","author":"Fajardo","year":"2018","journal-title":"Plant Biol."},{"key":"ref_80","first-page":"512","article-title":"Mechanical properties in relation to specific gravity in 342 Chinese woods","volume":"26","author":"Zhang","year":"2007","journal-title":"Wood Fiber Sci."},{"key":"ref_81","doi-asserted-by":"crossref","first-page":"1019","DOI":"10.1051\/forest:19960509","article-title":"Pr\u00e9vision de la variabilit\u00e9 intra- et interarbre de la densit\u00e9 du bois de ch\u00eane rouvre (Quercus petraea Liebl) par mod\u00e9lisation des largeurs et des densit\u00e9s des bois initial et final en fonction de l\u2019\u00e2ge cambial, de la largeur de cerne et du niveau dans l\u2019arbre","volume":"53","author":"Degron","year":"1996","journal-title":"Ann. For. Sci."},{"key":"ref_82","doi-asserted-by":"crossref","first-page":"449","DOI":"10.1051\/forest:19990601","article-title":"Modelling variability of within-ring density components in Quercus petraea Liebl. with mixed-effect models and simulating the influence of contrasting silvicultures on wood density","volume":"56","author":"Guilley","year":"1999","journal-title":"Ann. For. Sci."},{"key":"ref_83","doi-asserted-by":"crossref","unstructured":"Sousa, V., Ferreira, J.P.A., Miranda, I., Quilh\u00f3, T., and Pereira, H. (2021). Quercus rotundifolia Bark as a Source of Polar Extracts: Structural and Chemical Characterization. Forests, 12.","DOI":"10.3390\/f12091160"}],"container-title":["Forests"],"original-title":[],"language":"en","link":[{"URL":"https:\/\/www.mdpi.com\/1999-4907\/12\/11\/1499\/pdf","content-type":"unspecified","content-version":"vor","intended-application":"similarity-checking"}],"deposited":{"date-parts":[[2025,10,11]],"date-time":"2025-10-11T07:23:18Z","timestamp":1760167398000},"score":1,"resource":{"primary":{"URL":"https:\/\/www.mdpi.com\/1999-4907\/12\/11\/1499"}},"subtitle":[],"short-title":[],"issued":{"date-parts":[[2021,10,29]]},"references-count":83,"journal-issue":{"issue":"11","published-online":{"date-parts":[[2021,11]]}},"alternative-id":["f12111499"],"URL":"https:\/\/doi.org\/10.3390\/f12111499","relation":{},"ISSN":["1999-4907"],"issn-type":[{"value":"1999-4907","type":"electronic"}],"subject":[],"published":{"date-parts":[[2021,10,29]]}}}