{"status":"ok","message-type":"work","message-version":"1.0.0","message":{"indexed":{"date-parts":[[2026,4,16]],"date-time":"2026-04-16T09:44:48Z","timestamp":1776332688183,"version":"3.50.1"},"reference-count":92,"publisher":"MDPI AG","issue":"2","license":[{"start":{"date-parts":[[2023,2,8]],"date-time":"2023-02-08T00:00:00Z","timestamp":1675814400000},"content-version":"vor","delay-in-days":0,"URL":"https:\/\/creativecommons.org\/licenses\/by\/4.0\/"}],"funder":[{"DOI":"10.13039\/501100001871","name":"FCT\u2014Portuguese Foundation for Science and Technology","doi-asserted-by":"publisher","award":["PCIF\/AGT\/0136\/2017"],"award-info":[{"award-number":["PCIF\/AGT\/0136\/2017"]}],"id":[{"id":"10.13039\/501100001871","id-type":"DOI","asserted-by":"publisher"}]},{"DOI":"10.13039\/501100001871","name":"FCT\u2014Portuguese Foundation for Science and Technology","doi-asserted-by":"publisher","award":["2020.03873.CEECIND"],"award-info":[{"award-number":["2020.03873.CEECIND"]}],"id":[{"id":"10.13039\/501100001871","id-type":"DOI","asserted-by":"publisher"}]},{"DOI":"10.13039\/501100001871","name":"FCT\u2014Portuguese Foundation for Science and Technology","doi-asserted-by":"publisher","award":["UID\/AGR\/00239\/2020"],"award-info":[{"award-number":["UID\/AGR\/00239\/2020"]}],"id":[{"id":"10.13039\/501100001871","id-type":"DOI","asserted-by":"publisher"}]},{"DOI":"10.13039\/501100001871","name":"FCT\u2014Portuguese Foundation for Science and Technology","doi-asserted-by":"publisher","award":["UIDB\/00295\/2020"],"award-info":[{"award-number":["UIDB\/00295\/2020"]}],"id":[{"id":"10.13039\/501100001871","id-type":"DOI","asserted-by":"publisher"}]},{"DOI":"10.13039\/501100001871","name":"FCT\u2014Portuguese Foundation for Science and Technology","doi-asserted-by":"publisher","award":["UIDP\/00295\/2020"],"award-info":[{"award-number":["UIDP\/00295\/2020"]}],"id":[{"id":"10.13039\/501100001871","id-type":"DOI","asserted-by":"publisher"}]},{"name":"Forest Research Centre","award":["PCIF\/AGT\/0136\/2017"],"award-info":[{"award-number":["PCIF\/AGT\/0136\/2017"]}]},{"name":"Forest Research Centre","award":["2020.03873.CEECIND"],"award-info":[{"award-number":["2020.03873.CEECIND"]}]},{"name":"Forest Research Centre","award":["UID\/AGR\/00239\/2020"],"award-info":[{"award-number":["UID\/AGR\/00239\/2020"]}]},{"name":"Forest Research Centre","award":["UIDB\/00295\/2020"],"award-info":[{"award-number":["UIDB\/00295\/2020"]}]},{"name":"Forest Research Centre","award":["UIDP\/00295\/2020"],"award-info":[{"award-number":["UIDP\/00295\/2020"]}]},{"name":"Centre of Geographical Studies","award":["PCIF\/AGT\/0136\/2017"],"award-info":[{"award-number":["PCIF\/AGT\/0136\/2017"]}]},{"name":"Centre of Geographical Studies","award":["2020.03873.CEECIND"],"award-info":[{"award-number":["2020.03873.CEECIND"]}]},{"name":"Centre of Geographical Studies","award":["UID\/AGR\/00239\/2020"],"award-info":[{"award-number":["UID\/AGR\/00239\/2020"]}]},{"name":"Centre of Geographical Studies","award":["UIDB\/00295\/2020"],"award-info":[{"award-number":["UIDB\/00295\/2020"]}]},{"name":"Centre of Geographical Studies","award":["UIDP\/00295\/2020"],"award-info":[{"award-number":["UIDP\/00295\/2020"]}]}],"content-domain":{"domain":[],"crossmark-restriction":false},"short-container-title":["Fire"],"abstract":"<jats:p>Fire regimes in Mediterranean countries have been shifting in recent decades, including changes in wildfire size and frequency. We sought to describe changes in fire regimes across two periods (1975\u20131995 and 1996\u20132018) in a fire-prone region of central Portugal, explore the relationships between these regimes and territorial features, and check whether these associations persisted across periods. Two independent indicators of fire regimes were determined at parish level: fire incidence and burn concentration. Most parishes presented higher values of both indicators in the second period. Higher values of fire incidence were associated with lower population densities, lower proportions of farmland areas and higher proportions of natural vegetation. Higher levels of burn concentration were associated with smaller areas of farmland and natural vegetation. These associations differed across periods, reflecting contrasting climatic and socio-economic contexts. Keeping 40% of a parish territory covered by farmland was effective to buffer the increased wildfire risks associated with different management and climate contexts. The effectiveness of higher population densities in keeping fire incidence low decreased in the last decades. The results can improve the knowledge on the temporal evolution of fire regimes and their conditioning factors, providing contributions for spatial planning and forest\/wildfire management policies.<\/jats:p>","DOI":"10.3390\/fire6020060","type":"journal-article","created":{"date-parts":[[2023,2,9]],"date-time":"2023-02-09T02:32:07Z","timestamp":1675909927000},"page":"60","update-policy":"https:\/\/doi.org\/10.3390\/mdpi_crossmark_policy","source":"Crossref","is-referenced-by-count":30,"title":["Recent Trends in Fire Regimes and Associated Territorial Features in a Fire-Prone Mediterranean Region"],"prefix":"10.3390","volume":"6","author":[{"given":"Francisco","family":"Moreira","sequence":"first","affiliation":[{"name":"CIBIO, Centro de Investiga\u00e7\u00e3o em Biodiversidade e Recursos Gen\u00e9ticos, InBIO Laborat\u00f3rio Associado, Instituto Superior de Agronomia, Universidade de Lisboa. Tapada da Ajuda, 1349-017 Lisbon, Portugal"},{"name":"CIBIO, Centro de Investiga\u00e7\u00e3o em Biodiversidade e Recursos Gen\u00e9ticos, InBIO Laborat\u00f3rio Associado, Campus de Vair\u00e3o, Universidade do Porto, 4485-661 Vair\u00e3o, Portugal"},{"name":"BIOPOLIS Program in Genomics, Biodiversity and Land Planning, CIBIO, Campus de Vair\u00e3o, 4485-661 Vair\u00e3o, Portugal"}]},{"ORCID":"https:\/\/orcid.org\/0000-0002-7361-0542","authenticated-orcid":false,"given":"Miguel","family":"Leal","sequence":"additional","affiliation":[{"name":"Forest Research Centre and Associate Laboratory TERRA, School of Agriculture, Universidade de Lisboa, Tapada da Ajuda, 1349-017 Lisbon, Portugal"},{"name":"Centre of Geographical Studies and Associate Laboratory TERRA, Institute of Geography and Spatial Planning, Universidade de Lisboa, Edif\u00edcio IGOT, Rua Branca Edm\u00e9e Marques, 1600-276 Lisbon, Portugal"}]},{"ORCID":"https:\/\/orcid.org\/0000-0001-6709-0547","authenticated-orcid":false,"given":"Rafaello","family":"Bergonse","sequence":"additional","affiliation":[{"name":"Centre of Geographical Studies and Associate Laboratory TERRA, Institute of Geography and Spatial Planning, Universidade de Lisboa, Edif\u00edcio IGOT, Rua Branca Edm\u00e9e Marques, 1600-276 Lisbon, Portugal"}]},{"ORCID":"https:\/\/orcid.org\/0000-0002-6995-0763","authenticated-orcid":false,"given":"Maria Jo\u00e3o","family":"Canadas","sequence":"additional","affiliation":[{"name":"Forest Research Centre and Associate Laboratory TERRA, School of Agriculture, Universidade de Lisboa, Tapada da Ajuda, 1349-017 Lisbon, Portugal"}]},{"given":"Ana","family":"Novais","sequence":"additional","affiliation":[{"name":"Forest Research Centre and Associate Laboratory TERRA, School of Agriculture, Universidade de Lisboa, Tapada da Ajuda, 1349-017 Lisbon, Portugal"}]},{"ORCID":"https:\/\/orcid.org\/0000-0002-6253-4353","authenticated-orcid":false,"given":"Sandra","family":"Oliveira","sequence":"additional","affiliation":[{"name":"Centre of Geographical Studies and Associate Laboratory TERRA, Institute of Geography and Spatial Planning, Universidade de Lisboa, Edif\u00edcio IGOT, Rua Branca Edm\u00e9e Marques, 1600-276 Lisbon, Portugal"}]},{"ORCID":"https:\/\/orcid.org\/0000-0003-2648-1888","authenticated-orcid":false,"given":"Paulo Flores","family":"Ribeiro","sequence":"additional","affiliation":[{"name":"Forest Research Centre and Associate Laboratory TERRA, School of Agriculture, Universidade de Lisboa, Tapada da Ajuda, 1349-017 Lisbon, Portugal"}]},{"ORCID":"https:\/\/orcid.org\/0000-0002-3953-673X","authenticated-orcid":false,"given":"Jos\u00e9 Lu\u00eds","family":"Z\u00eazere","sequence":"additional","affiliation":[{"name":"Centre of Geographical Studies and Associate Laboratory TERRA, Institute of Geography and Spatial Planning, Universidade de Lisboa, Edif\u00edcio IGOT, Rua Branca Edm\u00e9e Marques, 1600-276 Lisbon, Portugal"}]},{"given":"Jos\u00e9 Lima","family":"Santos","sequence":"additional","affiliation":[{"name":"Forest Research Centre and Associate Laboratory TERRA, School of Agriculture, Universidade de Lisboa, Tapada da Ajuda, 1349-017 Lisbon, Portugal"}]}],"member":"1968","published-online":{"date-parts":[[2023,2,8]]},"reference":[{"key":"ref_1","doi-asserted-by":"crossref","unstructured":"Carlucci, M., Zambon, I., Colantoni, A., and Salvati, L. (2019). Socioeconomic Development, Demographic Dynamics and Forest Fires in Italy, 1961\u20132017: A Time-Series Analysis. Sustainability, 11.","DOI":"10.3390\/su11051305"},{"key":"ref_2","doi-asserted-by":"crossref","first-page":"1488","DOI":"10.1111\/j.1365-2486.2008.01585.x","article-title":"Global characterization of fire activity: Toward defining fire regimes from Earth observation data","volume":"14","author":"Chuvieco","year":"2008","journal-title":"Glob. Change Biol."},{"key":"ref_3","doi-asserted-by":"crossref","first-page":"53","DOI":"10.1007\/s12064-010-0082-z","article-title":"Fire regime: History and definition of a key concept in disturbance ecology","volume":"129","author":"Krebs","year":"2010","journal-title":"Theory Biosci."},{"key":"ref_4","doi-asserted-by":"crossref","first-page":"329","DOI":"10.1071\/WF01032","article-title":"Mapping fire regimes across time and space: Understanding coarse and fine-scale fire patterns","volume":"10","author":"Morgan","year":"2001","journal-title":"Int. J. Wildland Fire"},{"key":"ref_5","doi-asserted-by":"crossref","first-page":"106720","DOI":"10.1016\/j.ecolind.2020.106720","article-title":"The temporal and spatial relationships between climatic parameters and fire occurrence in northeastern Iran","volume":"118","author":"Eskandari","year":"2020","journal-title":"Ecol. Indic."},{"key":"ref_6","doi-asserted-by":"crossref","first-page":"100","DOI":"10.1016\/j.apgeog.2017.10.007","article-title":"Understanding wildfires in mainland Spain. A comprehensive analysis of fire regime features in a climate-human context","volume":"89","author":"Mimbrero","year":"2017","journal-title":"Appl. Geogr."},{"key":"ref_7","doi-asserted-by":"crossref","first-page":"619","DOI":"10.1007\/s10021-017-0172-6","article-title":"Socioeconomic Factors Drive Fire-Regime Variability in the Mediterranean Basin","volume":"21","author":"Chergui","year":"2017","journal-title":"Ecosystems"},{"key":"ref_8","doi-asserted-by":"crossref","first-page":"32","DOI":"10.1016\/j.scitotenv.2015.04.032","article-title":"Atmospheric conditions associated with extreme fire activity in the Western Mediterranean region","volume":"524\u2013525","author":"Amraoui","year":"2015","journal-title":"Sci. Total. Environ."},{"key":"ref_9","doi-asserted-by":"crossref","first-page":"108084","DOI":"10.1016\/j.agrformet.2020.108084","article-title":"Effects of human-related and biotic landscape features on the occurrence and size of modern forest fires in Sweden","volume":"291","author":"Pinto","year":"2020","journal-title":"Agric. For. Meteorol."},{"key":"ref_10","doi-asserted-by":"crossref","first-page":"177","DOI":"10.1016\/j.jenvman.2018.07.098","article-title":"A comprehensive spatial-temporal analysis of driving factors of human-caused wildfires in Spain using Geographically Weighted Logistic Regression","volume":"225","author":"Rodrigues","year":"2018","journal-title":"J. Environ. Manag."},{"key":"ref_11","doi-asserted-by":"crossref","first-page":"107923","DOI":"10.1016\/j.agrformet.2020.107923","article-title":"Recent evolution of spatial and temporal patterns of burnt areas and fire weather risk in the Iberian Peninsula","volume":"287","author":"Calheiros","year":"2020","journal-title":"Agric. For. Meteorol."},{"key":"ref_12","doi-asserted-by":"crossref","first-page":"373","DOI":"10.1016\/j.jenvman.2014.07.049","article-title":"The dynamics and drivers of fuel and fire in the Portuguese public forest","volume":"146","author":"Fernandes","year":"2014","journal-title":"J. Environ. Manag."},{"key":"ref_13","doi-asserted-by":"crossref","first-page":"177","DOI":"10.1016\/j.eiar.2018.06.003","article-title":"Ranking the importance of Wildfires\u2019 human drivers through a multi-model regression approach","volume":"72","author":"Mancini","year":"2018","journal-title":"Environ. Impact Assess. Rev."},{"key":"ref_14","doi-asserted-by":"crossref","first-page":"427","DOI":"10.1016\/j.jenvman.2018.12.066","article-title":"Regional fire scenarios in Spain: Linking landscape dynamics and fire regime for wildfire risk management","volume":"233","author":"Molina","year":"2018","journal-title":"J. Environ. Manag."},{"key":"ref_15","doi-asserted-by":"crossref","first-page":"117861","DOI":"10.1016\/j.foreco.2019.117861","article-title":"Climate relationships with increasing wildfire in the southwestern US from 1984 to 2015","volume":"460","author":"Mueller","year":"2020","journal-title":"For. Ecol. Manag."},{"key":"ref_16","doi-asserted-by":"crossref","first-page":"1190","DOI":"10.1016\/j.scitotenv.2016.03.121","article-title":"Exploring spatial patterns and drivers of forest fires in Portugal (1980\u20132014)","volume":"573","author":"Nunes","year":"2016","journal-title":"Sci. Total Environ."},{"key":"ref_17","doi-asserted-by":"crossref","first-page":"143121","DOI":"10.1016\/j.scitotenv.2020.143121","article-title":"Reassessing wildfire susceptibility and hazard for mainland Portugal","volume":"762","author":"Oliveira","year":"2020","journal-title":"Sci. Total. Environ."},{"key":"ref_18","doi-asserted-by":"crossref","first-page":"7","DOI":"10.1016\/j.forpol.2011.07.002","article-title":"Fire regime shifts as a consequence of fire policy and socio-economic development: An analysis based on the change point approach","volume":"29","author":"Pezzatti","year":"2013","journal-title":"For. Policy Econ."},{"key":"ref_19","doi-asserted-by":"crossref","first-page":"106474","DOI":"10.1016\/j.eiar.2020.106474","article-title":"Estimating the probability of wildfire occurrence in Mediterranean landscapes using Artificial Neural Networks","volume":"85","author":"Elia","year":"2020","journal-title":"Environ. Impact Assess. Rev."},{"key":"ref_20","doi-asserted-by":"crossref","first-page":"651","DOI":"10.1007\/s00267-012-9961-z","article-title":"A Review of the Main Driving Factors of Forest Fire Ignition Over Europe","volume":"51","author":"Ganteaume","year":"2012","journal-title":"Environ. Manag."},{"key":"ref_21","doi-asserted-by":"crossref","first-page":"783","DOI":"10.1071\/WF09066","article-title":"Fuel loading and flammability in the Mediterranean Basin woody species with different post-fire regenerative strategies","volume":"19","author":"Paula","year":"2010","journal-title":"Int. J. Wildland Fire"},{"key":"ref_22","doi-asserted-by":"crossref","first-page":"2389","DOI":"10.1016\/j.jenvman.2011.06.028","article-title":"Landscape\u2014wildfire interactions in southern Europe: Implications for landscape management","volume":"92","author":"Moreira","year":"2011","journal-title":"J. Environ. Manag."},{"key":"ref_23","doi-asserted-by":"crossref","first-page":"241","DOI":"10.1007\/s10980-007-9176-5","article-title":"Evidence of selective burning in Sardinia (Italy): Which land-cover classes do wildfires prefer?","volume":"23","author":"Bajocco","year":"2007","journal-title":"Landsc. Ecol."},{"key":"ref_24","doi-asserted-by":"crossref","first-page":"620","DOI":"10.1071\/WF12053","article-title":"Assessment of fire selectivity in relation to land cover and topography: A comparison between Southern European countries","volume":"23","author":"Oliveira","year":"2014","journal-title":"Int. J. Wildland Fire"},{"key":"ref_25","doi-asserted-by":"crossref","first-page":"169","DOI":"10.1016\/j.landurbplan.2010.11.017","article-title":"Land use and topography influences on wildfire occurrence in northern Portugal","volume":"100","author":"Carmo","year":"2011","journal-title":"Landsc. Urban Plan."},{"key":"ref_26","doi-asserted-by":"crossref","first-page":"1","DOI":"10.1016\/j.foreco.2016.04.002","article-title":"Wildfire risk associated with different vegetation types within and outside wildland-urban interfaces","volume":"372","author":"Touza","year":"2016","journal-title":"For. Ecol. Manag."},{"key":"ref_27","doi-asserted-by":"crossref","first-page":"150","DOI":"10.1016\/j.jenvman.2012.12.006","article-title":"Wildfire frequency varies with the size and shape of fuel types in southeastern France: Implications for environmental management","volume":"117","author":"Curt","year":"2013","journal-title":"J. Environ. Manag."},{"key":"ref_28","doi-asserted-by":"crossref","first-page":"745","DOI":"10.1023\/A:1022966930861","article-title":"Wildfires and landscape patterns in the Eastern Iberian Peninsula","volume":"17","author":"Lloret","year":"2002","journal-title":"Landsc. Ecol."},{"key":"ref_29","doi-asserted-by":"crossref","first-page":"213","DOI":"10.2495\/FIVA080221","article-title":"Characterizing and modelling the spatial patterns of wildfire ignitions in Portugal: Fire initiation and resulting burned area","volume":"119","author":"Catry","year":"2008","journal-title":"Trans. Ecol. Environ."},{"key":"ref_30","doi-asserted-by":"crossref","unstructured":"Vilar, L., G\u00f3mez, I., Mart\u00ednez-Vega, J., Echavarr\u00eda, P., Ria\u00f1o, D., and Mart\u00edn, M.P. (2016). Multitemporal Modelling of Socio-Economic Wildfire Drivers in Central Spain between the 1980s and the 2000s: Comparing Generalized Linear Models to Machine Learning Algorithms. PLoS ONE, 11.","DOI":"10.1371\/journal.pone.0161344"},{"key":"ref_31","doi-asserted-by":"crossref","first-page":"81","DOI":"10.1016\/j.landurbplan.2014.06.013","article-title":"Countervailing effects of urbanization and vegetation extent on fire frequency on the Wildland Urban Interface: Disentangling fuel and ignition effects","volume":"130","author":"Price","year":"2014","journal-title":"Landsc. Urban Plan."},{"key":"ref_32","doi-asserted-by":"crossref","first-page":"1388","DOI":"10.1890\/06-1128.1","article-title":"Human influence on California fire regimes","volume":"17","author":"Syphard","year":"2007","journal-title":"Ecol. Appl."},{"key":"ref_33","doi-asserted-by":"crossref","first-page":"303","DOI":"10.1016\/j.jenvman.2018.10.027","article-title":"Towards a comprehensive wildfire management strategy for Mediterranean areas: Framework development and implementation in Catalonia, Spain","volume":"231","author":"Alcasena","year":"2018","journal-title":"J. Environ. Manag."},{"key":"ref_34","doi-asserted-by":"crossref","first-page":"983","DOI":"10.1071\/WF17026","article-title":"Human-caused fire occurrence modelling in perspective: A review","volume":"26","author":"Comas","year":"2017","journal-title":"Int. J. Wildland Fire"},{"key":"ref_35","doi-asserted-by":"crossref","unstructured":"Benali, A., S\u00e1, A., Pinho, J., Fernandes, P., and Pereira, J. (2021). Understanding the Impact of Different Landscape-Level Fuel Management Strategies on Wildfire Hazard in Central Portugal. Forests, 12.","DOI":"10.20944\/preprints202103.0040.v1"},{"key":"ref_36","doi-asserted-by":"crossref","first-page":"576","DOI":"10.1016\/j.apgeog.2012.03.002","article-title":"Regional variability and driving forces behind forest fires in Portugal an overview of the last three decades (1980\u20132009)","volume":"34","author":"Nunes","year":"2012","journal-title":"Appl. Geogr."},{"key":"ref_37","doi-asserted-by":"crossref","first-page":"135841","DOI":"10.1016\/j.scitotenv.2019.135841","article-title":"Fire regime dynamics in mainland Spain. Part 1: Drivers of change","volume":"721","author":"Rodrigues","year":"2019","journal-title":"Sci. Total. Environ."},{"key":"ref_38","doi-asserted-by":"crossref","first-page":"15","DOI":"10.5424\/fs\/2014231-02758","article-title":"Regional livestock grazing, human demography and fire incidence in the Portuguese landscape","volume":"23","author":"Torres","year":"2014","journal-title":"For. Syst."},{"key":"ref_39","doi-asserted-by":"crossref","first-page":"106444","DOI":"10.1016\/j.landusepol.2022.106444","article-title":"Wildfire mitigation and adaptation: Two locally independent actions supported by different policy domains","volume":"124","author":"Canadas","year":"2023","journal-title":"Land Use Policy"},{"key":"ref_40","doi-asserted-by":"crossref","first-page":"534","DOI":"10.1016\/j.scitotenv.2018.03.044","article-title":"Heat waves in Portugal: Current regime, changes in future climate and impacts on extreme wildfires","volume":"631\u2013632","author":"Parente","year":"2018","journal-title":"Sci. Total. Environ."},{"key":"ref_41","doi-asserted-by":"crossref","first-page":"135894","DOI":"10.1016\/j.scitotenv.2019.135894","article-title":"Recent wildfires in Central Chile: Detecting links between burned areas and population exposure in the wildland urban interface","volume":"706","author":"Sarricolea","year":"2019","journal-title":"Sci. Total. Environ."},{"key":"ref_42","doi-asserted-by":"crossref","first-page":"11","DOI":"10.1016\/j.agrformet.2014.11.018","article-title":"Different approaches to model future burnt area in the Iberian Peninsula","volume":"202","author":"Sousa","year":"2015","journal-title":"Agric. For. Meteorol."},{"key":"ref_43","doi-asserted-by":"crossref","unstructured":"Viegas, D.X. (2014). Advances in Forest Fire Research, Imprensa da Universidade de Coimbra.","DOI":"10.14195\/978-989-26-0884-6"},{"key":"ref_44","doi-asserted-by":"crossref","first-page":"1039","DOI":"10.1080\/19475705.2021.1909664","article-title":"Predicting burnt areas during the summer season in Portugal by combining wildfire susceptibility and spring meteorological conditions","volume":"12","author":"Bergonse","year":"2021","journal-title":"Geomat. Nat. Hazards Risk"},{"key":"ref_45","doi-asserted-by":"crossref","first-page":"515","DOI":"10.1007\/s10113-018-1415-6","article-title":"Spatiotemporal trends of area burnt in the Iberian Peninsula, 1975\u20132013","volume":"19","author":"Silva","year":"2018","journal-title":"Reg. Environ. Change"},{"key":"ref_46","doi-asserted-by":"crossref","first-page":"215","DOI":"10.1007\/s10584-011-0060-6","article-title":"Fire regime changes in the Western Mediterranean Basin: From fuel-limited to drought-driven fire regime","volume":"110","author":"Pausas","year":"2011","journal-title":"Clim. Change"},{"key":"ref_47","doi-asserted-by":"crossref","first-page":"104","DOI":"10.1016\/j.apgeog.2017.09.004","article-title":"Assessing the social context of wildfire-affected areas. The case of mainland Portugal","volume":"88","author":"Oliveira","year":"2017","journal-title":"Appl. Geogr."},{"key":"ref_48","first-page":"135842","article-title":"Fire regime dynamics in mainland Spain. Part 2: A near-future prospective of fire activity","volume":"705","author":"Rodrigues","year":"2019","journal-title":"Sci. Total. Environ."},{"key":"ref_49","unstructured":"San-Miguel-Ayanz, J., Durrant, T., Boca, R., Maianti, P., Libert\u00e1, G., Art\u00e9s-Vivancos, T., Oom, D., Branco, A., de Rigo, D., and Ferrari, D. (2020). Forest Fires in Europe, Middle East and North Africa 2019, Joint Research Centre, European Commission."},{"key":"ref_50","doi-asserted-by":"crossref","first-page":"634","DOI":"10.1016\/j.scitotenv.2019.06.467","article-title":"Spatial stratification of wildfire drivers towards enhanced definition of large-fire regime zoning and fire seasons","volume":"689","author":"Rodrigues","year":"2019","journal-title":"Sci. Total. Environ."},{"key":"ref_51","doi-asserted-by":"crossref","first-page":"1647","DOI":"10.5194\/nhess-18-1647-2018","article-title":"Global assessment of rural\u2013urban interface in Portugal related to land cover changes","volume":"18","author":"Tonini","year":"2018","journal-title":"Nat. Hazards Earth Syst. Sci."},{"key":"ref_52","doi-asserted-by":"crossref","first-page":"151","DOI":"10.1016\/j.scitotenv.2016.03.129","article-title":"Space-time clustering analysis of wildfires: The influence of dataset characteristics, fire prevention policy decisions, weather and climate","volume":"559","author":"Parente","year":"2016","journal-title":"Sci. Total. Environ."},{"key":"ref_53","doi-asserted-by":"crossref","first-page":"124","DOI":"10.2307\/2223319","article-title":"Measurement of Inequality of Incomes","volume":"31","author":"Gini","year":"1921","journal-title":"Econ. J."},{"key":"ref_54","unstructured":"Miralles Ortega, R. (2016). An\u00e0lisi Clim\u00e0tica i Ambiental dels Incendis Forestals de Catalunya (1968\u20132008), Universitat de Barcelona."},{"key":"ref_55","first-page":"311","article-title":"Wildfire burnt area patterns and trends in Western Mediterranean Europe via the application of a concentration index","volume":"31","author":"Tedim","year":"2019","journal-title":"Land Degrad. Dev."},{"key":"ref_56","doi-asserted-by":"crossref","first-page":"2366","DOI":"10.1016\/j.foreco.2010.03.009","article-title":"Feedbacks between fuel reduction and landscape homogenisation determine fire regimes in three Mediterranean areas","volume":"259","author":"Loepfe","year":"2010","journal-title":"For. Ecol. Manag."},{"key":"ref_57","doi-asserted-by":"crossref","unstructured":"Barreal, J., and Jannes, G. (2020). Spatial and Temporal Wildfire Decomposition as a Tool for Assessment and Planning of an Efficient Forest Policy in Galicia (Spain). Forests, 11.","DOI":"10.3390\/f11080811"},{"key":"ref_58","unstructured":"R Core Team (2019). R: A Language and Environment for Statistical Computing, R Foundation for Statistical Computing. Available online: https:\/\/www.R-project.org\/."},{"key":"ref_59","doi-asserted-by":"crossref","first-page":"896","DOI":"10.1071\/WF15109","article-title":"Places where wildfire potential and social vulnerability coincide in the coterminous United States","volume":"25","author":"Wigtil","year":"2016","journal-title":"Int. J. Wildland Fire"},{"key":"ref_60","doi-asserted-by":"crossref","unstructured":"Wickham, H. (2016). ggplot2: Elegant Graphics for Data Analysis, Springer. [2nd ed.].","DOI":"10.1007\/978-3-319-24277-4"},{"key":"ref_61","doi-asserted-by":"crossref","first-page":"48","DOI":"10.18637\/jss.v067.i01","article-title":"Fitting Linear Mixed-Effects Models Using lme4","volume":"67","author":"Bates","year":"2015","journal-title":"J. Stat. Softw."},{"key":"ref_62","doi-asserted-by":"crossref","first-page":"191","DOI":"10.1111\/j.1600-0587.2013.00205.x","article-title":"Where is positional uncertainty a problem for species distribution modelling?","volume":"37","author":"Naimi","year":"2013","journal-title":"Ecography"},{"key":"ref_63","doi-asserted-by":"crossref","first-page":"3","DOI":"10.1111\/j.2041-210X.2009.00001.x","article-title":"A protocol for data exploration to avoid common statistical problems","volume":"1","author":"Zuur","year":"2010","journal-title":"Methods Ecol. Evol."},{"key":"ref_64","unstructured":"Long, J.A. (2022, May 02). jtools: Analysis and Presentation of Social Scientific Data. Available online: https:\/\/cran.r-project.org\/package=jtools."},{"key":"ref_65","doi-asserted-by":"crossref","unstructured":"Tedim, F., Leone, V., Amraoui, M., Bouillon, C., Coughlan, M.R., Delogu, G.M., Fernandes, P.M., Ferreira, C., McCaffrey, S., and McGee, T.K. (2018). Defining Extreme Wildfire Events: Difficulties, Challenges, and Impacts. Fire, 1.","DOI":"10.3390\/fire1010009"},{"key":"ref_66","doi-asserted-by":"crossref","first-page":"157","DOI":"10.1016\/j.proci.2020.11.006","article-title":"Combustion dynamics of large-scale wildfires","volume":"38","author":"Liu","year":"2021","journal-title":"Proc. Combust. Inst."},{"key":"ref_67","first-page":"24","article-title":"Environmental drivers of fire severity in extreme fire events that affect Mediterranean pine forest ecosystems","volume":"433","author":"Taboada","year":"2018","journal-title":"For. Ecol. Manag."},{"key":"ref_68","doi-asserted-by":"crossref","first-page":"29","DOI":"10.1016\/j.forpol.2014.01.007","article-title":"The choices of the fire\u2014Debating socioeconomic determinants of the fires observed at Portuguese municipalities","volume":"43","author":"Martinho","year":"2014","journal-title":"For. Policy Econ."},{"key":"ref_69","doi-asserted-by":"crossref","first-page":"044001","DOI":"10.1088\/1748-9326\/9\/4\/044001","article-title":"Evidence of increasing drought severity caused by temperature rise in southern Europe","volume":"9","author":"Revuelto","year":"2014","journal-title":"Environ. Res. Lett."},{"key":"ref_70","doi-asserted-by":"crossref","first-page":"337","DOI":"10.1023\/B:CLIM.0000018508.94901.9c","article-title":"Changes in Fire and Climate in the Eastern Iberian Peninsula (Mediterranean Basin)","volume":"63","author":"Pausas","year":"2004","journal-title":"Clim. Change"},{"key":"ref_71","doi-asserted-by":"crossref","unstructured":"Portela, M., Espinosa, L., and Zelenakova, M. (2020). Long-Term Rainfall Trends and Their Variability in Mainland Portugal in the Last 106 Years. Climate, 8.","DOI":"10.3390\/cli8120146"},{"key":"ref_72","doi-asserted-by":"crossref","first-page":"1814","DOI":"10.1002\/joc.3803","article-title":"Trends in seasonal surface air temperature in mainland Portugal, since 1941","volume":"34","author":"Santo","year":"2013","journal-title":"Int. J. Clim."},{"key":"ref_73","doi-asserted-by":"crossref","unstructured":"Meira Castro, A.C., Nunes, A., Sousa, A., and Louren\u00e7o, L. (2020). Mapping the Causes of Forest Fires in Portugal by Clustering Analysis. Geosciences, 10.","DOI":"10.3390\/geosciences10020053"},{"key":"ref_74","doi-asserted-by":"crossref","first-page":"876","DOI":"10.1007\/s00267-012-9825-6","article-title":"Wildland\u2013Urban Interface Fires and Socioeconomic Conditions: A Case Study of a Northwestern Patagonia City","volume":"49","author":"Curth","year":"2012","journal-title":"Environ. Manag."},{"key":"ref_75","doi-asserted-by":"crossref","first-page":"397","DOI":"10.1016\/j.landusepol.2014.06.017","article-title":"Bringing local socioeconomic context to the analysis of forest owners\u2019 management","volume":"41","author":"Canadas","year":"2014","journal-title":"Land Use Policy"},{"key":"ref_76","unstructured":"Baptista, F.O. (2010). O Espa\u00e7o Rural: Decl\u00ednio da Agricultura, Celta."},{"key":"ref_77","unstructured":"Rolo, J.C., and Cordovil, F. (2014). Rural, Agriculturas e Pol\u00edticas, ANIMAR."},{"key":"ref_78","unstructured":"Radich, M.C., and Baptista, F.O. (2021). Terra e Agricultura: S\u00e9culo XX, 100LUZ."},{"key":"ref_79","doi-asserted-by":"crossref","first-page":"2049","DOI":"10.1007\/s11069-016-2533-4","article-title":"Analysis of recent spatial\u2013temporal evolution of human driving factors of wildfires in Spain","volume":"84","author":"Rodrigues","year":"2016","journal-title":"Nat. Hazards"},{"key":"ref_80","doi-asserted-by":"crossref","first-page":"441","DOI":"10.5194\/nhess-19-441-2019","article-title":"Simulating the effects of weather and climate on large wildfires in France","volume":"19","author":"Barbero","year":"2019","journal-title":"Nat. Hazards Earth Syst. Sci."},{"key":"ref_81","doi-asserted-by":"crossref","first-page":"81","DOI":"10.1038\/s41598-017-00116-9","article-title":"On the key role of droughts in the dynamics of summer fires in Mediterranean Europe","volume":"7","author":"Turco","year":"2017","journal-title":"Sci. Rep."},{"key":"ref_82","doi-asserted-by":"crossref","first-page":"150","DOI":"10.1016\/j.scitotenv.2019.05.298","article-title":"Drought in Portugal: Current regime, comparison of indices and impacts on extreme wildfires","volume":"685","author":"Parente","year":"2019","journal-title":"Sci. Total. Environ."},{"key":"ref_83","doi-asserted-by":"crossref","first-page":"847","DOI":"10.5194\/nhess-18-847-2018","article-title":"Extreme wildfire events are linked to global-change-type droughts in the northern Mediterranean","volume":"18","author":"Ruffault","year":"2018","journal-title":"Nat. Hazards Earth Syst. Sci."},{"key":"ref_84","doi-asserted-by":"crossref","first-page":"2545","DOI":"10.1007\/s11069-021-04554-7","article-title":"A combined structural and seasonal approach to assess wildfire susceptibility and hazard in summertime","volume":"106","author":"Bergons","year":"2021","journal-title":"Nat. Hazards"},{"key":"ref_85","doi-asserted-by":"crossref","first-page":"190","DOI":"10.1016\/j.agrformet.2018.02.014","article-title":"Synoptic weather conditions and changing fire regimes in a Mediterranean environment","volume":"253\u2013254","author":"Duane","year":"2018","journal-title":"Agric. For. Meteorol."},{"key":"ref_86","doi-asserted-by":"crossref","first-page":"563","DOI":"10.1071\/WF07098","article-title":"Regional variations in wildfire susceptibility of land-cover types in Portugal: Implications for landscape management to minimize fire hazard","volume":"18","author":"Moreira","year":"2009","journal-title":"Int. J. Wildland Fire"},{"key":"ref_87","doi-asserted-by":"crossref","first-page":"5087","DOI":"10.5194\/bg-11-5087-2014","article-title":"Causal relationships versus emergent patterns in the global controls of fire frequency","volume":"11","author":"Bistinas","year":"2014","journal-title":"Biogeosciences"},{"key":"ref_88","doi-asserted-by":"crossref","first-page":"1356","DOI":"10.1126\/science.aal4108","article-title":"A human-driven decline in global burned area","volume":"356","author":"Andela","year":"2017","journal-title":"Science"},{"key":"ref_89","doi-asserted-by":"crossref","first-page":"10","DOI":"10.1016\/j.foreco.2017.04.033","article-title":"Interacting effects of topography, vegetation, human activities and wildland-urban interfaces on wildfire ignition risk","volume":"397","author":"Touza","year":"2017","journal-title":"For. Ecol. Manag."},{"key":"ref_90","doi-asserted-by":"crossref","first-page":"661","DOI":"10.1007\/s10980-005-0070-8","article-title":"Land Cover Type and Fire in Portugal: Do Fires Burn Land Cover Selectively?","volume":"20","author":"Nunes","year":"2005","journal-title":"Landsc. Ecol."},{"key":"ref_91","doi-asserted-by":"crossref","first-page":"775","DOI":"10.1007\/s10342-010-0470-4","article-title":"Characterization of wildfires in Portugal","volume":"130","author":"Marques","year":"2011","journal-title":"Eur. J. For. Res."},{"key":"ref_92","doi-asserted-by":"crossref","first-page":"36","DOI":"10.1002\/fee.2116","article-title":"Back to the future: Rethinking socioecological systems underlying high nature value farmlands","volume":"18","author":"Lomba","year":"2019","journal-title":"Front. Ecol. Environ."}],"container-title":["Fire"],"original-title":[],"language":"en","link":[{"URL":"https:\/\/www.mdpi.com\/2571-6255\/6\/2\/60\/pdf","content-type":"unspecified","content-version":"vor","intended-application":"similarity-checking"}],"deposited":{"date-parts":[[2025,10,10]],"date-time":"2025-10-10T18:28:18Z","timestamp":1760120898000},"score":1,"resource":{"primary":{"URL":"https:\/\/www.mdpi.com\/2571-6255\/6\/2\/60"}},"subtitle":[],"short-title":[],"issued":{"date-parts":[[2023,2,8]]},"references-count":92,"journal-issue":{"issue":"2","published-online":{"date-parts":[[2023,2]]}},"alternative-id":["fire6020060"],"URL":"https:\/\/doi.org\/10.3390\/fire6020060","relation":{},"ISSN":["2571-6255"],"issn-type":[{"value":"2571-6255","type":"electronic"}],"subject":[],"published":{"date-parts":[[2023,2,8]]}}}