{"status":"ok","message-type":"work","message-version":"1.0.0","message":{"indexed":{"date-parts":[[2026,4,11]],"date-time":"2026-04-11T19:42:21Z","timestamp":1775936541730,"version":"3.50.1"},"reference-count":77,"publisher":"MDPI AG","issue":"10","license":[{"start":{"date-parts":[[2023,9,27]],"date-time":"2023-09-27T00:00:00Z","timestamp":1695772800000},"content-version":"vor","delay-in-days":0,"URL":"https:\/\/creativecommons.org\/licenses\/by\/4.0\/"}],"funder":[{"name":"\u201cCRUSTAPANHA\u2014Estudo da ecologia, biologia e din\u00e2mica populacional dos pequenos caranguejos com interesse comercial existentes ao longo da costa Portuguesa (Opera\u00e7\u00e3o 16-01-04-FMP-0005\u2014CRUSTAPANHA)\u201d","award":["SAICT-45-2017-02"],"award-info":[{"award-number":["SAICT-45-2017-02"]}]},{"name":"\u201cCRUSTAPANHA\u2014Estudo da ecologia, biologia e din\u00e2mica populacional dos pequenos caranguejos com interesse comercial existentes ao longo da costa Portuguesa (Opera\u00e7\u00e3o 16-01-04-FMP-0005\u2014CRUSTAPANHA)\u201d","award":["ALG-01-0145-FEDER-028518"],"award-info":[{"award-number":["ALG-01-0145-FEDER-028518"]}]},{"name":"\u201cCRUSTAPANHA\u2014Estudo da ecologia, biologia e din\u00e2mica populacional dos pequenos caranguejos com interesse comercial existentes ao longo da costa Portuguesa (Opera\u00e7\u00e3o 16-01-04-FMP-0005\u2014CRUSTAPANHA)\u201d","award":["PTDC\/ASP-PES\/28518\/2017"],"award-info":[{"award-number":["PTDC\/ASP-PES\/28518\/2017"]}]},{"name":"\u201cCRUSTAPANHA\u2014Estudo da ecologia, biologia e din\u00e2mica populacional dos pequenos caranguejos com interesse comercial existentes ao longo da costa Portuguesa (Opera\u00e7\u00e3o 16-01-04-FMP-0005\u2014CRUSTAPANHA)\u201d","award":["9471-RIDTI"],"award-info":[{"award-number":["9471-RIDTI"]}]},{"name":"\u201cCRUSTAPANHA\u2014Estudo da ecologia, biologia e din\u00e2mica populacional dos pequenos caranguejos com interesse comercial existentes ao longo da costa Portuguesa (Opera\u00e7\u00e3o 16-01-04-FMP-0005\u2014CRUSTAPANHA)\u201d","award":["POCI-01-0145-FEDER-016787"],"award-info":[{"award-number":["POCI-01-0145-FEDER-016787"]}]},{"name":"\u201cCRUSTAPANHA\u2014Estudo da ecologia, biologia e din\u00e2mica populacional dos pequenos caranguejos com interesse comercial existentes ao longo da costa Portuguesa (Opera\u00e7\u00e3o 16-01-04-FMP-0005\u2014CRUSTAPANHA)\u201d","award":["UIDB\/04326\/2020"],"award-info":[{"award-number":["UIDB\/04326\/2020"]}]},{"name":"\u201cCRUSTAPANHA\u2014Estudo da ecologia, biologia e din\u00e2mica populacional dos pequenos caranguejos com interesse comercial existentes ao longo da costa Portuguesa (Opera\u00e7\u00e3o 16-01-04-FMP-0005\u2014CRUSTAPANHA)\u201d","award":["UIDP\/04326\/2020"],"award-info":[{"award-number":["UIDP\/04326\/2020"]}]},{"name":"\u201cCRUSTAPANHA\u2014Estudo da ecologia, biologia e din\u00e2mica populacional dos pequenos caranguejos com interesse comercial existentes ao longo da costa Portuguesa (Opera\u00e7\u00e3o 16-01-04-FMP-0005\u2014CRUSTAPANHA)\u201d","award":["LA\/P\/0101\/2020"],"award-info":[{"award-number":["LA\/P\/0101\/2020"]}]},{"name":"\u201cCRUSTAPANHA\u2014Estudo da ecologia, biologia e din\u00e2mica populacional dos pequenos caranguejos com interesse comercial existentes ao longo da costa Portuguesa (Opera\u00e7\u00e3o 16-01-04-FMP-0005\u2014CRUSTAPANHA)\u201d","award":["SFRH\/BD\/06336\/2021"],"award-info":[{"award-number":["SFRH\/BD\/06336\/2021"]}]},{"name":"\u201cCRUSTAPANHA\u2014Estudo da ecologia, biologia e din\u00e2mica populacional dos pequenos caranguejos com interesse comercial existentes ao longo da costa Portuguesa (Opera\u00e7\u00e3o 16-01-04-FMP-0005\u2014CRUSTAPANHA)\u201d","award":["SFRH\/BD\/11426\/2022"],"award-info":[{"award-number":["SFRH\/BD\/11426\/2022"]}]},{"name":"\u201cCRUSTAPANHA\u2014Estudo da ecologia, biologia e din\u00e2mica populacional dos pequenos caranguejos com interesse comercial existentes ao longo da costa Portuguesa (Opera\u00e7\u00e3o 16-01-04-FMP-0005\u2014CRUSTAPANHA)\u201d","award":["869300"],"award-info":[{"award-number":["869300"]}]},{"name":"\u201cCRUSTAPANHA\u2014Estudo da ecologia, biologia e din\u00e2mica populacional dos pequenos caranguejos com interesse comercial existentes ao longo da costa Portuguesa (Opera\u00e7\u00e3o 16-01-04-FMP-0005\u2014CRUSTAPANHA)\u201d","award":["DL57\/2016\/CP1361\/CT0008"],"award-info":[{"award-number":["DL57\/2016\/CP1361\/CT0008"]}]},{"name":"\u201cCRUSTAPANHA\u2014Estudo da ecologia, biologia e din\u00e2mica populacional dos pequenos caranguejos com interesse comercial existentes ao longo da costa Portuguesa (Opera\u00e7\u00e3o 16-01-04-FMP-0005\u2014CRUSTAPANHA)\u201d","award":["2022.04803.CEECIND"],"award-info":[{"award-number":["2022.04803.CEECIND"]}]},{"name":"\u201cCLIMA-PESCA (MAR-01.03.02-FEAMP-0052)\u2014Vulnerability of fishing sector to climate change: adaptation measures\u201d","award":["SAICT-45-2017-02"],"award-info":[{"award-number":["SAICT-45-2017-02"]}]},{"name":"\u201cCLIMA-PESCA (MAR-01.03.02-FEAMP-0052)\u2014Vulnerability of fishing sector to climate change: adaptation measures\u201d","award":["ALG-01-0145-FEDER-028518"],"award-info":[{"award-number":["ALG-01-0145-FEDER-028518"]}]},{"name":"\u201cCLIMA-PESCA (MAR-01.03.02-FEAMP-0052)\u2014Vulnerability of fishing sector to climate change: adaptation measures\u201d","award":["PTDC\/ASP-PES\/28518\/2017"],"award-info":[{"award-number":["PTDC\/ASP-PES\/28518\/2017"]}]},{"name":"\u201cCLIMA-PESCA (MAR-01.03.02-FEAMP-0052)\u2014Vulnerability of fishing sector to climate change: adaptation measures\u201d","award":["9471-RIDTI"],"award-info":[{"award-number":["9471-RIDTI"]}]},{"name":"\u201cCLIMA-PESCA (MAR-01.03.02-FEAMP-0052)\u2014Vulnerability of fishing sector to climate change: adaptation measures\u201d","award":["POCI-01-0145-FEDER-016787"],"award-info":[{"award-number":["POCI-01-0145-FEDER-016787"]}]},{"name":"\u201cCLIMA-PESCA (MAR-01.03.02-FEAMP-0052)\u2014Vulnerability of fishing sector to climate change: adaptation measures\u201d","award":["UIDB\/04326\/2020"],"award-info":[{"award-number":["UIDB\/04326\/2020"]}]},{"name":"\u201cCLIMA-PESCA (MAR-01.03.02-FEAMP-0052)\u2014Vulnerability of fishing sector to climate change: adaptation measures\u201d","award":["UIDP\/04326\/2020"],"award-info":[{"award-number":["UIDP\/04326\/2020"]}]},{"name":"\u201cCLIMA-PESCA (MAR-01.03.02-FEAMP-0052)\u2014Vulnerability of fishing sector to climate change: adaptation measures\u201d","award":["LA\/P\/0101\/2020"],"award-info":[{"award-number":["LA\/P\/0101\/2020"]}]},{"name":"\u201cCLIMA-PESCA (MAR-01.03.02-FEAMP-0052)\u2014Vulnerability of fishing sector to climate change: adaptation measures\u201d","award":["SFRH\/BD\/06336\/2021"],"award-info":[{"award-number":["SFRH\/BD\/06336\/2021"]}]},{"name":"\u201cCLIMA-PESCA (MAR-01.03.02-FEAMP-0052)\u2014Vulnerability of fishing sector to climate change: adaptation measures\u201d","award":["SFRH\/BD\/11426\/2022"],"award-info":[{"award-number":["SFRH\/BD\/11426\/2022"]}]},{"name":"\u201cCLIMA-PESCA (MAR-01.03.02-FEAMP-0052)\u2014Vulnerability of fishing sector to climate change: adaptation measures\u201d","award":["869300"],"award-info":[{"award-number":["869300"]}]},{"name":"\u201cCLIMA-PESCA (MAR-01.03.02-FEAMP-0052)\u2014Vulnerability of fishing sector to climate change: adaptation measures\u201d","award":["DL57\/2016\/CP1361\/CT0008"],"award-info":[{"award-number":["DL57\/2016\/CP1361\/CT0008"]}]},{"name":"\u201cCLIMA-PESCA (MAR-01.03.02-FEAMP-0052)\u2014Vulnerability of fishing sector to climate change: adaptation measures\u201d","award":["2022.04803.CEECIND"],"award-info":[{"award-number":["2022.04803.CEECIND"]}]},{"name":"CLIMFISH\u2014A framework for assess Committee vulnerability of coastal fisheries to climate change in Portuguese coast","award":["SAICT-45-2017-02"],"award-info":[{"award-number":["SAICT-45-2017-02"]}]},{"name":"CLIMFISH\u2014A framework for assess Committee vulnerability of coastal fisheries to climate change in Portuguese coast","award":["ALG-01-0145-FEDER-028518"],"award-info":[{"award-number":["ALG-01-0145-FEDER-028518"]}]},{"name":"CLIMFISH\u2014A framework for assess Committee vulnerability of coastal fisheries to climate change in Portuguese coast","award":["PTDC\/ASP-PES\/28518\/2017"],"award-info":[{"award-number":["PTDC\/ASP-PES\/28518\/2017"]}]},{"name":"CLIMFISH\u2014A framework for assess Committee vulnerability of coastal fisheries to climate change in Portuguese coast","award":["9471-RIDTI"],"award-info":[{"award-number":["9471-RIDTI"]}]},{"name":"CLIMFISH\u2014A framework for assess Committee vulnerability of coastal fisheries to climate change in Portuguese coast","award":["POCI-01-0145-FEDER-016787"],"award-info":[{"award-number":["POCI-01-0145-FEDER-016787"]}]},{"name":"CLIMFISH\u2014A framework for assess Committee vulnerability of coastal fisheries to climate change in Portuguese coast","award":["UIDB\/04326\/2020"],"award-info":[{"award-number":["UIDB\/04326\/2020"]}]},{"name":"CLIMFISH\u2014A framework for assess Committee vulnerability of coastal fisheries to climate change in Portuguese coast","award":["UIDP\/04326\/2020"],"award-info":[{"award-number":["UIDP\/04326\/2020"]}]},{"name":"CLIMFISH\u2014A framework for assess Committee vulnerability of coastal fisheries to climate change in Portuguese coast","award":["LA\/P\/0101\/2020"],"award-info":[{"award-number":["LA\/P\/0101\/2020"]}]},{"name":"CLIMFISH\u2014A framework for assess Committee vulnerability of coastal fisheries to climate change in Portuguese coast","award":["SFRH\/BD\/06336\/2021"],"award-info":[{"award-number":["SFRH\/BD\/06336\/2021"]}]},{"name":"CLIMFISH\u2014A framework for assess Committee vulnerability of coastal fisheries to climate change in Portuguese coast","award":["SFRH\/BD\/11426\/2022"],"award-info":[{"award-number":["SFRH\/BD\/11426\/2022"]}]},{"name":"CLIMFISH\u2014A framework for assess Committee vulnerability of coastal fisheries to climate change in Portuguese coast","award":["869300"],"award-info":[{"award-number":["869300"]}]},{"name":"CLIMFISH\u2014A framework for assess Committee vulnerability of coastal fisheries to climate change in Portuguese coast","award":["DL57\/2016\/CP1361\/CT0008"],"award-info":[{"award-number":["DL57\/2016\/CP1361\/CT0008"]}]},{"name":"CLIMFISH\u2014A framework for assess Committee vulnerability of coastal fisheries to climate change in Portuguese coast","award":["2022.04803.CEECIND"],"award-info":[{"award-number":["2022.04803.CEECIND"]}]},{"name":"\u201cMYTAG\u2014Integrating natural and artificial tags to reconstruct fish migrations and ontogenetic niche shifts (PTDC\/MAR-EST\/2098\/2014)\u201d","award":["SAICT-45-2017-02"],"award-info":[{"award-number":["SAICT-45-2017-02"]}]},{"name":"\u201cMYTAG\u2014Integrating natural and artificial tags to reconstruct fish migrations and ontogenetic niche shifts (PTDC\/MAR-EST\/2098\/2014)\u201d","award":["ALG-01-0145-FEDER-028518"],"award-info":[{"award-number":["ALG-01-0145-FEDER-028518"]}]},{"name":"\u201cMYTAG\u2014Integrating natural and artificial tags to reconstruct fish migrations and ontogenetic niche shifts (PTDC\/MAR-EST\/2098\/2014)\u201d","award":["PTDC\/ASP-PES\/28518\/2017"],"award-info":[{"award-number":["PTDC\/ASP-PES\/28518\/2017"]}]},{"name":"\u201cMYTAG\u2014Integrating natural and artificial tags to reconstruct fish migrations and ontogenetic niche shifts (PTDC\/MAR-EST\/2098\/2014)\u201d","award":["9471-RIDTI"],"award-info":[{"award-number":["9471-RIDTI"]}]},{"name":"\u201cMYTAG\u2014Integrating natural and artificial tags to reconstruct fish migrations and ontogenetic niche shifts (PTDC\/MAR-EST\/2098\/2014)\u201d","award":["POCI-01-0145-FEDER-016787"],"award-info":[{"award-number":["POCI-01-0145-FEDER-016787"]}]},{"name":"\u201cMYTAG\u2014Integrating natural and artificial tags to reconstruct fish migrations and ontogenetic niche shifts (PTDC\/MAR-EST\/2098\/2014)\u201d","award":["UIDB\/04326\/2020"],"award-info":[{"award-number":["UIDB\/04326\/2020"]}]},{"name":"\u201cMYTAG\u2014Integrating natural and artificial tags to reconstruct fish migrations and ontogenetic niche shifts (PTDC\/MAR-EST\/2098\/2014)\u201d","award":["UIDP\/04326\/2020"],"award-info":[{"award-number":["UIDP\/04326\/2020"]}]},{"name":"\u201cMYTAG\u2014Integrating natural and artificial tags to reconstruct fish migrations and ontogenetic niche shifts (PTDC\/MAR-EST\/2098\/2014)\u201d","award":["LA\/P\/0101\/2020"],"award-info":[{"award-number":["LA\/P\/0101\/2020"]}]},{"name":"\u201cMYTAG\u2014Integrating natural and artificial tags to reconstruct fish migrations and ontogenetic niche shifts (PTDC\/MAR-EST\/2098\/2014)\u201d","award":["SFRH\/BD\/06336\/2021"],"award-info":[{"award-number":["SFRH\/BD\/06336\/2021"]}]},{"name":"\u201cMYTAG\u2014Integrating natural and artificial tags to reconstruct fish migrations and ontogenetic niche shifts (PTDC\/MAR-EST\/2098\/2014)\u201d","award":["SFRH\/BD\/11426\/2022"],"award-info":[{"award-number":["SFRH\/BD\/11426\/2022"]}]},{"name":"\u201cMYTAG\u2014Integrating natural and artificial tags to reconstruct fish migrations and ontogenetic niche shifts (PTDC\/MAR-EST\/2098\/2014)\u201d","award":["869300"],"award-info":[{"award-number":["869300"]}]},{"name":"\u201cMYTAG\u2014Integrating natural and artificial tags to reconstruct fish migrations and ontogenetic niche shifts (PTDC\/MAR-EST\/2098\/2014)\u201d","award":["DL57\/2016\/CP1361\/CT0008"],"award-info":[{"award-number":["DL57\/2016\/CP1361\/CT0008"]}]},{"name":"\u201cMYTAG\u2014Integrating natural and artificial tags to reconstruct fish migrations and ontogenetic niche shifts (PTDC\/MAR-EST\/2098\/2014)\u201d","award":["2022.04803.CEECIND"],"award-info":[{"award-number":["2022.04803.CEECIND"]}]},{"name":"\u201cRENATURE\u2014Valorization of the Natural Endogenous Resources of the Centro Region (CENTRO-01-0145-FEDER-000007)\u201d","award":["SAICT-45-2017-02"],"award-info":[{"award-number":["SAICT-45-2017-02"]}]},{"name":"\u201cRENATURE\u2014Valorization of the Natural Endogenous Resources of the Centro Region (CENTRO-01-0145-FEDER-000007)\u201d","award":["ALG-01-0145-FEDER-028518"],"award-info":[{"award-number":["ALG-01-0145-FEDER-028518"]}]},{"name":"\u201cRENATURE\u2014Valorization of the Natural Endogenous Resources of the Centro Region (CENTRO-01-0145-FEDER-000007)\u201d","award":["PTDC\/ASP-PES\/28518\/2017"],"award-info":[{"award-number":["PTDC\/ASP-PES\/28518\/2017"]}]},{"name":"\u201cRENATURE\u2014Valorization of the Natural Endogenous Resources of the Centro Region (CENTRO-01-0145-FEDER-000007)\u201d","award":["9471-RIDTI"],"award-info":[{"award-number":["9471-RIDTI"]}]},{"name":"\u201cRENATURE\u2014Valorization of the Natural Endogenous Resources of the Centro Region (CENTRO-01-0145-FEDER-000007)\u201d","award":["POCI-01-0145-FEDER-016787"],"award-info":[{"award-number":["POCI-01-0145-FEDER-016787"]}]},{"name":"\u201cRENATURE\u2014Valorization of the Natural Endogenous Resources of the Centro Region (CENTRO-01-0145-FEDER-000007)\u201d","award":["UIDB\/04326\/2020"],"award-info":[{"award-number":["UIDB\/04326\/2020"]}]},{"name":"\u201cRENATURE\u2014Valorization of the Natural Endogenous Resources of the Centro Region (CENTRO-01-0145-FEDER-000007)\u201d","award":["UIDP\/04326\/2020"],"award-info":[{"award-number":["UIDP\/04326\/2020"]}]},{"name":"\u201cRENATURE\u2014Valorization of the Natural Endogenous Resources of the Centro Region (CENTRO-01-0145-FEDER-000007)\u201d","award":["LA\/P\/0101\/2020"],"award-info":[{"award-number":["LA\/P\/0101\/2020"]}]},{"name":"\u201cRENATURE\u2014Valorization of the Natural Endogenous Resources of the Centro Region (CENTRO-01-0145-FEDER-000007)\u201d","award":["SFRH\/BD\/06336\/2021"],"award-info":[{"award-number":["SFRH\/BD\/06336\/2021"]}]},{"name":"\u201cRENATURE\u2014Valorization of the Natural Endogenous Resources of the Centro Region (CENTRO-01-0145-FEDER-000007)\u201d","award":["SFRH\/BD\/11426\/2022"],"award-info":[{"award-number":["SFRH\/BD\/11426\/2022"]}]},{"name":"\u201cRENATURE\u2014Valorization of the Natural Endogenous Resources of the Centro Region (CENTRO-01-0145-FEDER-000007)\u201d","award":["869300"],"award-info":[{"award-number":["869300"]}]},{"name":"\u201cRENATURE\u2014Valorization of the Natural Endogenous Resources of the Centro Region (CENTRO-01-0145-FEDER-000007)\u201d","award":["DL57\/2016\/CP1361\/CT0008"],"award-info":[{"award-number":["DL57\/2016\/CP1361\/CT0008"]}]},{"name":"\u201cRENATURE\u2014Valorization of the Natural Endogenous Resources of the Centro Region (CENTRO-01-0145-FEDER-000007)\u201d","award":["2022.04803.CEECIND"],"award-info":[{"award-number":["2022.04803.CEECIND"]}]},{"name":"Foundation for Science and Technology","award":["SAICT-45-2017-02"],"award-info":[{"award-number":["SAICT-45-2017-02"]}]},{"name":"Foundation for Science and Technology","award":["ALG-01-0145-FEDER-028518"],"award-info":[{"award-number":["ALG-01-0145-FEDER-028518"]}]},{"name":"Foundation for Science and Technology","award":["PTDC\/ASP-PES\/28518\/2017"],"award-info":[{"award-number":["PTDC\/ASP-PES\/28518\/2017"]}]},{"name":"Foundation for Science and Technology","award":["9471-RIDTI"],"award-info":[{"award-number":["9471-RIDTI"]}]},{"name":"Foundation for Science and Technology","award":["POCI-01-0145-FEDER-016787"],"award-info":[{"award-number":["POCI-01-0145-FEDER-016787"]}]},{"name":"Foundation for Science and Technology","award":["UIDB\/04326\/2020"],"award-info":[{"award-number":["UIDB\/04326\/2020"]}]},{"name":"Foundation for Science and Technology","award":["UIDP\/04326\/2020"],"award-info":[{"award-number":["UIDP\/04326\/2020"]}]},{"name":"Foundation for Science and Technology","award":["LA\/P\/0101\/2020"],"award-info":[{"award-number":["LA\/P\/0101\/2020"]}]},{"name":"Foundation for Science and Technology","award":["SFRH\/BD\/06336\/2021"],"award-info":[{"award-number":["SFRH\/BD\/06336\/2021"]}]},{"name":"Foundation for Science and Technology","award":["SFRH\/BD\/11426\/2022"],"award-info":[{"award-number":["SFRH\/BD\/11426\/2022"]}]},{"name":"Foundation for Science and Technology","award":["869300"],"award-info":[{"award-number":["869300"]}]},{"name":"Foundation for Science and Technology","award":["DL57\/2016\/CP1361\/CT0008"],"award-info":[{"award-number":["DL57\/2016\/CP1361\/CT0008"]}]},{"name":"Foundation for Science and Technology","award":["2022.04803.CEECIND"],"award-info":[{"award-number":["2022.04803.CEECIND"]}]},{"name":"FCT PhD fellowship","award":["SAICT-45-2017-02"],"award-info":[{"award-number":["SAICT-45-2017-02"]}]},{"name":"FCT PhD fellowship","award":["ALG-01-0145-FEDER-028518"],"award-info":[{"award-number":["ALG-01-0145-FEDER-028518"]}]},{"name":"FCT PhD fellowship","award":["PTDC\/ASP-PES\/28518\/2017"],"award-info":[{"award-number":["PTDC\/ASP-PES\/28518\/2017"]}]},{"name":"FCT PhD fellowship","award":["9471-RIDTI"],"award-info":[{"award-number":["9471-RIDTI"]}]},{"name":"FCT PhD fellowship","award":["POCI-01-0145-FEDER-016787"],"award-info":[{"award-number":["POCI-01-0145-FEDER-016787"]}]},{"name":"FCT PhD fellowship","award":["UIDB\/04326\/2020"],"award-info":[{"award-number":["UIDB\/04326\/2020"]}]},{"name":"FCT PhD fellowship","award":["UIDP\/04326\/2020"],"award-info":[{"award-number":["UIDP\/04326\/2020"]}]},{"name":"FCT PhD fellowship","award":["LA\/P\/0101\/2020"],"award-info":[{"award-number":["LA\/P\/0101\/2020"]}]},{"name":"FCT PhD fellowship","award":["SFRH\/BD\/06336\/2021"],"award-info":[{"award-number":["SFRH\/BD\/06336\/2021"]}]},{"name":"FCT PhD fellowship","award":["SFRH\/BD\/11426\/2022"],"award-info":[{"award-number":["SFRH\/BD\/11426\/2022"]}]},{"name":"FCT PhD fellowship","award":["869300"],"award-info":[{"award-number":["869300"]}]},{"name":"FCT PhD fellowship","award":["DL57\/2016\/CP1361\/CT0008"],"award-info":[{"award-number":["DL57\/2016\/CP1361\/CT0008"]}]},{"name":"FCT PhD fellowship","award":["2022.04803.CEECIND"],"award-info":[{"award-number":["2022.04803.CEECIND"]}]},{"name":"EU H2020","award":["SAICT-45-2017-02"],"award-info":[{"award-number":["SAICT-45-2017-02"]}]},{"name":"EU H2020","award":["ALG-01-0145-FEDER-028518"],"award-info":[{"award-number":["ALG-01-0145-FEDER-028518"]}]},{"name":"EU H2020","award":["PTDC\/ASP-PES\/28518\/2017"],"award-info":[{"award-number":["PTDC\/ASP-PES\/28518\/2017"]}]},{"name":"EU H2020","award":["9471-RIDTI"],"award-info":[{"award-number":["9471-RIDTI"]}]},{"name":"EU H2020","award":["POCI-01-0145-FEDER-016787"],"award-info":[{"award-number":["POCI-01-0145-FEDER-016787"]}]},{"name":"EU H2020","award":["UIDB\/04326\/2020"],"award-info":[{"award-number":["UIDB\/04326\/2020"]}]},{"name":"EU H2020","award":["UIDP\/04326\/2020"],"award-info":[{"award-number":["UIDP\/04326\/2020"]}]},{"name":"EU H2020","award":["LA\/P\/0101\/2020"],"award-info":[{"award-number":["LA\/P\/0101\/2020"]}]},{"name":"EU H2020","award":["SFRH\/BD\/06336\/2021"],"award-info":[{"award-number":["SFRH\/BD\/06336\/2021"]}]},{"name":"EU H2020","award":["SFRH\/BD\/11426\/2022"],"award-info":[{"award-number":["SFRH\/BD\/11426\/2022"]}]},{"name":"EU H2020","award":["869300"],"award-info":[{"award-number":["869300"]}]},{"name":"EU H2020","award":["DL57\/2016\/CP1361\/CT0008"],"award-info":[{"award-number":["DL57\/2016\/CP1361\/CT0008"]}]},{"name":"EU H2020","award":["2022.04803.CEECIND"],"award-info":[{"award-number":["2022.04803.CEECIND"]}]},{"name":"FCT","award":["SAICT-45-2017-02"],"award-info":[{"award-number":["SAICT-45-2017-02"]}]},{"name":"FCT","award":["ALG-01-0145-FEDER-028518"],"award-info":[{"award-number":["ALG-01-0145-FEDER-028518"]}]},{"name":"FCT","award":["PTDC\/ASP-PES\/28518\/2017"],"award-info":[{"award-number":["PTDC\/ASP-PES\/28518\/2017"]}]},{"name":"FCT","award":["9471-RIDTI"],"award-info":[{"award-number":["9471-RIDTI"]}]},{"name":"FCT","award":["POCI-01-0145-FEDER-016787"],"award-info":[{"award-number":["POCI-01-0145-FEDER-016787"]}]},{"name":"FCT","award":["UIDB\/04326\/2020"],"award-info":[{"award-number":["UIDB\/04326\/2020"]}]},{"name":"FCT","award":["UIDP\/04326\/2020"],"award-info":[{"award-number":["UIDP\/04326\/2020"]}]},{"name":"FCT","award":["LA\/P\/0101\/2020"],"award-info":[{"award-number":["LA\/P\/0101\/2020"]}]},{"name":"FCT","award":["SFRH\/BD\/06336\/2021"],"award-info":[{"award-number":["SFRH\/BD\/06336\/2021"]}]},{"name":"FCT","award":["SFRH\/BD\/11426\/2022"],"award-info":[{"award-number":["SFRH\/BD\/11426\/2022"]}]},{"name":"FCT","award":["869300"],"award-info":[{"award-number":["869300"]}]},{"name":"FCT","award":["DL57\/2016\/CP1361\/CT0008"],"award-info":[{"award-number":["DL57\/2016\/CP1361\/CT0008"]}]},{"name":"FCT","award":["2022.04803.CEECIND"],"award-info":[{"award-number":["2022.04803.CEECIND"]}]}],"content-domain":{"domain":[],"crossmark-restriction":false},"short-container-title":["Fishes"],"abstract":"<jats:p>Understanding the relationship between environmental temperature and the biological traits of organisms is fundamental to inferring the potential impacts of climate change. In the case of marine poikilotherm species, seawater temperature is one of the main driving forces of biological processes, with consequences at higher levels of organization such as population and ecosystem. In this study, we analysed differences in maximum carapace width (CWmax), size at maturation, relative size at maturation, and duration of the reproductive season for the green crab (Carcinus maenas) along a temperature gradient. An extensive review of bibliographic data was performed on studies published between 1962 and 2020, gathering C. maenas data from 55 different populations, spread over 20 degrees of latitude and 14.2 \u00b0C of sea surface temperature (SST). In addition, green crab data were collected at five different lagoons and estuaries along the continental Portuguese coast. The relationship between average SST and CWmax, age of maturation, reduction of size at maturation, and duration of egg bearing was analysed to understand the role of SST in driving variation in these C. maenas characteristics across a latitudinal gradient. There was a significant relationship between SST and CWmax for males and SST and CW of females at maturation, respectively. The results extrapolate for each local projected temperature increase caused by climate change and suggest an effect on the morphometric and reproductive traits of C. maenas across regions. These changes comprise an overall reduction in C. maenas body size, an enlargement of the reproductive season, a shortening in the duration of larval developmental time, and a decrease in the relative size of crabs at maturation. Secondary consequences on the fecundity and connectivity of populations are discussed.<\/jats:p>","DOI":"10.3390\/fishes8100485","type":"journal-article","created":{"date-parts":[[2023,9,28]],"date-time":"2023-09-28T01:51:14Z","timestamp":1695865874000},"page":"485","update-policy":"https:\/\/doi.org\/10.3390\/mdpi_crossmark_policy","source":"Crossref","is-referenced-by-count":13,"title":["Implications of Warming on the Morphometric and Reproductive Traits of the Green Crab, Carcinus maenas"],"prefix":"10.3390","volume":"8","author":[{"ORCID":"https:\/\/orcid.org\/0000-0003-1328-7592","authenticated-orcid":false,"given":"Jo\u00e3o N.","family":"Monteiro","sequence":"first","affiliation":[{"name":"CCMAR\u2014Centre of Marine Sciences, Universidade do Algarve, Campus de Gambelas, 8005-139 Faro, Portugal"}]},{"ORCID":"https:\/\/orcid.org\/0000-0002-6465-2724","authenticated-orcid":false,"given":"Juan","family":"Bueno-Pardo","sequence":"additional","affiliation":[{"name":"Centro de Investigaci\u00f3n Mari\u00f1a, Future Oceans Lab, Universidade de Vigo, Lagoas-Marcosende, 36310 Vigo, Spain"}]},{"ORCID":"https:\/\/orcid.org\/0000-0003-4472-3238","authenticated-orcid":false,"given":"Miguel","family":"Pinto","sequence":"additional","affiliation":[{"name":"CCMAR\u2014Centre of Marine Sciences, Universidade do Algarve, Campus de Gambelas, 8005-139 Faro, Portugal"}]},{"given":"Miguel A.","family":"Pardal","sequence":"additional","affiliation":[{"name":"CFE\u2014Centre for Functional Ecology, Department of Life Sciences, University of Coimbra, 3000-456 Coimbra, Portugal"}]},{"ORCID":"https:\/\/orcid.org\/0000-0001-8358-8329","authenticated-orcid":false,"given":"Filipe","family":"Martinho","sequence":"additional","affiliation":[{"name":"CFE\u2014Centre for Functional Ecology, Department of Life Sciences, University of Coimbra, 3000-456 Coimbra, Portugal"}]},{"ORCID":"https:\/\/orcid.org\/0000-0003-4983-9782","authenticated-orcid":false,"given":"Francisco","family":"Leit\u00e3o","sequence":"additional","affiliation":[{"name":"CCMAR\u2014Centre of Marine Sciences, Universidade do Algarve, Campus de Gambelas, 8005-139 Faro, Portugal"}]}],"member":"1968","published-online":{"date-parts":[[2023,9,27]]},"reference":[{"key":"ref_1","unstructured":"Masson-Delmotte, V., Zhai, P., P\u00f6rtner, H.-O., Roberts, D., Skea, J., Shukla, P.R., Pirani, A., Moufouma-Okia, W., P\u00e9an, C., and Pidcock, R. (2018). Global Warming of 1.5 \u00b0C, Cambridge University Press. An IPCC Special Report on the impacts of global warming of 1.5 \u00b0C above pre-industrial levels and related global greenhouse gas emission pathways, in the context of strengthening the global response to the threat of climate change, sustainable development, and efforts to eradicate poverty."},{"key":"ref_2","doi-asserted-by":"crossref","first-page":"E196","DOI":"10.1086\/665652","article-title":"The Offspring-Development-Time\/Offspring-Number Trade-Off","volume":"179","author":"Bueno","year":"2012","journal-title":"Am. Nat."},{"key":"ref_3","first-page":"1","article-title":"Combined effects of temperature and salinity on the zoeal development of the green crab, Carcinus maenas (Linnaeus, 1758) (Decapoda: Portunidae)","volume":"57","author":"Nagaraj","year":"1993","journal-title":"Sci. Mar."},{"key":"ref_4","doi-asserted-by":"crossref","first-page":"979","DOI":"10.1163\/15685403-00003468","article-title":"Variability of size at maturity of the warrior swimming crab, Callinectes bellicosus (Stimpson, 1859) (Brachyura, Portunidae), along a latitudinal gradient in the Gulf of California","volume":"88","year":"2015","journal-title":"Crustaceana"},{"key":"ref_5","doi-asserted-by":"crossref","unstructured":"Spitzner, F., Gim\u00e9nez, L., Meth, R., Harzsch, S., and Torres, G. (2019). Unmasking intraspecific variation in offspring responses to multiple environmental drivers. Mar. Biol., 166.","DOI":"10.1007\/s00227-019-3560-y"},{"key":"ref_6","first-page":"407","article-title":"The biology of the shore crab Carcinus maenas (L.). I. The background anatomy, growth and life history","volume":"2","author":"Crothers","year":"1967","journal-title":"Field Stud."},{"key":"ref_7","doi-asserted-by":"crossref","first-page":"1809","DOI":"10.1111\/j.1365-2699.2003.00962.x","article-title":"Episodic global dispersal in shallow water marine organisms: The case history of the European shore crabs Carcinus maenas and C. aestuarii","volume":"30","author":"Carlton","year":"2003","journal-title":"J. Biogeogr."},{"key":"ref_8","doi-asserted-by":"crossref","first-page":"178","DOI":"10.1651\/C-2417","article-title":"Spatial and Temporal Distribution of Shore Crabs Carcinus maenas in a Small Tidal Estuary (Looe Estuary, Cornwall, England)","volume":"24","author":"Rewitz","year":"2004","journal-title":"J. Crustac. Biol."},{"key":"ref_9","doi-asserted-by":"crossref","first-page":"37","DOI":"10.1016\/S0022-0981(00)00260-4","article-title":"Developing the options for managing marine pests: Specificity trials on the parasitic castrator, Sacculina carcini, against the European crab, Carcinus maenas, and related species","volume":"254","author":"Thresher","year":"2000","journal-title":"J. Exp. Mar. Biol. Ecol."},{"key":"ref_10","doi-asserted-by":"crossref","unstructured":"Young, A.M., and Elliott, J.A. (2020). Life History and Population Dynamics of Green Crabs (Carcinus maenas). Fishes, 5.","DOI":"10.3390\/fishes5010004"},{"key":"ref_11","doi-asserted-by":"crossref","first-page":"9129","DOI":"10.1007\/s11356-014-2979-4","article-title":"Overview on the European green crab Carcinus spp. (Portunidae Decapoda) one of the most famous marine invaders and ecotoxicological models","volume":"21","author":"Leignel","year":"2014","journal-title":"Environ. Sci. Pollut. Res."},{"key":"ref_12","doi-asserted-by":"crossref","first-page":"2299","DOI":"10.1007\/s10530-013-0454-7","article-title":"Cold tolerance of the invasive Carcinus maenas in the east Pacific: Molecular mechanisms and implications for range expansion in a changing climate","volume":"15","author":"Kelley","year":"2013","journal-title":"Biol. Invasions"},{"key":"ref_13","doi-asserted-by":"crossref","first-page":"105404","DOI":"10.1016\/j.marenvres.2021.105404","article-title":"Effects of climate variability on an estuarine green crab Carcinus maenas population","volume":"169","author":"Monteiro","year":"2021","journal-title":"Mar. Environ. Res."},{"key":"ref_14","doi-asserted-by":"crossref","first-page":"30","DOI":"10.1016\/j.seares.2007.05.004","article-title":"Mangrove crabs as ecosystem engineers; with emphasis on sediment processes","volume":"59","author":"Kristensen","year":"2008","journal-title":"J. Sea Res."},{"key":"ref_15","doi-asserted-by":"crossref","first-page":"133","DOI":"10.1016\/j.ecss.2014.08.008","article-title":"Predicting habitat associations of five intertidal crab species among estuaries","volume":"149","author":"Vermeiren","year":"2014","journal-title":"Estuar. Coast. Shelf Sci."},{"key":"ref_16","doi-asserted-by":"crossref","first-page":"225","DOI":"10.1007\/BF00348935","article-title":"Introduction, dispersal and potential impacts of the green crab Carcinus maenas in San Francisco Bay, California","volume":"122","author":"Cohen","year":"1995","journal-title":"Mar. Biol."},{"key":"ref_17","doi-asserted-by":"crossref","first-page":"24","DOI":"10.1016\/j.marenvres.2017.03.002","article-title":"Non-indigenous predators threaten ecosystem engineers: Interactive effects of green crab and oyster size on American oyster mortality","volume":"127","author":"Pickering","year":"2017","journal-title":"Mar. Environ. Res."},{"key":"ref_18","doi-asserted-by":"crossref","first-page":"3553","DOI":"10.1098\/rstb.2010.0049","article-title":"Temperature tolerance and energetics: A dynamic energy budget-based comparison of North Atlantic marine species","volume":"365","author":"Freitas","year":"2010","journal-title":"Philos. Trans. R. Soc. Land B"},{"key":"ref_19","doi-asserted-by":"crossref","first-page":"1625","DOI":"10.1007\/s00227-015-2698-5","article-title":"Thermogeographic variation in body size of Carcinus maenas, the European green crab","volume":"162","author":"Kelley","year":"2015","journal-title":"Mar. Biol."},{"key":"ref_20","doi-asserted-by":"crossref","first-page":"1564","DOI":"10.1111\/1365-2435.13607","article-title":"Temperature modulates compensatory responses to food limitation at metamorphosis in a marine invertebrate","volume":"34","author":"Torres","year":"2020","journal-title":"Funct. Ecol."},{"key":"ref_21","doi-asserted-by":"crossref","first-page":"1","DOI":"10.1016\/S0065-2504(08)60212-3","article-title":"Temperature and Organism Size\u2014A Biological Law for Ectotherms?","volume":"25","author":"Atkinson","year":"1994","journal-title":"Adv. Ecol. Res."},{"key":"ref_22","doi-asserted-by":"crossref","first-page":"309","DOI":"10.1007\/s10530-004-0877-2","article-title":"Growth and persistence of a recent invader Carcinus maenas in estuaries of the northeastern Pacific","volume":"7","author":"Yamada","year":"2005","journal-title":"Biol. Invasions"},{"key":"ref_23","doi-asserted-by":"crossref","first-page":"199","DOI":"10.3354\/dao03290","article-title":"Population dynamics and development of the rhizocephalan Sacculina carcini, parasitic on the shore crab Carcinus maenas","volume":"131","author":"Mouritsen","year":"2018","journal-title":"Dis. Aquat. Org."},{"key":"ref_24","doi-asserted-by":"crossref","first-page":"91","DOI":"10.1080\/00364827.1984.10420595","article-title":"Growth, reproduction, and life span in Sacculina carcini Thompson (Cirripedia: Rhizocephala) in the Isefjord, Denmark","volume":"69","year":"1984","journal-title":"Sarsia"},{"key":"ref_25","doi-asserted-by":"crossref","first-page":"237","DOI":"10.1007\/s002650050384","article-title":"Weapon size versus body size as a predictor of winning in fights between shore crabs, Carcinus maenas (L.)","volume":"41","author":"Sneddon","year":"1997","journal-title":"Behav. Ecol. Sociobiol."},{"key":"ref_26","doi-asserted-by":"crossref","first-page":"165","DOI":"10.3354\/meps122165","article-title":"Tidal and seasonal changes in the temporal and spatial distribution of foraging Carcinus maenas in the weakly tidal littoral zone of Kerteminde Fjord, Denmark","volume":"122","author":"Aagaard","year":"1995","journal-title":"Mar. Ecol. Prog. Ser."},{"key":"ref_27","first-page":"65","article-title":"Die Schlei, ein Modell f\u00fcr die Verbreitung der Strandkrabbe Carcinus maenas","volume":"35","author":"Dries","year":"1982","journal-title":"Helgol. Mar. Res."},{"key":"ref_28","doi-asserted-by":"crossref","first-page":"177","DOI":"10.1016\/0022-0981(76)90102-7","article-title":"The incidence of autotomy in Carcinus maenas (L.)","volume":"24","author":"McVean","year":"1976","journal-title":"J. Exp. Mar. Biol. Ecol."},{"key":"ref_29","doi-asserted-by":"crossref","first-page":"131","DOI":"10.3354\/meps101131","article-title":"Intertidal migration by the sore crab Carcinus maenas","volume":"101","author":"Hunter","year":"1993","journal-title":"Mar. Ecol. Prog. Ser."},{"key":"ref_30","doi-asserted-by":"crossref","first-page":"235","DOI":"10.3354\/meps09037","article-title":"Population demographics of native and newly  invasive populations of the green crab Carcinus maenas","volume":"430","author":"McGaw","year":"2011","journal-title":"Mar. Ecol. Prog. Ser."},{"key":"ref_31","doi-asserted-by":"crossref","first-page":"397","DOI":"10.1111\/j.1469-7998.1994.tb01581.x","article-title":"Size-related mating success in the shore crab Carcinus maenas (Crustacea: Brachyura)","volume":"232","author":"Reid","year":"1994","journal-title":"J. Zool."},{"key":"ref_32","doi-asserted-by":"crossref","first-page":"257","DOI":"10.1163\/187530137X00104","article-title":"On Development, Growth and Distribution of Carcinides maenas (L.)","volume":"2","author":"Broekhuysen","year":"1936","journal-title":"Arch. Neerl. Zool."},{"key":"ref_33","doi-asserted-by":"crossref","first-page":"601","DOI":"10.2307\/2055","article-title":"Seasonal Changes in a Population of Carcinus maenas (L.) in the Littoral Zone","volume":"31","author":"Naylor","year":"1962","journal-title":"J. Anim. Ecol."},{"key":"ref_34","doi-asserted-by":"crossref","first-page":"144","DOI":"10.1080\/07924259.2011.582693","article-title":"Reproductive biology of the shore crab Carcinus maenas (Decapoda, Portunidae): A macroscopic and histological view","volume":"56","author":"Lyons","year":"2012","journal-title":"Invertebr. Reprod. Dev."},{"key":"ref_35","doi-asserted-by":"crossref","first-page":"424","DOI":"10.1016\/j.ecss.2011.06.021","article-title":"Differences in the neighborhood: Structural variations in the carapace of shore crabs Carcinus maenas (Decapoda: Portunidae)","volume":"95","author":"Souza","year":"2011","journal-title":"Estuar. Coast. Shelf Sci."},{"key":"ref_36","doi-asserted-by":"crossref","first-page":"43","DOI":"10.1016\/j.ecss.2005.05.004","article-title":"Biology, population dynamics and secondary production of the green crab Carcinus maenas (L.) in a temperate estuary","volume":"65","author":"Baeta","year":"2005","journal-title":"Estuar. Coast. Shelf Sci."},{"key":"ref_37","doi-asserted-by":"crossref","first-page":"867","DOI":"10.1017\/S0025315409991421","article-title":"Seasonal and temporal variations in population dynamics of the Carcinus maenas (L.): The effect of an extreme drought event in a southern European estuary","volume":"90","author":"Bessa","year":"2010","journal-title":"J. Mar. Biol. Assoc. UK"},{"key":"ref_38","unstructured":"Gillespie, G.E., Norgard, T.C., Anderson, E.D., Haggarty, D.R., and Phillips, A.C. (2015). Distribution and Biological Characteristics of European Green Crab, Carcinus maenas, in British Columbia, 2006\u20132013, Canadian technical report of fisheries and aquatic sciences."},{"key":"ref_39","unstructured":"Gillespie, G.E., Phillips, A.C., Paltzat, D.L., and Therriault, T.W. (2007). Status of the European Green Crab, Carcinus maenas, in British Columbia\u20142006, Canadian technical report of fisheries and aquatic sciences."},{"key":"ref_40","doi-asserted-by":"crossref","first-page":"725","DOI":"10.1093\/icesjms\/fsm191","article-title":"Will the European green crab (Carcinus maenas) persist in the Pacific Northwest?","volume":"65","author":"Yamada","year":"2008","journal-title":"ICES J. Mar. Sci."},{"key":"ref_41","doi-asserted-by":"crossref","first-page":"247","DOI":"10.3391\/mbi.2017.8.2.12","article-title":"Reproductive biology of an invasive population of European green crab, Carcinus maenas, in Placentia Bay, Newfoundland","volume":"8","author":"Best","year":"2017","journal-title":"Manag. Biol. Invasions"},{"key":"ref_42","doi-asserted-by":"crossref","first-page":"e6308","DOI":"10.7717\/peerj.6308","article-title":"Improving the efficiency of the Fukui trap as a capture tool for the invasive European green crab (Carcinus maenas) in Newfoundland, Canada","volume":"7","author":"Bergshoeff","year":"2019","journal-title":"PeerJ"},{"key":"ref_43","doi-asserted-by":"crossref","first-page":"427","DOI":"10.2983\/0730-8000(2008)27[427:BCOANE]2.0.CO;2","article-title":"Biological Characteristics of a Newly Established Green Crab (Carcinus maenas) Population in the Southern Gulf of St. Lawrence, Canada","volume":"27","author":"Audet","year":"2008","journal-title":"J. Shellfish Res."},{"key":"ref_44","unstructured":"Tremblay, M.J., Thompson, A., and Paul, K. (2006). Recent Trends in the Abundance of the Invasive Green Crab (Carcinus maenas) in Bras d\u2019Or Lakes and Eastern Nova Scotia Based on Trap Surveys."},{"key":"ref_45","doi-asserted-by":"crossref","first-page":"161","DOI":"10.1656\/045.025.0112","article-title":"Distribution and Habitat Use of the Invasive Carcinus maenas L. (European Green Crab) and the Native Cancer irroratus (Say) (Rock Crab) in Intertidal Zones in the upper Bay of Fundy, Canada","volume":"25","author":"MacDonald","year":"2018","journal-title":"Northeast. Nat."},{"key":"ref_46","doi-asserted-by":"crossref","first-page":"e5566","DOI":"10.7717\/peerj.5566","article-title":"Dramatic decline and limited recovery of a green crab (Carcinus maenas) population in the Minas Basin, Canada after the summer of 2013","volume":"6","author":"Quinn","year":"2018","journal-title":"PeerJ"},{"key":"ref_47","doi-asserted-by":"crossref","first-page":"659","DOI":"10.1007\/s10530-011-0107-7","article-title":"Regional differences in foraging behaviour of invasive green crab (Carcinus maenas) populations in Atlantic Canada","volume":"14","author":"Rossong","year":"2012","journal-title":"Biol. Invasions"},{"key":"ref_48","doi-asserted-by":"crossref","first-page":"31","DOI":"10.2307\/1548108","article-title":"The Life Cycle of the Green Crab Carcinus maenas at the Northern End of Its Range","volume":"2","author":"Berrill","year":"1982","journal-title":"J. Crustac. Biol."},{"key":"ref_49","doi-asserted-by":"crossref","first-page":"25","DOI":"10.1163\/1937240X-00002102","article-title":"The green crab Carcinus maenas in two New Hampshire estuaries. Part 1: Spatial and temporal distribution, sex ratio, average size, and mass","volume":"33","author":"Fulton","year":"2013","journal-title":"J. Crustac. Biol."},{"key":"ref_50","doi-asserted-by":"crossref","first-page":"556","DOI":"10.1093\/jcbiol\/rux068","article-title":"Seasonal catch, size, color, and assessment of trapping variables for the European green crab Carcinus maenas (Linnaeus, 1758) (Brachyura: Portunoidea: Carcinidae), a nonindigenous species in Massachusetts, USA","volume":"37","author":"Young","year":"2017","journal-title":"J. Crustac. Biol."},{"key":"ref_51","doi-asserted-by":"crossref","first-page":"121","DOI":"10.1007\/s00442-013-2751-3","article-title":"Linking individual diet variation and fecundity in an omnivorous marine consumer","volume":"174","author":"Griffen","year":"2013","journal-title":"Oecologia"},{"key":"ref_52","doi-asserted-by":"crossref","first-page":"1275","DOI":"10.1007\/s00227-006-0451-9","article-title":"Larval development rate predicts range expansion of an introduced crab","volume":"150","author":"Derivera","year":"2006","journal-title":"Mar. Biol."},{"key":"ref_53","unstructured":"Klassen, G., and Locke, A. (2007). A Biological Synopsis of the European Green Crab, Carcinus maenas, Canadian technical report of fisheries and aquatic sciences."},{"key":"ref_54","doi-asserted-by":"crossref","first-page":"31","DOI":"10.1007\/s10750-005-9305-6","article-title":"Reproductive Investment in Brachyura","volume":"557","author":"Hartnoll","year":"2006","journal-title":"Hydrobiologia"},{"key":"ref_55","doi-asserted-by":"crossref","first-page":"12788","DOI":"10.1073\/pnas.0902080106","article-title":"Global warming benefits the small in aquatic ecosystems","volume":"106","author":"Daufresne","year":"2009","journal-title":"Proc. Natl. Acad. Sci. USA"},{"key":"ref_56","doi-asserted-by":"crossref","first-page":"483","DOI":"10.1111\/j.1365-2435.2011.01958.x","article-title":"The temperature-size rule emerges from ontogenetic differences between growth and development rates","volume":"26","author":"Forster","year":"2012","journal-title":"Funct. Ecol."},{"key":"ref_57","doi-asserted-by":"crossref","first-page":"347","DOI":"10.1086\/671170","article-title":"The Relative Importance of Predation Risk and Water Temperature in Maintaining Bergmann\u2019s Rule in a Marine Ectotherm","volume":"182","author":"Bell","year":"2013","journal-title":"Am. Nat."},{"key":"ref_58","doi-asserted-by":"crossref","first-page":"1397","DOI":"10.2307\/1938002","article-title":"Latitudinal Differentiation in Copepod Growth: An Adaptation to Temperature","volume":"66","author":"Lonsdale","year":"1985","journal-title":"Ecology"},{"key":"ref_59","doi-asserted-by":"crossref","first-page":"1656","DOI":"10.1111\/eva.12657","article-title":"Temporal dynamics of genetic clines of invasive European green crab (Carcinus maenas) in eastern North America","volume":"11","author":"Lehnert","year":"2018","journal-title":"Evol. Appl."},{"key":"ref_60","doi-asserted-by":"crossref","unstructured":"Johnston, I.A., and Bennett, A.F. (1996). Animals and Temperature: Phenotypic and Evolutionary Adaptation, Cambridge University Press.","DOI":"10.1017\/CBO9780511721854"},{"key":"ref_61","doi-asserted-by":"crossref","first-page":"114","DOI":"10.1038\/20099","article-title":"Polar gigantism dictated by oxygen availability","volume":"398","author":"Chapelle","year":"1999","journal-title":"Nature"},{"key":"ref_62","doi-asserted-by":"crossref","first-page":"1716","DOI":"10.1007\/s12237-021-01035-9","article-title":"Variability in Carcinus maenas Fecundity along Lagoons and Estuaries of the Portuguese Coast","volume":"45","author":"Monteiro","year":"2022","journal-title":"Estuaries Coasts"},{"key":"ref_63","doi-asserted-by":"crossref","first-page":"157","DOI":"10.1007\/s10750-009-9835-4","article-title":"Oxygen solubility in evaporated seawater as a function of temperature and salinity","volume":"632","author":"Debelius","year":"2009","journal-title":"Hydrobiologia"},{"key":"ref_64","doi-asserted-by":"crossref","first-page":"1211","DOI":"10.1111\/raq.12380","article-title":"Effects of climate-induced water temperature changes on the life history of brachyuran crabs","volume":"12","author":"Azra","year":"2019","journal-title":"Rev. Aquac."},{"key":"ref_65","doi-asserted-by":"crossref","first-page":"363","DOI":"10.1007\/s00227-010-1564-8","article-title":"Effect of temperature on growth and maturation pattern of Caprella mutica (Crustacea, Amphipoda): Does the temperature\u2013size rule function in caprellids?","volume":"158","author":"Hosono","year":"2011","journal-title":"Mar. Biol."},{"key":"ref_66","unstructured":"Hartnoll, R.G. (2001). Advances in Decapod Crustacean Research, Proceedings of the 7th Colloquium Crustacea Decapoda Mediterranea, Lisbon, Portugal, 6\u20139 September 1999, Springer."},{"key":"ref_67","doi-asserted-by":"crossref","first-page":"163","DOI":"10.1086\/699478","article-title":"Rising Temperatures, Molting Phenology, and Epizootic Shell Disease in the American Lobster","volume":"192","author":"Groner","year":"2018","journal-title":"Am. Nat."},{"key":"ref_68","doi-asserted-by":"crossref","first-page":"14489","DOI":"10.1002\/ece3.5883","article-title":"The fiddler crab, Minuca pugnax, follows Bergmann\u2019s rule","volume":"9","author":"Johnson","year":"2019","journal-title":"Ecol. Evol."},{"key":"ref_69","doi-asserted-by":"crossref","first-page":"505","DOI":"10.2983\/035.034.0246","article-title":"Temperature-Dependent Growth and Molting in Early Juvenile Blue Crabs Callinectes sapidus","volume":"34","author":"Cunningham","year":"2015","journal-title":"J. Shellfish Res."},{"key":"ref_70","doi-asserted-by":"crossref","first-page":"15","DOI":"10.1016\/j.jtherbio.2014.02.016","article-title":"Breaking the temperature-size rule: Thermal effects on growth, development and fecundity of a crustacean from temporary waters","volume":"42","year":"2014","journal-title":"J. Therm. Biol."},{"key":"ref_71","doi-asserted-by":"crossref","first-page":"1116","DOI":"10.1139\/z75-131","article-title":"The biology of Gammarus (Crustacea, Amphipoda) in the northwestern Atlantic. XI. Comparison and discussion","volume":"53","author":"Steele","year":"1975","journal-title":"Can. J. Zool."},{"key":"ref_72","doi-asserted-by":"crossref","first-page":"381","DOI":"10.1080\/01651269.1982.10553447","article-title":"Crustacean egg size as an indicator of egg fat\/protein reserves","volume":"4","author":"Shakuntala","year":"1982","journal-title":"Int. J. Invertebr. Reprod."},{"key":"ref_73","doi-asserted-by":"crossref","first-page":"993","DOI":"10.1016\/j.aquaculture.2006.08.025","article-title":"The influence of water temperature on spawning patterns and egg quality in the Atlantic halibut (Hippoglossus hippoglossus L.)","volume":"261","author":"Brown","year":"2006","journal-title":"Aquaculture"},{"key":"ref_74","doi-asserted-by":"crossref","unstructured":"Baptista, V., Costa, E.F.S., Carere, C., Morais, P., Cruz, J., Cerveira, I., Castanho, S., Ribeiro, L., Pous\u00e3o-Ferreira, P., and Leit\u00e3o, F. (2020). Does consistent individual variability in pelagic fish larval behaviour affect recruitment in nursery habitats?. Behav. Ecol. Sociobiol., 74.","DOI":"10.1007\/s00265-020-02841-0"},{"key":"ref_75","doi-asserted-by":"crossref","first-page":"105362","DOI":"10.1016\/j.marenvres.2021.105362","article-title":"Influence of oceanic and climate conditions on the early life history of European seabass Dicentrarchus labrax","volume":"169","author":"Pinto","year":"2021","journal-title":"Mar. Environ. Res."},{"key":"ref_76","doi-asserted-by":"crossref","first-page":"107358","DOI":"10.1016\/j.ecss.2021.107358","article-title":"Size-at-age or structure shift: Which hypothesis explains smaller body size of the fiddler crab Leptuca uruguayensis in northern populations?","volume":"254","author":"Granado","year":"2021","journal-title":"Estuar. Coast. Shelf Sci."},{"key":"ref_77","doi-asserted-by":"crossref","first-page":"958","DOI":"10.1111\/j.1365-2486.2007.01522.x","article-title":"Detrimental effects of recent ocean surface warming on growth condition of Atlantic salmon","volume":"14","author":"Todd","year":"2008","journal-title":"Glob. Chang. Biol."}],"container-title":["Fishes"],"original-title":[],"language":"en","link":[{"URL":"https:\/\/www.mdpi.com\/2410-3888\/8\/10\/485\/pdf","content-type":"unspecified","content-version":"vor","intended-application":"similarity-checking"}],"deposited":{"date-parts":[[2025,10,10]],"date-time":"2025-10-10T21:00:08Z","timestamp":1760130008000},"score":1,"resource":{"primary":{"URL":"https:\/\/www.mdpi.com\/2410-3888\/8\/10\/485"}},"subtitle":[],"short-title":[],"issued":{"date-parts":[[2023,9,27]]},"references-count":77,"journal-issue":{"issue":"10","published-online":{"date-parts":[[2023,10]]}},"alternative-id":["fishes8100485"],"URL":"https:\/\/doi.org\/10.3390\/fishes8100485","relation":{},"ISSN":["2410-3888"],"issn-type":[{"value":"2410-3888","type":"electronic"}],"subject":[],"published":{"date-parts":[[2023,9,27]]}}}