{"status":"ok","message-type":"work","message-version":"1.0.0","message":{"indexed":{"date-parts":[[2025,10,10]],"date-time":"2025-10-10T01:44:11Z","timestamp":1760060651699,"version":"build-2065373602"},"publisher-location":"Basel Switzerland","reference-count":13,"publisher":"MDPI","license":[{"start":{"date-parts":[[2025,9,19]],"date-time":"2025-09-19T00:00:00Z","timestamp":1758240000000},"content-version":"vor","delay-in-days":0,"URL":"https:\/\/creativecommons.org\/licenses\/by\/4.0\/"}],"content-domain":{"domain":[],"crossmark-restriction":false},"short-container-title":[],"DOI":"10.3390\/msf2025037026","type":"proceedings-article","created":{"date-parts":[[2025,9,22]],"date-time":"2025-09-22T08:37:22Z","timestamp":1758530242000},"page":"26","update-policy":"https:\/\/doi.org\/10.3390\/mdpi_crossmark_policy","source":"Crossref","is-referenced-by-count":0,"title":["Characterisation of the Patient Population Attending the Interstitial Lung Disease Clinic at Hospital Garcia de Orta: Implications for Pulmonary Rehabilitation"],"prefix":"10.3390","author":[{"given":"Ana Paula","family":"Sequeira","sequence":"first","affiliation":[{"name":"Unidade Funcional de Fisioterapia do Servi\u00e7o de Medicina F\u00edsica e Reabilita\u00e7\u00e3o, Hospital Garcia de Orta, 2805-267 Almada, Portugal"},{"name":"Departamento de Fisioterapia, Escola Superior de Sa\u00fade Atl\u00e2ntica, 2730-036 Oeiras, Portugal"}]},{"ORCID":"https:\/\/orcid.org\/0000-0002-4164-2152","authenticated-orcid":false,"given":"\u00c2ngela","family":"Pereira","sequence":"additional","affiliation":[{"name":"Unidade Funcional de Fisioterapia do Servi\u00e7o de Medicina F\u00edsica e Reabilita\u00e7\u00e3o, Hospital Garcia de Orta, 2805-267 Almada, Portugal"},{"name":"Interdisciplinary Research Centre Egas Moniz, Egas Moniz School of Health and Science, 2829-511 Almada, Portugal"}]},{"ORCID":"https:\/\/orcid.org\/0000-0003-3134-3893","authenticated-orcid":false,"given":"Helena","family":"Santa-Clara","sequence":"additional","affiliation":[{"name":"Centro Interdisciplinar de Estudo da Performance Humana CIPER, Faculdade de Motricidade Humana, Universidade de Lisboa, Cruz Quebrada, 1495-751 Lisboa, Portugal"}]}],"member":"1968","published-online":{"date-parts":[[2025,9,19]]},"reference":[{"key":"ref_1","doi-asserted-by":"crossref","first-page":"00264","DOI":"10.1183\/23120541.00264-2019","article-title":"Prevalence of comorbidities and impact on pulmonary rehabilitation outcomes","volume":"5","author":"Butler","year":"2019","journal-title":"ERJ Open Res."},{"key":"ref_2","doi-asserted-by":"crossref","first-page":"180076","DOI":"10.1183\/16000617.0076-2018","article-title":"Presentation, diagnosis and clinical course of the spectrum of progressive-fibrosing interstitial lung diseases","volume":"27","author":"Cottin","year":"2018","journal-title":"Eur. Respir. Rev."},{"key":"ref_3","first-page":"CD006322","article-title":"Pulmonary rehabilitation for interstitial lung disease","volume":"2","author":"Dowman","year":"2021","journal-title":"Cochrane Database Syst. Rev."},{"key":"ref_4","doi-asserted-by":"crossref","first-page":"807","DOI":"10.1016\/S2213-2600(20)30225-3","article-title":"Pulmonary fibrosis and COVID-19: The potential role for antifibrotic therapy","volume":"8","author":"George","year":"2020","journal-title":"Lancet Respir. Med."},{"key":"ref_5","doi-asserted-by":"crossref","first-page":"425","DOI":"10.1097\/HCR.0000000000000915","article-title":"Pulmonary Rehabilitation for Diseases Other Than COPD","volume":"44","author":"Menson","year":"2024","journal-title":"J. Cardiopulm. Rehabil. Prev."},{"key":"ref_6","first-page":"e59262","article-title":"Characterisation of Patients with Chronic Obstructive Pulmonary Disease (COPD) From an Urban Municipality in the Northern Region of Portugal: A Cross-Sectional Study","volume":"16","author":"Silva","year":"2024","journal-title":"Cureus"},{"key":"ref_7","unstructured":"Sociedade Portuguesa de Pneumologia (2021). Reabilita\u00e7\u00e3o Respirat\u00f3ria: Documento de Consenso, SPP."},{"key":"ref_8","doi-asserted-by":"crossref","first-page":"e13","DOI":"10.1164\/rccm.201309-1634ST","article-title":"An official American Thoracic Society\/European Respiratory Society statement: Key concepts and advances in pulmonary rehabilitation","volume":"188","author":"Spruit","year":"2013","journal-title":"Am. J. Respir. Crit. Care Med."},{"key":"ref_9","doi-asserted-by":"crossref","first-page":"00601","DOI":"10.1183\/23120541.00601-2024","article-title":"Minimum important difference of shuttle walk tests in patients with interstitial lung disease following pulmonary rehabilitation","volume":"11","author":"Zatloukal","year":"2025","journal-title":"ERJ Open Res."},{"key":"ref_10","doi-asserted-by":"crossref","first-page":"eAO6115","DOI":"10.31744\/einstein_journal\/2021AO6115","article-title":"Barriers to enrollment in pulmonary rehabilitation: Medical knowledge analysis","volume":"19","author":"Gushken","year":"2021","journal-title":"Einstein"},{"key":"ref_11","doi-asserted-by":"crossref","first-page":"14799731211046022","DOI":"10.1177\/14799731211046022","article-title":"Pulmonary rehabilitation for interstitial lung disease: Referral and patient experiences","volume":"18","author":"Hoffman","year":"2021","journal-title":"Chronic Respir. Dis."},{"key":"ref_12","doi-asserted-by":"crossref","first-page":"158","DOI":"10.1016\/j.jphys.2022.06.006","article-title":"Physiotherapy management of interstitial lung disease","volume":"68","author":"Holland","year":"2022","journal-title":"J. Physiother."},{"key":"ref_13","doi-asserted-by":"crossref","first-page":"405","DOI":"10.1016\/j.ccm.2019.02.011","article-title":"Exercise Pathophysiology in Interstitial Lung Disease","volume":"40","author":"Schaeffer","year":"2019","journal-title":"Clin. Chest Med."}],"event":{"name":"International Congress of CiiEM","acronym":"CiiEM 2025"},"container-title":["&lt;p&gt;7th CiiEM International Congress 2025&amp;mdash;Empowering One Health to Reduce Social Vulnerabilities&lt;\/p&gt;"],"original-title":[],"link":[{"URL":"https:\/\/www.mdpi.com\/2673-9992\/37\/1\/26\/pdf","content-type":"unspecified","content-version":"vor","intended-application":"similarity-checking"}],"deposited":{"date-parts":[[2025,10,9]],"date-time":"2025-10-09T18:46:48Z","timestamp":1760035608000},"score":1,"resource":{"primary":{"URL":"https:\/\/www.mdpi.com\/2673-9992\/37\/1\/26"}},"subtitle":[],"short-title":[],"issued":{"date-parts":[[2025,9,19]]},"references-count":13,"alternative-id":["msf2025037026"],"URL":"https:\/\/doi.org\/10.3390\/msf2025037026","relation":{},"subject":[],"published":{"date-parts":[[2025,9,19]]}}}