{"status":"ok","message-type":"work","message-version":"1.0.0","message":{"indexed":{"date-parts":[[2025,10,10]],"date-time":"2025-10-10T01:41:31Z","timestamp":1760060491013,"version":"build-2065373602"},"reference-count":111,"publisher":"MDPI AG","issue":"9","license":[{"start":{"date-parts":[[2025,9,5]],"date-time":"2025-09-05T00:00:00Z","timestamp":1757030400000},"content-version":"vor","delay-in-days":0,"URL":"https:\/\/creativecommons.org\/licenses\/by\/4.0\/"}],"content-domain":{"domain":[],"crossmark-restriction":false},"short-container-title":["Religions"],"abstract":"<jats:p>This article examines the contemporary Portuguese family through the lens of changes in the transmission of family values, with a particular focus on the religious sphere. Using a quantitative methodology based on a questionnaire survey administered to a non-probabilistic convenience sample of 3634 respondents in Portugal, this study explores the transformations in family values and the role of religion. The findings show that current values are increasingly oriented toward individualism, emotionality, expressiveness, and empowerment, with religion no longer underpinning these values. The religious decline within the family sphere has paralleled the erosion of traditional, positional, and hierarchical values\u2014even among individuals with religious beliefs in whom the sense of belonging is weakening\u2014favoring individualistic and expressive values related to work, education, and leisure. The analysis reveals significant generational differences in the perception of family, indicating an ongoing process of social transformation that reflects broader structural changes in Portuguese society. Younger generations exhibit a stronger adherence to individualistic values and a weaker attachment to traditional hierarchical patterns. The data suggest a profound reconfiguration of the value foundations of the family, with important implications for family policies and for understanding contemporary family dynamics in the Portuguese context.<\/jats:p>","DOI":"10.3390\/rel16091151","type":"journal-article","created":{"date-parts":[[2025,9,5]],"date-time":"2025-09-05T07:46:17Z","timestamp":1757058377000},"page":"1151","update-policy":"https:\/\/doi.org\/10.3390\/mdpi_crossmark_policy","source":"Crossref","is-referenced-by-count":0,"title":["The Family in the Mirror: Generational Values and Attitudes of the Portuguese Regarding the Family"],"prefix":"10.3390","volume":"16","author":[{"ORCID":"https:\/\/orcid.org\/0000-0003-4719-3148","authenticated-orcid":false,"given":"Eduardo","family":"Duque","sequence":"first","affiliation":[{"name":"Faculty of Philosophy and Social Sciences, Universidade Cat\u00f3lica Portuguesa, 1649-023 Lisbon, Portugal"},{"name":"Communication and Society Research Centre, University of Minho, 4710-057 Braga, Portugal"}]},{"ORCID":"https:\/\/orcid.org\/0000-0002-7440-0168","authenticated-orcid":false,"given":"Jos\u00e9 F. Dur\u00e1n","family":"V\u00e1zquez","sequence":"additional","affiliation":[{"name":"Department of Sociology, Political Science and Management and Philosophy, University of Vigo, 36310 Vigo, Spain"}]}],"member":"1968","published-online":{"date-parts":[[2025,9,5]]},"reference":[{"key":"ref_1","first-page":"157","article-title":"Perspectivas dos jovens sobre a fam\u00edlia e o casamento. Notas cr\u00edticas","volume":"22","author":"Almeida","year":"1986","journal-title":"An\u00e1lise Social"},{"key":"ref_2","first-page":"3","article-title":"Analizar sociol\u00f3gicamente la implicaci\u00f3n escolar parental: \u201cel tiempo importa\u201d","volume":"179","author":"Alonso","year":"2022","journal-title":"Revista Espa\u00f1ola de Investigaciones Sociol\u00f3gicas"},{"key":"ref_3","unstructured":"Anderson, Michael (1988). Aproximaci\u00f3n a la Historia de la Familia Occidental, 1500\u20131914, Siglo XXI."},{"key":"ref_4","unstructured":"Andrade, Madalena (1989). A Juventude Portuguesa. Situa\u00e7o\u00f5es, Problemas e Aspira\u00e7o\u00f5es. O Trabalho, o Emprego, a Profiss\u00e3o, ICS."},{"key":"ref_5","unstructured":"Arendt, Hannah (1998). La Condici\u00f3n Humana, Paid\u00f3s."},{"key":"ref_6","unstructured":"Ari\u00e8s, Philippe (1987). El ni\u00f1o y la Vida Familiar en el Antiguo R\u00e9gimen, Taurus."},{"key":"ref_7","unstructured":"Azevedo, Alda (2020). Como Vivem os Portugueses. Popula\u00e7\u00e3o e Fam\u00edlias, Alojamentos e Habita\u00e7\u00e3o, Funda\u00e7\u00e3o Francisco Manuel dos Santos."},{"key":"ref_8","unstructured":"Bane, Mary Jo (1976). Here to Stay: American Families in the Twentieth Century, Basic Books."},{"key":"ref_9","doi-asserted-by":"crossref","first-page":"921","DOI":"10.1177\/14614448211012791","article-title":"Captured and captioned: Representing family lifeon Instagram","volume":"25","author":"Barnwell","year":"2023","journal-title":"New Media & Socety"},{"key":"ref_10","first-page":"841","article-title":"Portugal na periferia do centro: Mudan\u00e7a social, 1960 a 1995","volume":"30","author":"Barreto","year":"1995","journal-title":"An\u00e1lise Social, Quarta S\u00e9rie"},{"key":"ref_11","unstructured":"Beck, Ulrich, and Beck-Gernsheim, Elisabeth (2001). El Normal caos del Amor, Paid\u00f3s."},{"key":"ref_12","doi-asserted-by":"crossref","first-page":"154","DOI":"10.2307\/2060069","article-title":"Ideal family size among white Americans: A quarter of a century\u2019s evidence","volume":"3","author":"Blake","year":"1966","journal-title":"Demography"},{"key":"ref_13","doi-asserted-by":"crossref","unstructured":"Borawski, Dominik, Lipska, Katarzyna, and Wajs, Tomasz (2025). Spirituality and Religiosity. Do They Always Go Hand in Hand? The Role of Spiritual Transcendence in Predicting Centrality of Religiosity. Religions, 16.","DOI":"10.3390\/rel16060724"},{"key":"ref_14","first-page":"285","article-title":"A condi\u00e7\u00e3o social da juventude portuguesa","volume":"20","author":"Seruya","year":"1984","journal-title":"An\u00e1lise Social"},{"key":"ref_15","first-page":"11","article-title":"La transmission des pratiques et croyances religieuses d\u2019une g\u00e9n\u00e9ration \u00e0 l\u2019autre","volume":"156","year":"2018","journal-title":"Revue de l\u2019OFCE"},{"key":"ref_16","doi-asserted-by":"crossref","unstructured":"Bruce, Steve, and Voas, David (2023). Secularization Vindicated. Religions, 14.","DOI":"10.3390\/rel14030301"},{"key":"ref_17","first-page":"381","article-title":"Mobilidade social e atitudes de classe em Portugal","volume":"33","author":"Cabral","year":"1998","journal-title":"An\u00e1lise Social, Quarta S\u00e9rie"},{"key":"ref_18","unstructured":"Cardoso, Ana, and Pedro, Rute (1993). A elevada taxa de actividade feminina em Portugal; algumas explica\u00e7\u00f5es. Documentos de Trabalho, CEDES, Universidade do Minho."},{"key":"ref_19","first-page":"31","article-title":"As novas din\u00e2micas laborais e os desafios da articula\u00e7\u00e3o com a vida familiar","volume":"72","author":"Casaca","year":"2013","journal-title":"Sociologia, Problemas e Pr\u00e1ticas"},{"key":"ref_20","first-page":"308","article-title":"Vida familiar e tecnologias de informa\u00e7\u00e3o e comunica\u00e7\u00e3o num mundo globalizado","volume":"239","author":"Casimiro","year":"2021","journal-title":"An\u00e1lise Social"},{"key":"ref_21","unstructured":"Castel, Robert (2001). Las Metamorfosis de la Cuesti\u00f3n Social, Paid\u00f3s."},{"key":"ref_22","unstructured":"Cordeiro, Mario (2016). Crian\u00e7as e Familas num Portugal en Mudan\u00e7a, Funda\u00e7\u00e3o Francisco Manuel dos Santos."},{"key":"ref_23","first-page":"193","article-title":"Estudantes e amigos. Traject\u00f3rias de classe e redes de sociabilidade","volume":"25","author":"Costa","year":"1990","journal-title":"An\u00e1lise Social"},{"key":"ref_24","first-page":"9","article-title":"Classes sociais na Europa","volume":"34","author":"Costa","year":"2000","journal-title":"Sociologia, Problemas e Pr\u00e1ticas"},{"key":"ref_25","unstructured":"Costa, Ant\u00f3nio, Jo\u00e2o, Teixeira, and Ana, Caetano (2014). Percursos de Estudantes no Ensino Superior. Fatores e Processos de Sucesso e de Insucesso, Mundos Sociais."},{"key":"ref_26","first-page":"81","article-title":"Rituais familiares: Pr\u00e1ticas e representa\u00e7\u00f5es sociais na constru\u00e7\u00e3o da fam\u00edlia contempor\u00e2nea","volume":"28","author":"Costa","year":"2014","journal-title":"Sociologia, Revista da Faculdade de Letras da Universidade do Porto"},{"key":"ref_27","doi-asserted-by":"crossref","first-page":"58","DOI":"10.1590\/0100-85872019v39n3cap03","article-title":"Religiosidade em Portugal: Caracteriza\u00e7\u00e3o, compara\u00e7\u00e3o e evolu\u00e7\u00e3o","volume":"39","author":"Coutinho","year":"2019","journal-title":"Religi\u00e3o e Sociedade"},{"key":"ref_28","doi-asserted-by":"crossref","first-page":"567","DOI":"10.1111\/j.1468-5906.2006.00328.x","article-title":"Generations of decline: Religious Change in 20th-Century Britain","volume":"45","author":"Crockett","year":"2006","journal-title":"Journal for the Scientific Study of Religion"},{"key":"ref_29","doi-asserted-by":"crossref","first-page":"271","DOI":"10.1017\/S0003975606000099","article-title":"Religion in Europe in the 21 Century: The Factors to Take into Account","volume":"47","author":"Davie","year":"2006","journal-title":"European Journal of Sociology\/Archives Europ\u00e9ennes de Sociologie"},{"key":"ref_30","doi-asserted-by":"crossref","unstructured":"Davie, Grace (2015). Religion in Britain: A Persistent Paradox, Blackwell Published.","DOI":"10.1002\/9781394260249"},{"key":"ref_31","unstructured":"De Singly, Fran\u00e7ois (2007). Sociologie de la Famille Contemporaine, Armand Colin."},{"key":"ref_32","unstructured":"De Singly, Fran\u00e7ois (2016). El yo, la Pareja y la Familia, CIS."},{"key":"ref_33","unstructured":"De Tocqueville, Alexis (1993). La democracia en Am\u00e9rica, Alianza Editorial."},{"key":"ref_34","unstructured":"Dias, Patricia, and Brito, Rita (2016). Crian\u00e7as e tecnolog\u00edas digitais. Que mudan\u00e7as num ano, Centro de Estudos de Comunica\u00e7\u00e3o e Cultura."},{"key":"ref_35","unstructured":"Duque, Eduardo (2014). Mudan\u00e7as Culturais, Mudan\u00e7as Religiosas. Perfis e Tend\u00eancias da Religiosidade em Portugal Numa Perspetiva Comparada, Edi\u00e7\u00f5es H\u00famus."},{"key":"ref_36","unstructured":"Duque, Eduardo (2022). Valores e Religiosidade em Portugal. Comportamentos e Atitudes Geracionais, Edic\u00f5es Afrontamento."},{"key":"ref_37","first-page":"103","article-title":"Quest\u00f5es \u00e9ticas subjacentes ao trabalho de investiga\u00e7\u00e3o","volume":"17","author":"Duque","year":"2017","journal-title":"EDAPECI, Educa\u00e7\u00e3o a Dist\u00e2ncia e Pr\u00e1ticas Educativas Comunicacionais e Interculturais"},{"key":"ref_38","doi-asserted-by":"crossref","unstructured":"Duque, Eduardo, and Dur\u00e1n, Jos\u00e9 F. (2023). Generations and Life Worlds: The Case of Braga in Portugal. Religions, 14.","DOI":"10.3390\/rel14111413"},{"key":"ref_39","unstructured":"Duque, Eduardo, and Dur\u00e1n, Jos\u00e9 F. (2024). O Trabalho da Juventude e a Juventude Face ao Trabalho, Edic\u00f5es Afrontamento."},{"key":"ref_40","doi-asserted-by":"crossref","unstructured":"Duque, Eduardo, and Dur\u00e1n, Jos\u00e9 F. (2025). Experiences and Meanings of the Existence of a Generation of Women. Societies, 15.","DOI":"10.3390\/soc15020019"},{"key":"ref_41","unstructured":"Dur\u00e1n, Jos\u00e9 F. (2011). La Metamorfosis de la \u00c9tica del Trabajo. Constituci\u00f3n, Crisis y Reconfiguraci\u00f3n de la \u00c9tica del Trabajo en la Modernidad Tard\u00eda, Andavira."},{"key":"ref_42","unstructured":"Dur\u00e1n, Jos\u00e9 F. (2021). La Integraci\u00f3n del Sujeto Moderno. Entre la Liberaci\u00f3n y la Inclusi\u00f3n. Un Relato de Arraigos y Desarraigos, Dykinson."},{"key":"ref_43","first-page":"9","article-title":"Trayectorias y actitudes generacionales. Temporalidades y actitudes ante la educaci\u00f3n, el trabajo y el consumo de tres generaciones de j\u00f3venes espa\u00f1oles y portugueses","volume":"87","author":"Duque","year":"2018","journal-title":"Sociolog\u00eda, Problemas e Pr\u00e1ticas"},{"key":"ref_44","unstructured":"Dur\u00e1n, Jos\u00e9 F., and Duque, Eduardo (2019). Las Transformaciones de la Educaci\u00f3n. De la Tradici\u00f3n a la Modernidad Hasta la Incertidumbre Actual, Dykinson."},{"key":"ref_45","doi-asserted-by":"crossref","unstructured":"Dur\u00e1n, Jos\u00e9 F., and Duque, Eduardo (2025). Religion and Ways of Belief and Existence of Two Generations of People: A Qualitative Investigation into the Braga District of Portugal. Religions, 16.","DOI":"10.3390\/rel16020122"},{"key":"ref_46","first-page":"173","article-title":"An\u00e1lise de classes e mobilidade social em Portugal: Un breve balan\u00e7o cr\u00edtico","volume":"52","author":"Estanque","year":"1999","journal-title":"Revista Cr\u00edtica de Ci\u00eancias Sociais"},{"key":"ref_47","unstructured":"EVS (1990). EVS\u2014European Values Study 1990\u2014Integrated Dataset, GESIS. (ZA4460; Version 3.0.0) [Data set]."},{"key":"ref_48","unstructured":"EVS (2008). European Values Study 2008: Integrated Dataset, GESIS. (EVS 2008) (ZA4800; Version 5.0.0) [Data set]."},{"key":"ref_49","first-page":"1","article-title":"La habitaci\u00f3n de los adolescents","volume":"16","author":"Feixa","year":"2005","journal-title":"Papeles del CEIC"},{"key":"ref_50","first-page":"199","article-title":"Os paradoxos da situac\u00e2o das mulheres en Portugal","volume":"52\/53","author":"Ferreira","year":"1999","journal-title":"Revista Critica de Ci\u00eancias Sociais"},{"key":"ref_51","unstructured":"Ferreira, Virginia (2010). A Igualdade de Mulheres e Homens no Trabalho e no Emprego em Portugal. Pol\u00edticas e Circunst\u00e2ncias, CITE."},{"key":"ref_52","unstructured":"Ferreira, V\u00edtor, Marina, Costa, Jussara, Rowland, and Edalina, Rodrigues (2017). Gera\u00e7\u00e3o Mil\u00e9nio? Um Retrato Social e Pol\u00edtico, ICS."},{"key":"ref_53","unstructured":"Fundo de Apoio os Organismos Juvenis (FAOJ) (1982). Inqu\u00e9rito Nacional \u00e0 Juventude, FAOJ."},{"key":"ref_54","doi-asserted-by":"crossref","unstructured":"Gauchet, Marcel (2002). La D\u00e9mocratie Contre Elle-M\u00eame, Gallimard.","DOI":"10.14375\/NP.9782070763870"},{"key":"ref_55","unstructured":"Gorz, Andr\u00e9 (1997). Metamorfosis del Trabajo, Sistema."},{"key":"ref_56","unstructured":"Guerreiro, Mar\u00eda das Dores, and Abrantes, Pedro (2007). Transi\u00e7\u00f5es Incertas os Jovens Perante o Trabalho e a Familia, Comiss\u00e3o para a Igualdade no Trabalho e no Emprego."},{"key":"ref_57","unstructured":"Halbwachs, Maurice (2004). Los Marcos Sociales de la Memoria, Anthropos."},{"key":"ref_58","unstructured":"ICS. Instituto de Ci\u00eancias Sociais (1987). Juventude Portuguesa. Situa\u00e7\u00f5es, Problemas e Aspira\u00e7\u00f5es. Resultados Globais, ICS."},{"key":"ref_59","unstructured":"IED (1983). Valores e Atitudes dos Jovens, IED."},{"key":"ref_60","unstructured":"Illouz, Eva (2012). Por qu\u00e9 Duele el Amor. Una Explicaci\u00f3n Sociol\u00f3gica, Katz."},{"key":"ref_61","doi-asserted-by":"crossref","unstructured":"Illouz, Eva (2020). El fin del Amor. Una Sociolog\u00eda de las Relaciones Negativas, Katz.","DOI":"10.2307\/jj.15478387"},{"key":"ref_62","doi-asserted-by":"crossref","first-page":"130","DOI":"10.1080\/01402380701834747","article-title":"Changing Values among Western Publics from 1970 to 2006","volume":"31","author":"Inglehart","year":"2008","journal-title":"West European Politics"},{"key":"ref_63","doi-asserted-by":"crossref","unstructured":"Kasselstrand, Isabella, Phil, Zuckerman, and Ryan, Cragun (2023). Beyond doubt. The secularization of society, New York University Press.","DOI":"10.18574\/nyu\/9781479814305.001.0001"},{"key":"ref_64","doi-asserted-by":"crossref","unstructured":"Lasch, Christopher (1979). Haven in a Heartless World, Basic books.","DOI":"10.1111\/j.1755-6988.1979.tb01189.x"},{"key":"ref_65","unstructured":"Lasch, Christopher (1999). La Cultura del Narcisismo, Andr\u00e9s Bello."},{"key":"ref_66","unstructured":"Luijkx, Ruud, Tim, Reeskens, and Inge, Sieben (2022). Reflections on European Values, Open Press Tilburg University."},{"key":"ref_67","doi-asserted-by":"crossref","first-page":"71","DOI":"10.22325\/fes\/res.2020.05","article-title":"Movilizaci\u00f3n colectiva, transformaci\u00f3n democr\u00e1tica y resistencia contra la crisis y la austeridad en el sur de Europa: La experiencia de Portugal y Espa\u00f1a","volume":"29","author":"Matos","year":"2022","journal-title":"Revista Espa\u00f1ola de Sociolog\u00eda"},{"key":"ref_68","first-page":"87","article-title":"Metamorfoses de A Reprodu\u00e7\u00e3o: Um olhar atualizado a partir da realidade portuguesa","volume":"97","author":"Melo","year":"2021","journal-title":"Sociologia, Problemas e Pr\u00e1ticas"},{"key":"ref_69","doi-asserted-by":"crossref","first-page":"88","DOI":"10.4000\/sociologico.10607","article-title":"Habita\u00e7\u00e3o e din\u00e2micas sociodemogr\u00e1ficas no Portugal contempor\u00e2neo: Contributo para uma discuss\u00e3o sobre \u201cHabita\u00e7\u00e3o e natalidade: Enquadramento e pol\u00edticas p\u00fablicas\u201d","volume":"40","author":"Mendes","year":"2022","journal-title":"Forum Sociol\u00f3gico"},{"key":"ref_70","unstructured":"M\u00e9da, Dominique (1998). El Trabajo, un Valor en Peligro de Extinci\u00f3n, Gedisa."},{"key":"ref_71","first-page":"10","article-title":"La implicaci\u00f3n del padre en las tareas dom\u00e9sticas y en el cuidado y atenci\u00f3n de sus hijos\/as seg\u00fan el an\u00e1lisis del discurso de la infancia","volume":"31","author":"Moreno","year":"2022","journal-title":"Revista Espa\u00f1ola de Sociolog\u00eda"},{"key":"ref_72","first-page":"97","article-title":"As pol\u00edticas de concilia\u00e7\u00e3o nos planos nacionais para a igualdade: Uma an\u00e1lise dos quadros interpretativos","volume":"27","author":"Monteiro","year":"2013","journal-title":"Ex \u00c6quo"},{"key":"ref_73","unstructured":"Moura, Pedro (, January Septermber). Tend\u00eancias de mudan\u00e7a no casamento en Portugal. Uma sociografia dos \u00faltimos vinte anos. Paper Presented at the VIII Congresso Luso-Afro-Brasileiro de Ci\u00eancias Sociais, Coimbra, Portugal. Available online: http:\/\/www.ces.uc.pt\/LAB2004."},{"key":"ref_74","doi-asserted-by":"crossref","unstructured":"Neves, Barbara, and Casimiro, Claudia (2018). Connecting Families? Information & Communication Technologies in a Life Course Persptive, Bristol University Press.","DOI":"10.2307\/j.ctv2867xm"},{"key":"ref_75","unstructured":"Nobre de Deus, Paula, and Branco, Francisco (2022). Pol\u00edticas de Fam\u00edlia e de Apoio \u00e0 Parentalidade nos Programas de Governo em Portugal: Do I ao XXIII Governo Constitucional (1976\u20132026), OFAP."},{"key":"ref_76","unstructured":"Offe, Clauss (1992). \u00bfEs el trabajo una categor\u00eda sociol\u00f3gica clave?. La Sociedad del Trabajo (ff 17\u201351), Alianza Universidad."},{"key":"ref_77","unstructured":"Pais, Jos\u00e9 (1989). Juventude Portuguesa. Situa\u00e7\u00f5es, Problemas, Aspira\u00e7\u00f5es. A Convivialidade e a Rela\u00e7\u00e3o com os Outros, ICS."},{"key":"ref_78","first-page":"197","article-title":"Levantamento bibliogr\u00e1fico de pesquisas sobre a juventude portuguesa. Tradi\u00e7\u00f4es e mudan\u00e7as","volume":"21","author":"Pais","year":"1996","journal-title":"Sociologia, Problemas e Pr\u00e1ticas"},{"key":"ref_79","unstructured":"Pais, Jos\u00e9 (1998). Gera\u00e7\u00f5es e Valores na Sociedade Portuguesa Contempor\u00e2nea, ICS."},{"key":"ref_80","doi-asserted-by":"crossref","first-page":"115","DOI":"10.1080\/1367626032000110264","article-title":"The Multiple Faces of the Future in the Labyrinth of Life","volume":"6","author":"Pais","year":"2003","journal-title":"Journal of Youth Studies"},{"key":"ref_81","unstructured":"Pais, Jos\u00e9 (2005). Ganchos, Tachos e Biscates: Jovens, Trabalho e Futuro, Porto."},{"key":"ref_82","doi-asserted-by":"crossref","first-page":"371","DOI":"10.1590\/S0104-12902009000300003","article-title":"A Juventude como Fase de Vida: Dos ritos de passagem aos ritos de impasse","volume":"18","author":"Pais","year":"2009","journal-title":"Sa\u00fade e Sociedade"},{"key":"ref_83","unstructured":"Pais, Jos\u00e9, and Cabral, Manuel (1998). Jovens Portugueses de Hoje, Celta Editora."},{"key":"ref_84","unstructured":"Pais, Jos\u00e9, and Ferreira, V\u00edtor (2010). Tempos e Transi\u00e7\u00f4es de Vida. Portugal ao Espelho de Europa, ICS."},{"key":"ref_85","first-page":"43","article-title":"Sentidos de la edad adulta: Juventud y cambio social en el Portugal contempor\u00e1neo","volume":"71","year":"2005","journal-title":"Revista de Estudios de Juventud"},{"key":"ref_86","unstructured":"de Almeida, A. Nunes (2011). Juventude entre a fase da vida e tempo de viver. Historia da Vida Privada (Vol. 4) (208\u2013241 ff), Temas & Debates."},{"key":"ref_87","unstructured":"Perista, Helo\u00edsa, Ana, Cardoso, Ana, Br\u00e1zia, Manuel, Abrantes, and Pedro, Perista (2016). Os usos do Tempo de Homens e de Mulheres em Portugal, CESIS."},{"key":"ref_88","doi-asserted-by":"crossref","first-page":"527","DOI":"10.2307\/353333","article-title":"American Family Decline, 1960\u20131990: A Review and Appraisal","volume":"55","author":"Popenoe","year":"1993","journal-title":"Journal of Marriage and Family"},{"key":"ref_89","doi-asserted-by":"crossref","first-page":"671","DOI":"10.1016\/j.ssresearch.2014.10.007","article-title":"When Children Affect Parents: Children\u2019s Academic Performance and Parental Investment","volume":"52","author":"Quadlin","year":"2015","journal-title":"Social Science Research"},{"key":"ref_90","unstructured":"Ramos, Alice, and Magalh\u00e3es, Pedro (2021). Os Valores dos Portugueses. Resultados do Eurpean Values Study, Gulbenkian Studies."},{"key":"ref_91","unstructured":"Ramos, Alice, and Magalh\u00e3es, Pedro (2023). European Values Study. Relatorio do Estudo dos Valores Europeus, 2017\u20132019, Gulbenkian Studies."},{"key":"ref_92","first-page":"95","article-title":"Atitudes face \u00e0 divis\u00e3o do trabalho familiar em Portugal em 2002 e 2014: Mudan\u00e7as e continuidades","volume":"90","author":"Ramos","year":"2019","journal-title":"Sociologia, Problemas e Pr\u00e1ticas"},{"key":"ref_93","first-page":"626","article-title":"Que trajet\u00f3rias de classe? Uma an\u00e1lise da mobilidade social em duas gera\u00e7\u00f5es de portugueses","volume":"49","author":"Ramos","year":"2014","journal-title":"An\u00e1lise Social"},{"key":"ref_94","doi-asserted-by":"crossref","unstructured":"Ramos, Vasco (2018). Transitions to Adulthood and Generational Change in Portugal. Societies, 8.","DOI":"10.3390\/soc8020021"},{"key":"ref_95","doi-asserted-by":"crossref","unstructured":"Robinson, Keith, and Harris, Angel (2014). The Broken Compass: Parental Involvement with Children\u2019s Education, Harvard University Press.","DOI":"10.4159\/harvard.9780674726291"},{"key":"ref_96","unstructured":"Rold\u00e3o, Cristina (2015). Fatores e Perfis de Sucesso Escolar \u201cInesperado\u201d. Trajetos de Contratend\u00eancia de Jovens das Classes Populares e de Origem Africana, CIES\/Iscte-IUL."},{"key":"ref_97","unstructured":"Ru\u00edz Andr\u00e9s, Rafael (2022). La Secularizaci\u00f3n en Espa\u00f1a. Rupturas y Cambios Religiosos Desde la Sociolog\u00eda Hist\u00f3rica, C\u00e1tedra."},{"key":"ref_98","doi-asserted-by":"crossref","first-page":"157","DOI":"10.2307\/3712563","article-title":"Education, religiosity and moral attitudes: Explaining cross-national effect differences","volume":"63","author":"Scheepers","year":"2002","journal-title":"Sociology of Religion"},{"key":"ref_99","unstructured":"Seabra, Teresa, Manuel, Vieira Mar\u00eda, Patr\u00edcia, \u00c1vila, Leonor, Castro, In\u00eas, Baptista, and Sandra, Mateus (2014). Escolas Que Fazem Melhor. O Sucesso Escolar dos Alunos Descendentes de Imigrantes na Escola B\u00e1sica, CIES-IUL. Relat\u00f3rio Final."},{"key":"ref_100","unstructured":"Shorter, Edward (1977). Naissance de la Famille Moderne. XVIII-XX Si\u00e8cle, \u00c9ditions du Seuil."},{"key":"ref_101","unstructured":"Silva, Filipe (2016). O futuro do Estado Social, Funda\u00e7\u00e2o Francisco Manuel dos Santos."},{"key":"ref_102","first-page":"322","article-title":"O papel da fam\u00edlia na utiliza\u00e7\u00e3o da Internet por portugueses de 50 e mais anos: Uma ana\u0301lise de g\u00e9nero","volume":"239","author":"Silva","year":"2021","journal-title":"An\u00e1lise Social"},{"key":"ref_103","doi-asserted-by":"crossref","unstructured":"Simmel, Georg (2001). El futuro de nuestra cultura. El Individuo y la Libertad. Ensayos de Cr\u00edtica de la Cultura (199\u2013202 ff)., Pen\u00ednsula.","DOI":"10.7440\/res10.2001.12"},{"key":"ref_104","unstructured":"Stolz, J\u00f6rg, and Senn, Jeremy (2021). Generations of declining faith: Religion and secularization in Switzerland, 1930\u20132020. Social Change in Switzerland, 27, Available online: https:\/\/www.researchgate.net\/publication\/360239232_Generations_of_declining_faith_Religion_and_Secularization_in_Switzerland_1930-2020#fullTextFileContent."},{"key":"ref_105","doi-asserted-by":"crossref","unstructured":"Stolz, J\u00f6rg, K\u00f6nemann, Judith, Purdie, Schneuwly, Englberger, Thomas, and Kr\u00fcggeler, Michael (2016). (Un)believing in Modern Society. Religion, Spirituality, and Religious-Secular Competition, Routledge.","DOI":"10.4324\/9781315562711"},{"key":"ref_106","unstructured":"Stone, Lawrence (1990). The Family, Sex and Marriage in England, 1500\u20131800, Penguin Books."},{"key":"ref_107","doi-asserted-by":"crossref","first-page":"111","DOI":"10.1017\/S1755048315000899","article-title":"Morality in context: A multilevel analysis of the relationship between religion and values in Europe","volume":"9","author":"Storm","year":"2016","journal-title":"Politics and Religion"},{"key":"ref_108","doi-asserted-by":"crossref","first-page":"131","DOI":"10.18261\/ISSN1890-7008-2012-02-02","article-title":"The Intergenerational Transmission of Religious Service Attendance","volume":"25","author":"Storm","year":"2012","journal-title":"Nordic Journal of Religion and Society"},{"key":"ref_109","unstructured":"Taylor, Charles (1996). Las Fuentes del Yo, Paid\u00f3s."},{"key":"ref_110","unstructured":"Taylor, Charles (2015). La Era Secular, Gedisa."},{"key":"ref_111","first-page":"47","article-title":"Support, social networks and the family in Portugal: Two decades of research","volume":"23","author":"Wall","year":"2013","journal-title":"Revue Internationale de Sociologie"}],"container-title":["Religions"],"original-title":[],"language":"en","link":[{"URL":"https:\/\/www.mdpi.com\/2077-1444\/16\/9\/1151\/pdf","content-type":"unspecified","content-version":"vor","intended-application":"similarity-checking"}],"deposited":{"date-parts":[[2025,10,9]],"date-time":"2025-10-09T18:39:49Z","timestamp":1760035189000},"score":1,"resource":{"primary":{"URL":"https:\/\/www.mdpi.com\/2077-1444\/16\/9\/1151"}},"subtitle":[],"short-title":[],"issued":{"date-parts":[[2025,9,5]]},"references-count":111,"journal-issue":{"issue":"9","published-online":{"date-parts":[[2025,9]]}},"alternative-id":["rel16091151"],"URL":"https:\/\/doi.org\/10.3390\/rel16091151","relation":{},"ISSN":["2077-1444"],"issn-type":[{"type":"electronic","value":"2077-1444"}],"subject":[],"published":{"date-parts":[[2025,9,5]]}}}