{"status":"ok","message-type":"work","message-version":"1.0.0","message":{"indexed":{"date-parts":[[2026,4,14]],"date-time":"2026-04-14T15:25:47Z","timestamp":1776180347817,"version":"3.50.1"},"reference-count":35,"publisher":"MDPI AG","issue":"6","license":[{"start":{"date-parts":[[2024,5,30]],"date-time":"2024-05-30T00:00:00Z","timestamp":1717027200000},"content-version":"vor","delay-in-days":0,"URL":"https:\/\/creativecommons.org\/licenses\/by\/4.0\/"}],"funder":[{"name":"Funda\u00e7\u00e3o para a Ci\u00eancia e Tecnologia","award":["UIBD\/00736\/2020"],"award-info":[{"award-number":["UIBD\/00736\/2020"]}]}],"content-domain":{"domain":[],"crossmark-restriction":false},"short-container-title":["Societies"],"abstract":"<jats:p>This research delves into the territorial nuances of political populism, examining Portugal\u2019s CHEGA party as a case study. Through a comprehensive analysis of survey data and correlational studies, this study reveals that discontent, manifesting in the rise of populist movements, is intricately linked to the economic decline and neglect of specific regions. The unexpected success of CHEGA is not merely a socio-economic phenomenon but a product of deeply rooted territorial dynamics. The findings underscore the importance of adopting place-sensitive development policies that address the unique challenges of overlooked territories, steering clear of traditional compensatory measures. The urgency to counteract long-term economic decline, industrial decay, and brain drain demands innovative strategies that tap into latent economic potential and provide tangible opportunities. As we confront the rise of anti-establishment voting threatening European unity, this research advocates for a paradigm shift towards place-sensitive policies to navigate the crossroads of discontent and foster a more resilient, inclusive future.<\/jats:p>","DOI":"10.3390\/soc14060080","type":"journal-article","created":{"date-parts":[[2024,6,3]],"date-time":"2024-06-03T10:08:38Z","timestamp":1717409318000},"page":"80","update-policy":"https:\/\/doi.org\/10.3390\/mdpi_crossmark_policy","source":"Crossref","is-referenced-by-count":6,"title":["Discontent, Populism, or the Revenge of the \u201cPlaces That Don\u2019t Matter\u201d? Analysis of the Rise of the Far-Right in Portugal"],"prefix":"10.3390","volume":"14","author":[{"ORCID":"https:\/\/orcid.org\/0000-0001-6921-8057","authenticated-orcid":false,"given":"Pedro","family":"Chamusca","sequence":"first","affiliation":[{"name":"Communication and Society Research Centre (CECS), University of Minho, Campus de Gualtar, 4710-057 Braga, Portugal"}]}],"member":"1968","published-online":{"date-parts":[[2024,5,30]]},"reference":[{"key":"ref_1","doi-asserted-by":"crossref","unstructured":"Fernandes, J.A., Teles, F., Chamusca, P., and Seixas, J. (2020). The power of the cities and the power in the cities: A multiscale perspective from Portugal. Bolet\u00edn De La Asoc. De Ge\u00f3grafos Espa\u00f1oles, 87.","DOI":"10.21138\/bage.2978"},{"key":"ref_2","doi-asserted-by":"crossref","unstructured":"Chamusca, P. (2023). Public Policies for Territorial Cohesion and Sustainability in Europe: An Overview. Sustainability, 15.","DOI":"10.3390\/su15086890"},{"key":"ref_3","doi-asserted-by":"crossref","first-page":"44","DOI":"10.1080\/17535069.2021.1980607","article-title":"Urban planning and policy in Portugal: An overview on the role of EU funds and guidelines","volume":"16","author":"Chamusca","year":"2023","journal-title":"Urban Res. Pract."},{"key":"ref_4","doi-asserted-by":"crossref","unstructured":"Chamusca, P. (2024). Territorial Cooperation and Cross-Border Development: The Portuguese Dynamics. Soc. Sci., 13.","DOI":"10.3390\/socsci13020108"},{"key":"ref_5","doi-asserted-by":"crossref","first-page":"649","DOI":"10.1080\/21622671.2022.2044899","article-title":"Territorial cohesion: Discussing the mismatch between conceptual definitions and the understanding of local and intra-regional public decision-makers","volume":"12","author":"Chamusca","year":"2024","journal-title":"Territ. Politics Gov."},{"key":"ref_6","unstructured":"OBSERVADOR (2024, March 05). Chega? Why?. Available online: https:\/\/observador.pt\/opiniao\/chega-porque\/."},{"key":"ref_7","unstructured":"PUBLICO (2024, March 05). The Rapid Growth of the Radical Right Can Be Explained because the Ideas Were Already There. Available online: https:\/\/www.publico.pt\/2024\/03\/11\/mundo\/noticia\/crescimento-rapido-direita-radical-explicase-ideias-ja-2083250."},{"key":"ref_8","unstructured":"CHEGA (2024, March 05). Electoral Program. Available online: https:\/\/partidochega.pt\/index.php\/2024legislativas_programa\/."},{"key":"ref_9","unstructured":"Euronews (2024, March 05). Enough to Win over Young Voters: Why. Available online: https:\/\/pt.euronews.com\/2024\/04\/15\/chega-conquista-eleitorado-jovem-os-porques."},{"key":"ref_10","doi-asserted-by":"crossref","first-page":"211","DOI":"10.1177\/1024529417704135","article-title":"The malaise of the squeezed middle: Challenging the narrative of the \u2018left behind\u2019 Brexiter","volume":"21","author":"Antonucci","year":"2017","journal-title":"Compet. Chang."},{"key":"ref_11","doi-asserted-by":"crossref","first-page":"737","DOI":"10.1080\/00343404.2019.1654603","article-title":"The geography of EU discontent","volume":"54","author":"Dijkstra","year":"2020","journal-title":"Reg. Stud."},{"key":"ref_12","doi-asserted-by":"crossref","first-page":"974","DOI":"10.1080\/00343404.2019.1608356","article-title":"Institutional change and the development of lagging regions in Europe","volume":"54","author":"Ketterer","year":"2020","journal-title":"Reg. Stud."},{"key":"ref_13","doi-asserted-by":"crossref","first-page":"189","DOI":"10.1093\/cjres\/rsx024","article-title":"The revenge of the places that don\u2019t matter (and what to do about it)","volume":"11","year":"2018","journal-title":"Camb. J. Reg. Econ. Soc."},{"key":"ref_14","doi-asserted-by":"crossref","first-page":"1678","DOI":"10.1177\/03091325211011684","article-title":"Economic geography I: Uneven development, \u2018left behind places\u2019 and \u2018levelling up\u2019 in a time of crisis","volume":"45","author":"Leyshon","year":"2021","journal-title":"Prog. Hum. Geogr."},{"key":"ref_15","doi-asserted-by":"crossref","first-page":"102905","DOI":"10.1016\/j.polgeo.2023.102905","article-title":"Left behind in a public services wasteland? On the accessibility of public services and political trust","volume":"105","author":"Stroppe","year":"2023","journal-title":"Political Geogr."},{"key":"ref_16","doi-asserted-by":"crossref","unstructured":"Cramer, K.J. (2016). The Politics of Resentment: Rural Consciousness in Wisconsin and the Rise of Scott Walker, University of Chicago Press.","DOI":"10.7208\/chicago\/9780226349251.001.0001"},{"key":"ref_17","first-page":"385","article-title":"Place-Based Policies and Political Discontent: The Mediating Role of Local Spending Programmes","volume":"21","author":"Ferrara","year":"2022","journal-title":"Sci. Reg. Ital. J. Reg. Sci."},{"key":"ref_18","doi-asserted-by":"crossref","unstructured":"Ford, R., and Goodwin, M.J. (2014). Revolt on the Right: Explaining Support for the Radical Right in Britain, Routledge.","DOI":"10.4324\/9781315859057"},{"key":"ref_19","doi-asserted-by":"crossref","first-page":"95","DOI":"10.1093\/cjres\/rsx028","article-title":"In what sense left behind by globalisation? Looking for a less reductionist geography of the populist surge in Europe","volume":"11","author":"Gordon","year":"2018","journal-title":"Camb. J. Reg. Econ. Soc."},{"key":"ref_20","doi-asserted-by":"crossref","first-page":"12","DOI":"10.1057\/s42214-018-0001-4","article-title":"Populism and the economics of globalization","volume":"1","author":"Rodrik","year":"2018","journal-title":"J. Int. Bus. Policy"},{"key":"ref_21","doi-asserted-by":"crossref","first-page":"S181","DOI":"10.1111\/1468-4446.12325","article-title":"Ethno-nationalist populism and the mobilization of collective resentment","volume":"68","author":"Bonikowski","year":"2017","journal-title":"Br. J. Sociol."},{"key":"ref_22","doi-asserted-by":"crossref","first-page":"73","DOI":"10.1093\/cjres\/rsx025","article-title":"The victims of neoliberal globalisation and the rise of the populist vote: A comparative analysis of three recent electoral decisions","volume":"11","author":"Essletzbichler","year":"2018","journal-title":"Camb. J. Reg. Econ. Soc."},{"key":"ref_23","first-page":"605","article-title":"Where is the populist radical right successful? Spatial analysis of populist radical right parties in Slovakia and Czechia","volume":"65","year":"2022","journal-title":"Eurasian Geogr. Econ."},{"key":"ref_24","doi-asserted-by":"crossref","unstructured":"Guiso, L., Herrera, H., Morelli, M., and Sonno, T. (2017). Demand and Supply of Populism (CEPR Discussion Paper No. DP11871), Centre for Economic Policy Research (CEPR).","DOI":"10.14612\/GUISO_HERRERA_MORELLI_SONNO_1-2_2017"},{"key":"ref_25","doi-asserted-by":"crossref","first-page":"102116","DOI":"10.1016\/j.ejpoleco.2021.102116","article-title":"Populism and propagation of far-right extremism","volume":"72","author":"Hagemeister","year":"2022","journal-title":"Eur. J. Political Econ."},{"key":"ref_26","doi-asserted-by":"crossref","first-page":"3522","DOI":"10.1257\/aer.20171175","article-title":"From Extreme to Mainstream: The Erosion of Social Norms","volume":"110","author":"Bursztyn","year":"2020","journal-title":"Am. Econ. Rev."},{"key":"ref_27","doi-asserted-by":"crossref","first-page":"2475","DOI":"10.1177\/0010414021997159","article-title":"Parliamentary Representation and the Normalization of Radical Right Support","volume":"54","author":"Valentim","year":"2021","journal-title":"Comp. Political Stud."},{"key":"ref_28","doi-asserted-by":"crossref","first-page":"126","DOI":"10.1177\/09697764211031622","article-title":"\u201cRed Vienna\u201d and the rise of the populist right","volume":"29","author":"Essletzbichler","year":"2022","journal-title":"Eur. Urban Reg. Stud."},{"key":"ref_29","doi-asserted-by":"crossref","first-page":"1823","DOI":"10.1080\/09654313.2022.2140584","article-title":"The \u2018right\u2019 policy for regional development: Seeking spatial justice in the Dutch case of the region deals","volume":"31","year":"2023","journal-title":"Eur. Plan. Stud."},{"key":"ref_30","doi-asserted-by":"crossref","first-page":"273","DOI":"10.1093\/jeg\/lby021","article-title":"Regional inequality in Europe: Evidence, theory and policy implications","volume":"19","author":"Iammarino","year":"2019","journal-title":"J. Econ. Geogr."},{"key":"ref_31","doi-asserted-by":"crossref","first-page":"256","DOI":"10.1080\/00343404.2019.1619928","article-title":"Perceptions of regional inequality and the geography of discontent: Insights from the UK","volume":"54","author":"McCann","year":"2019","journal-title":"Reg. Stud."},{"key":"ref_32","unstructured":"OECD (2022). Regions and Cities at a Glance, OECD."},{"key":"ref_33","unstructured":"RTP (2024, March 05). Study Shows That over 60% of the Portuguese Don\u2019t Trust the Parliament. Available online: https:\/\/www.rtp.pt\/noticias\/politica\/estudo-mostra-que-mais-de-60-dos-portugueses-nao-confiam-no-parlamento_n1554933."},{"key":"ref_34","unstructured":"INE (2024, March 13). Territorial Statistics. Available online: https:\/\/www.ine.pt."},{"key":"ref_35","unstructured":"NEC (2024, March 13). Legislative Elections Official Results, Available online: https:\/\/www.legislativas2024.mai.gov.pt\/resultados\/globais."}],"container-title":["Societies"],"original-title":[],"language":"en","link":[{"URL":"https:\/\/www.mdpi.com\/2075-4698\/14\/6\/80\/pdf","content-type":"unspecified","content-version":"vor","intended-application":"similarity-checking"}],"deposited":{"date-parts":[[2025,10,10]],"date-time":"2025-10-10T14:50:43Z","timestamp":1760107843000},"score":1,"resource":{"primary":{"URL":"https:\/\/www.mdpi.com\/2075-4698\/14\/6\/80"}},"subtitle":[],"short-title":[],"issued":{"date-parts":[[2024,5,30]]},"references-count":35,"journal-issue":{"issue":"6","published-online":{"date-parts":[[2024,6]]}},"alternative-id":["soc14060080"],"URL":"https:\/\/doi.org\/10.3390\/soc14060080","relation":{},"ISSN":["2075-4698"],"issn-type":[{"value":"2075-4698","type":"electronic"}],"subject":[],"published":{"date-parts":[[2024,5,30]]}}}