{"status":"ok","message-type":"work","message-version":"1.0.0","message":{"indexed":{"date-parts":[[2025,10,11]],"date-time":"2025-10-11T01:17:13Z","timestamp":1760145433883,"version":"build-2065373602"},"reference-count":76,"publisher":"MDPI AG","issue":"7","license":[{"start":{"date-parts":[[2024,7,17]],"date-time":"2024-07-17T00:00:00Z","timestamp":1721174400000},"content-version":"vor","delay-in-days":0,"URL":"https:\/\/creativecommons.org\/licenses\/by\/4.0\/"}],"funder":[{"name":"Portuguese national funds through FCT\u2014Funda\u00e7\u00e3o para a Ci\u00eancia e a Tecnologia","award":["UIDB\/04304\/2020"],"award-info":[{"award-number":["UIDB\/04304\/2020"]}]}],"content-domain":{"domain":[],"crossmark-restriction":false},"short-container-title":["Societies"],"abstract":"<jats:p>(1) Background: Studies on women with disabilities (WwD) are rare and tend to reveal certain representation patterns. This study aims to understand how and to what extent WwD and chronic diseases are deemed newsworthy in the Portuguese public news TV station RTP1 primetime news program. Feminist disability, standpoint, agenda-setting, and framing theories are used alongside the concept of intersectionality. (2) Methods: A mixed-method approach is adopted, combining quantitative content analysis of all broadcasted news in January 2020 (n = 704), and qualitative discourse analysis of news items on PwD (n = 5). (3) Results: The results reveal that disability is a reduced issue in Telejornal\u2019s agenda. PwD, in general, are often portrayed in secondary roles and without a voice. The protagonists of news stories about disability or persons with disabilities are predominantly women without disabilities, occupying traditional roles as caregivers (mothers, nurses), while men are more often portrayed as public agents. Discourse analysis deepens understanding by uncovering the prevalence of negative news values and a problem-centred framing, often associated with negativity, rather than presenting solutions. (4) Conclusions: Consequently, WwD were found to be deprived of news representation with a more positive or \u2018normal\u2019 focus and an intersectional approach reveals a lack of inclusion, with the few existing news tending to focus on exclusion issues, portraying only white Portuguese women. This study underscores the urgent need for a more equitable approach in media representation, recognising the diversity and positive contributions of WwD to promote an inclusive narrative.<\/jats:p>","DOI":"10.3390\/soc14070124","type":"journal-article","created":{"date-parts":[[2024,7,17]],"date-time":"2024-07-17T15:15:19Z","timestamp":1721229319000},"page":"124","update-policy":"https:\/\/doi.org\/10.3390\/mdpi_crossmark_policy","source":"Crossref","is-referenced-by-count":0,"title":["Silenced Voices in Portuguese Public TV News: An Intersectional Analysis of the Representation of Women with Disabilities in RTP\u2019s Telejornal"],"prefix":"10.3390","volume":"14","author":[{"given":"Carla","family":"Cruz","sequence":"first","affiliation":[{"name":"Centro Interdisciplinar de Estudos de G\u00e9nero, Instituto Superior de Ci\u00eancias Sociais e Pol\u00edticas, Universidade de Lisboa (CIEG, ISCSP, ULisboa), 1300-663 Lisboa, Portugal"}]},{"ORCID":"https:\/\/orcid.org\/0000-0002-0325-5709","authenticated-orcid":false,"given":"Maria Jo\u00e3o","family":"Cunha","sequence":"additional","affiliation":[{"name":"Centro Interdisciplinar de Estudos de G\u00e9nero, Instituto Superior de Ci\u00eancias Sociais e Pol\u00edticas, Universidade de Lisboa (CIEG, ISCSP, ULisboa), 1300-663 Lisboa, Portugal"}]},{"given":"C\u00e9lia","family":"Belim","sequence":"additional","affiliation":[{"name":"C\u00e9lia Belim, Centro de Administra\u00e7\u00e3o e Pol\u00edticas P\u00fablicas, Instituto Superior de Ci\u00eancias Sociais e Pol\u00edticas, Universidade de Lisboa (CAPP, ISCSP, ULisboa), 1300-663 Lisboa, Portugal"}]}],"member":"1968","published-online":{"date-parts":[[2024,7,17]]},"reference":[{"key":"ref_1","unstructured":"United Nations (2023, April 07). The Convention on the Rights of Persons with Disabilities and Its Optional Protocol (A\/RES\/61\/106). Available online: https:\/\/www.un.org\/development\/desa\/disabilities\/resources\/general-assembly\/convention-on-the-rights-of-persons-with-disabilities-ares61106.html."},{"key":"ref_2","doi-asserted-by":"crossref","first-page":"421","DOI":"10.1080\/09687599.2018.1543580","article-title":"Citizenship: Reflections on a relevant but ambivalent concept for persons with disabilities","volume":"34","author":"Waldschmidt","year":"2019","journal-title":"Disabil. Soc."},{"key":"ref_3","doi-asserted-by":"crossref","first-page":"109","DOI":"10.7202\/1086208ar","article-title":"Toward a more balanced representation of disability? A content analysis of disability coverage in the Flemish print media","volume":"24","author":"Goethals","year":"2018","journal-title":"Rev. D\u00e9veloppement Hum. Handicap. Chang. Soc."},{"key":"ref_4","first-page":"229","article-title":"In their words: How television and visual media can raise awareness of dementia and other health conditions that carry stigma, including disabilities","volume":"3","author":"Heward","year":"2015","journal-title":"J. Pop. Telev."},{"key":"ref_5","doi-asserted-by":"crossref","first-page":"319","DOI":"10.1080\/01463373.2013.776988","article-title":"Consuming image: How mass media impact the identity of people with disabilities","volume":"61","author":"Zhang","year":"2013","journal-title":"Commun. Q."},{"key":"ref_6","doi-asserted-by":"crossref","unstructured":"Jeffress, M.S. (2022). Introduction. Disability Representation in Film, TV, and Print Media, Routledge.","DOI":"10.4324\/9781003035114"},{"key":"ref_7","unstructured":"British Council of Organisations of Disabled People (2019). Disabling Imagery and the Media: Media Representation of Disabled People. 6, British Council of Organisations of Disabled People."},{"key":"ref_8","unstructured":"Scarcelli, C.M., Bachmann, I., Ross, K., Moorti, S., and Cardo, V. (2020). Disabled people on film and television. The International Encyclopaedia of Gender, Media, and Communication, John Wiley & Sons, Inc."},{"key":"ref_9","doi-asserted-by":"crossref","unstructured":"Deegan, M.J., and Brooks, N.A. (2017). Women and Disability: The Double Handicap, Routledge.","DOI":"10.4324\/9781351318082-1"},{"key":"ref_10","first-page":"1","article-title":"Media portrayal of elite athletes with disability: A systematic review, Disability and Rehabilitation","volume":"41","author":"Rees","year":"2017","journal-title":"Disabil. Rehabil."},{"key":"ref_11","first-page":"58","article-title":"Mainstreaming and misfitting: Exploring disability and its intersection with gender in online disability awareness-raising videos","volume":"61","year":"2016","journal-title":"MedieKultur J. Media Commun. Res."},{"key":"ref_12","doi-asserted-by":"crossref","first-page":"323","DOI":"10.26522\/ssj.v16i2.2702","article-title":"Representation matters: Race, gender, class, and intersectional representations of autistic and disabled characters on television","volume":"16","author":"Aspler","year":"2022","journal-title":"Stud. Soc. Justice"},{"key":"ref_13","unstructured":"Ndlovu, S., and Nyoni, P. (2021). Double jeopardy: The intersection of disability and gender in Zimbabwe. Social, Educational, and Cultural Perspectives of Disabilities in the Global South, IGI Global."},{"key":"ref_14","doi-asserted-by":"crossref","first-page":"986","DOI":"10.1177\/00380261221111231","article-title":"Political intersectionality and disability activism: Approaching and understanding difference and unity","volume":"70","author":"Evans","year":"2022","journal-title":"Sociol. Rev."},{"key":"ref_15","doi-asserted-by":"crossref","first-page":"013101","DOI":"10.1103\/PhysRevPhysEducRes.18.013101","article-title":"Critical race and feminist standpoint theories in physics education research: A historical review and potential applications","volume":"18","author":"Rodriguez","year":"2022","journal-title":"Phys. Rev. Phys. Educ. Res."},{"key":"ref_16","unstructured":"Cruz, C. (2008). A Telerealidade. Uma Abordagem Hermen\u00eautica da Constru\u00e7\u00e3o Social da Realidade pela Informa\u00e7\u00e3o Televisiva de Actualidade, Edi\u00e7\u00f5es ISCSP."},{"key":"ref_17","unstructured":"R\u00e1dio Televis\u00e3o de Portugal (2023, May 15). A RTP > MISS\u00c3O. Available online: https:\/\/media.rtp.pt\/empresa\/rtp\/missao\/."},{"key":"ref_18","unstructured":"Cruz, C. (2014). A Decis\u00e3o Editorial em Televis\u00e3o: O Caso do Telejornal da RTP. [Doctoral dissertation, Universidade Aberta]."},{"key":"ref_19","unstructured":"Reuters Institute, and University of Oxford (2023, January 07). Digital News Report 2022. Available online: https:\/\/reutersinstitute.politics.ox.ac.uk\/digital-news-report\/2022."},{"key":"ref_20","unstructured":"World Health Organization (2023, April 07). World Report on Disability. Available online: https:\/\/www.who.int\/disabilities\/world_report\/2011\/world_report_disability_easyread.pdf?ua=1."},{"key":"ref_21","unstructured":"Pinto, P.C., Bento, S., Pinto, T.J., and Neca, P. (2023). Pessoas com Defici\u00eancia em Portugal: Indicadores de Direitos Humanos 2023, ISCSP-Ulisboa. Persons with disabilities in Portugal\u2014Human rights indicators 2023; OBSERVAT\u00d3RIO DA DEFICI\u00caNCIA E DIREITOS HUMANOS (Disabilities and Human Rights Observatory)."},{"key":"ref_22","unstructured":"Scarcelli, C.M., Bachmann, I., Ross, K., Moorti, S., and Cardo, V. (2020). Disability, gender, and desire. The International Encyclopedia of Gender, Media, and Communication, John Wiley & Sons, Inc."},{"key":"ref_23","doi-asserted-by":"crossref","unstructured":"Woyo, E., and Venganai, H. (2022). Media representation of PWDs and tourism development: Role of Ghanaian media in enhancing inclusivity and gender equality. Gender, Disability, and Tourism in Africa: Intersectional Perspectives, Palgrave Macmillan.","DOI":"10.1007\/978-3-031-12551-5"},{"key":"ref_24","doi-asserted-by":"crossref","unstructured":"Salzinger, L., and Gonsalves, T. (2024). Thinking like a feminist: What feminist theory has to offer Sociology. Annu. Rev. Sociol., 50.","DOI":"10.1146\/annurev-soc-031021-040911"},{"key":"ref_25","doi-asserted-by":"crossref","first-page":"1","DOI":"10.2979\/NWS.2002.14.3.1","article-title":"Integrating disability, transforming feminist theory","volume":"14","year":"2002","journal-title":"NWSA J."},{"key":"ref_26","doi-asserted-by":"crossref","first-page":"1557","DOI":"10.1086\/423352","article-title":"Feminist disability studies","volume":"30","year":"2005","journal-title":"Signs J. Women Cult. Soc."},{"key":"ref_27","doi-asserted-by":"crossref","unstructured":"Ojrzyska, K., and Wieczorek, M. (2020). Critical disability studies in the humanities. Disability and Dissensus: Strategies of Disability Representation and Inclusion in Contemporary Culture, Brill.","DOI":"10.1163\/9789004424678"},{"key":"ref_28","doi-asserted-by":"crossref","first-page":"4","DOI":"10.18061\/dsq.v33i4.3874","article-title":"Metaphorically speaking: Ableist metaphors in feminist writing","volume":"33","author":"Schalk","year":"2013","journal-title":"Disabil. Stud. Q."},{"key":"ref_29","unstructured":"Hooks, B. (2000). Feminist Theory: From Margin to Center, Pluto Press."},{"key":"ref_30","doi-asserted-by":"crossref","first-page":"24","DOI":"10.1080\/10130950.2015.1041802","article-title":"The importance of intersectionality in disability and gender studies","volume":"29","author":"Moodley","year":"2015","journal-title":"Agenda"},{"key":"ref_31","doi-asserted-by":"crossref","first-page":"5","DOI":"10.1177\/0891243218813309","article-title":"From the guest editors: Gender, disability, and intersectionality","volume":"33","author":"Naples","year":"2019","journal-title":"Gend. Soc."},{"key":"ref_32","doi-asserted-by":"crossref","first-page":"1241","DOI":"10.2307\/1229039","article-title":"Mapping the margins: Intersectionality, identity politics, and violence against women of color","volume":"43","author":"Crenshaw","year":"1991","journal-title":"Stanf. Law Rev."},{"key":"ref_33","unstructured":"Clifton, S. (2020). Hierarchies of Power: Disability Theories and Models and Their Implications for Violence Against, and Abuse, Neglect, and Exploitation of, People with Disability."},{"key":"ref_34","unstructured":"Collins, P.H., and Bilge, S. (2020). Intersectionality, John Wiley & Sons."},{"key":"ref_35","doi-asserted-by":"crossref","first-page":"446","DOI":"10.1177\/2167479518784278","article-title":"The Singaporean Paralympics and its media portrayal: Real sport? Men-only?","volume":"7","author":"Brook","year":"2018","journal-title":"Commun. Sport"},{"key":"ref_36","doi-asserted-by":"crossref","first-page":"207","DOI":"10.1007\/s11195-016-9464-6","article-title":"Gendered ableism: Media representations and gender role beliefs\u2019 effect on perceptions of disability and sexuality","volume":"35","author":"Parsons","year":"2016","journal-title":"Sex. Disabil."},{"key":"ref_37","unstructured":"Longmore, P. (2003). Why I Burned My Book, Temple University Press."},{"key":"ref_38","doi-asserted-by":"crossref","first-page":"1","DOI":"10.1177\/1367549418821850","article-title":"Remaking identities and stereotypes: How film remakes transform and reinforce nationality, disability, and gender","volume":"22","author":"Cuelenaere","year":"2019","journal-title":"Eur. J. Cult. Stud."},{"key":"ref_39","unstructured":"Bryant, J., and Zillmann, D. (2002). News influence on our pictures of the world. Media Effects: Advances in Theory and Research, LEA."},{"key":"ref_40","doi-asserted-by":"crossref","unstructured":"Riffe, D., Lacy, S., Fico, F., and Watson, B. (2019). Analyzing Media Messages: Using Quantitative Content Analysis in Research, Routledge.","DOI":"10.4324\/9780429464287"},{"key":"ref_41","doi-asserted-by":"crossref","first-page":"51","DOI":"10.1111\/j.1460-2466.1993.tb01304.x","article-title":"Framing: Toward clarification of a fractured paradigm","volume":"43","author":"Entman","year":"1993","journal-title":"J. Commun."},{"key":"ref_42","doi-asserted-by":"crossref","first-page":"9","DOI":"10.9790\/0837-19740916","article-title":"Portrayal of people with disabilities in print media in kenya","volume":"19","author":"Inimah","year":"2014","journal-title":"IOSR J. Humanit. Soc. Sci."},{"key":"ref_43","doi-asserted-by":"crossref","first-page":"687","DOI":"10.1080\/09687599.2010.505740","article-title":"Media and the Israeli disability rights legislation: Progress or mixed and contradictory images?","volume":"25","author":"Soffer","year":"2010","journal-title":"Disabil. Soc."},{"key":"ref_44","first-page":"131","article-title":"Representations of disability: A longitudinal study of the press","volume":"85","author":"Cunha","year":"2017","journal-title":"Sociol. Probl. E Prat."},{"key":"ref_45","unstructured":"Neca, P. (2012). Representa\u00e7\u00f5es das Pessoas com Defici\u00eancia na Imprensa Portuguesa: O caso do P\u00fablico, Di\u00e1rio de Not\u00edcias e Jornal de Not\u00edcias, Instituto Universit\u00e1rio de Lisboa."},{"key":"ref_46","unstructured":"Bafadhl, M., and Lindskog, T. (2022). The Unfair Representation of Neurodevelopmental Disorders: A Quantitative Content Analysis of the Representation of Neurodevelopmental Disorders in Swedish News Media, Faculty for Media and Communication Studies."},{"key":"ref_47","doi-asserted-by":"crossref","first-page":"3","DOI":"10.1080\/15205436.2016.1212243","article-title":"Depictions of gender on primetime television: A quantitative content analysis","volume":"20","author":"Sink","year":"2017","journal-title":"Mass Commun. Soc."},{"key":"ref_48","unstructured":"Marinho, S., Coelho, P., and Galv\u00e3o J\u00fanior, F. (2021). O ensino da reportagem em Portugal e no Brasil. Manual de Reportagem, Universidade da Beira Interior."},{"key":"ref_49","first-page":"21","article-title":"How to evaluate it: The role of story-evaluative tone in agenda setting and priming","volume":"57","author":"Sheafer","year":"2007","journal-title":"J. Commun."},{"key":"ref_50","doi-asserted-by":"crossref","unstructured":"Paul, S., and Berkowitz, D. (2019). Social construction of news. Int. Encycl. J. Stud., 1\u20136.","DOI":"10.1002\/9781118841570.iejs0030"},{"key":"ref_51","doi-asserted-by":"crossref","first-page":"211","DOI":"10.1093\/ijpor\/edw036","article-title":"Tone matters: Effects of exposure to positive and negative tone of television news stories on anti-immigrant attitudes and carry-over effects to uninvolved immigrant groups","volume":"30","author":"Jacobs","year":"2018","journal-title":"Int. J. Public Opin. Res."},{"key":"ref_52","doi-asserted-by":"crossref","unstructured":"Dwyer, L., Gill, A., and Seetaram, N. (2012). Content analysis. Handbook of Research Methods in Tourism, Edward Elgar Publishing.","DOI":"10.4337\/9781781001295"},{"key":"ref_53","doi-asserted-by":"crossref","first-page":"259","DOI":"10.1023\/A:1004780007748","article-title":"A conceptual framework for quantitative text analysis","volume":"34","author":"Roberts","year":"2000","journal-title":"Qual. Quant."},{"key":"ref_54","doi-asserted-by":"crossref","first-page":"179","DOI":"10.1177\/1464884911427800","article-title":"Negativity in political news: A review of concepts, operationalizations and key findings","volume":"13","author":"Lengauer","year":"2012","journal-title":"Journalism"},{"key":"ref_55","doi-asserted-by":"crossref","unstructured":"Reese, S.D., Gandy, O.H., and Grant, A.E. (2001). Framing as a strategic action in public deliberation. Framing Public Life: Perspectives on Media and Our Understanding of the Social World, Lawrence Erlbaum Associates.","DOI":"10.4324\/9781410605689"},{"key":"ref_56","doi-asserted-by":"crossref","first-page":"174","DOI":"10.1177\/0193723511433865","article-title":"The (in)validity of supercrip representation of paralympian athletes","volume":"36","author":"Silva","year":"2012","journal-title":"J. Sport Soc. Issues"},{"key":"ref_57","doi-asserted-by":"crossref","unstructured":"Kolotouchkina, O., Barroso, C.L., Guardia, M.L.G., and Pav\u00f3n, J. (2020). Disability, sport, and television: Media visibility and representation of paralympic games in news programs. Sustainability, 13.","DOI":"10.3390\/su13010256"},{"key":"ref_58","doi-asserted-by":"crossref","first-page":"307","DOI":"10.26522\/ssj.v15i2.2433","article-title":"Representing disability, d\/deaf, and mad artists and art in journalism: Identifying ableist fault lines and promising crip practices of representation","volume":"15","author":"Jones","year":"2021","journal-title":"Stud. Soc. Justice"},{"key":"ref_59","first-page":"1311","article-title":"Working mechanically or organically?","volume":"12","author":"Moernaut","year":"2017","journal-title":"J. Pract."},{"key":"ref_60","doi-asserted-by":"crossref","first-page":"115","DOI":"10.1111\/j.1460-2466.1995.tb00732.x","article-title":"A guard dog perspective on the role of media","volume":"45","author":"Donohue","year":"1995","journal-title":"J. Commun."},{"key":"ref_61","doi-asserted-by":"crossref","first-page":"146","DOI":"10.1177\/1464884916673386","article-title":"Journalism beyond democracy: A new look into journalistic roles in political and everyday life","volume":"19","author":"Hanitzsch","year":"2016","journal-title":"Journalism"},{"key":"ref_62","doi-asserted-by":"crossref","first-page":"746","DOI":"10.1080\/09687599.2020.1836478","article-title":"I am not your metaphor: Frames and counter-frames in the representation of disability","volume":"37","author":"Goethals","year":"2022","journal-title":"Disabil. Soc."},{"key":"ref_63","doi-asserted-by":"crossref","first-page":"969","DOI":"10.1177\/0163443719890536","article-title":"Researching media participation by listening to people with disability","volume":"42","author":"Stewart","year":"2019","journal-title":"Media Cult. Soc."},{"key":"ref_64","first-page":"198","article-title":"Inclusive journalism on disability news in tribunsumsel.com during covid 19 pandemic era","volume":"15","author":"Andarini","year":"2023","journal-title":"Mediat. J. Komun."},{"key":"ref_65","doi-asserted-by":"crossref","first-page":"1024","DOI":"10.1080\/09687599.2013.818773","article-title":"The social model of disability: Thirty years on","volume":"28","author":"Oliver","year":"2013","journal-title":"Disabil. Soc."},{"key":"ref_66","doi-asserted-by":"crossref","first-page":"64","DOI":"10.1177\/002234336500200104","article-title":"The structure of foreign news","volume":"2","author":"Galtung","year":"1965","journal-title":"J. Peace Res."},{"key":"ref_67","doi-asserted-by":"crossref","first-page":"2","DOI":"10.18061\/dsq.v29i2.920","article-title":"Women wheelchair athletes: Competing against media stereotypes","volume":"29","author":"Hargreaves","year":"2009","journal-title":"Disabil. Stud. Q."},{"key":"ref_68","doi-asserted-by":"crossref","unstructured":"Malik, M.A. (2022). Functional disability among older adults in India; a gender perspective. PLoS ONE, 17.","DOI":"10.1371\/journal.pone.0273659"},{"key":"ref_69","unstructured":"Gans, H. (1979). Deciding What\u2019s News: A Study of CBS Evening News, NBC Nightly News, News, Newsweek and Time, Pantheon Books."},{"key":"ref_70","unstructured":"Jespers, J.J. (1998). Jornalismo Televisivo [Televisive journalism], Minerva."},{"key":"ref_71","doi-asserted-by":"crossref","first-page":"5","DOI":"10.1080\/09687590802535345","article-title":"Representations of autism in Australian print media","volume":"24","author":"Jones","year":"2009","journal-title":"Disabil. Soc."},{"key":"ref_72","doi-asserted-by":"crossref","first-page":"3","DOI":"10.2478\/pjst-2023-0013","article-title":"Editorial Gatekeeping in Sports News During Prime Time Television in a Public Broadcaster","volume":"30","author":"Cruz","year":"2023","journal-title":"Pol. J. Sport Tour."},{"key":"ref_73","doi-asserted-by":"crossref","first-page":"1232","DOI":"10.1016\/j.sbspro.2015.04.081","article-title":"Theoretical view to the approach of the edutainment","volume":"186","author":"Aksakal","year":"2015","journal-title":"Procedia-Soc. Behav. Sci."},{"key":"ref_74","doi-asserted-by":"crossref","first-page":"635","DOI":"10.1207\/s15506878jobem4504_6","article-title":"Explicating sensationalism in television news: Content and the bells and whistles of form","volume":"45","author":"Grabe","year":"2001","journal-title":"J. Broadcast. Electron. Media"},{"key":"ref_75","doi-asserted-by":"crossref","first-page":"321","DOI":"10.5964\/jspp.v1i1.96","article-title":"The role of the media in the construction of public belief and social change","volume":"1","author":"Happer","year":"2013","journal-title":"J. Soc. Political Psychol."},{"key":"ref_76","doi-asserted-by":"crossref","first-page":"1859","DOI":"10.3109\/09638288.2012.760658","article-title":"Representations of disability in the Canadian news media: A decade of change?","volume":"35","author":"Devotta","year":"2013","journal-title":"Disabil. Rehabil."}],"container-title":["Societies"],"original-title":[],"language":"en","link":[{"URL":"https:\/\/www.mdpi.com\/2075-4698\/14\/7\/124\/pdf","content-type":"unspecified","content-version":"vor","intended-application":"similarity-checking"}],"deposited":{"date-parts":[[2025,10,10]],"date-time":"2025-10-10T15:18:27Z","timestamp":1760109507000},"score":1,"resource":{"primary":{"URL":"https:\/\/www.mdpi.com\/2075-4698\/14\/7\/124"}},"subtitle":[],"short-title":[],"issued":{"date-parts":[[2024,7,17]]},"references-count":76,"journal-issue":{"issue":"7","published-online":{"date-parts":[[2024,7]]}},"alternative-id":["soc14070124"],"URL":"https:\/\/doi.org\/10.3390\/soc14070124","relation":{},"ISSN":["2075-4698"],"issn-type":[{"type":"electronic","value":"2075-4698"}],"subject":[],"published":{"date-parts":[[2024,7,17]]}}}