{"status":"ok","message-type":"work","message-version":"1.0.0","message":{"indexed":{"date-parts":[[2026,4,16]],"date-time":"2026-04-16T20:05:36Z","timestamp":1776369936455,"version":"3.51.2"},"reference-count":65,"publisher":"MDPI AG","issue":"2","license":[{"start":{"date-parts":[[2025,2,12]],"date-time":"2025-02-12T00:00:00Z","timestamp":1739318400000},"content-version":"vor","delay-in-days":0,"URL":"https:\/\/creativecommons.org\/licenses\/by\/4.0\/"}],"content-domain":{"domain":[],"crossmark-restriction":false},"short-container-title":["Social Sciences"],"abstract":"<jats:p>Age discrimination is prevalent in society and has significant, far-reaching effects on individual distress. Additionally, loss of energy and fatigue are natural aspects of aging that can further potentiate psychological distress (depression, stress, and anxiety). Although the effects of ageism have been extensively studied, the moderating role of subjective vitality in the relationship between age discrimination and psychological distress has received far less attention. A total of 792 Portuguese participants from three distinct age groups (18\u201339, 40\u201359, and 60+) participated in this cross-sectional study. Data were collected through a structured self-report questionnaire, which included measures of perceived ageism, subjective vitality, stress, depression, and anxiety. Multivariate analyses of variance and moderated regression analyses were performed on the data. While an increased perception of positive ageism was found throughout the life cycle, results also indicated the highest levels of perceived negative ageism, anxiety, and depression among younger and older participants. Perceived ageism, both negative and positive, was positively connected to dimensions of psychological distress. Further, the effect of perceived negative ageism on stress and anxiety depends on the level of subjective vitality. The practical implications of the results to diminish the negative impacts of ageism are discussed.<\/jats:p>","DOI":"10.3390\/socsci14020103","type":"journal-article","created":{"date-parts":[[2025,2,12]],"date-time":"2025-02-12T03:41:57Z","timestamp":1739331717000},"page":"103","update-policy":"https:\/\/doi.org\/10.3390\/mdpi_crossmark_policy","source":"Crossref","is-referenced-by-count":3,"title":["The Impact of Perceived Ageism on Psychological Distress: Insights into the Role of Subjective Vitality"],"prefix":"10.3390","volume":"14","author":[{"ORCID":"https:\/\/orcid.org\/0000-0002-5305-7620","authenticated-orcid":false,"given":"Isabel","family":"Miguel","sequence":"first","affiliation":[{"name":"RISE-Health, Department of Psychology and Education, Universidade Portucalense Infante D. Henrique, Rua Dr. Ant\u00f3nio Bernardino de Almeida, 4200-072 Porto, Portugal"}]},{"ORCID":"https:\/\/orcid.org\/0000-0003-3634-4326","authenticated-orcid":false,"given":"L\u00e9nia","family":"Carvalhais","sequence":"additional","affiliation":[{"name":"Departament of Psychology and Education, Universidade Portucalense Infante D. Henrique, Rua Dr. Ant\u00f3nio Bernardino de Almeida, 4200-072 Porto, Portugal"},{"name":"Life Quality Research Centre (CIEQV), Polit\u00e9cnico de Santar\u00e9m, Complexo Andaluz, Apartado 279, 2001-964 Santar\u00e9m, Portugal"}]}],"member":"1968","published-online":{"date-parts":[[2025,2,12]]},"reference":[{"key":"ref_1","doi-asserted-by":"crossref","first-page":"985","DOI":"10.1016\/j.jadohealth.2022.02.023","article-title":"Young adult anxiety or depressive symptoms and mental health service utilization during the COVID-19 pandemic","volume":"70","author":"Adams","year":"2022","journal-title":"The Journal of Adolescent Health"},{"key":"ref_2","doi-asserted-by":"crossref","unstructured":"Ayalon, Liat, and Tesch-R\u00f6mer, Clemens (2018). Contemporary Perspectives on Ageism, Springer.","DOI":"10.1007\/978-3-319-73820-8"},{"key":"ref_3","doi-asserted-by":"crossref","first-page":"836","DOI":"10.1177\/07334648211009658","article-title":"Ageism and psychological distress in older adults: The moderating role of self-esteem and body image","volume":"41","author":"Bergman","year":"2022","journal-title":"Journal of Applied Gerontology"},{"key":"ref_4","doi-asserted-by":"crossref","first-page":"836","DOI":"10.1093\/geronb\/gbaa125","article-title":"Day-to-day variability in subjective age and ageist attitudes and their association with depressive symptoms","volume":"76","author":"Bodner","year":"2021","journal-title":"The Journals of Gerontology. Series B, Psychological Sciences and Social Sciences"},{"key":"ref_5","doi-asserted-by":"crossref","first-page":"8255","DOI":"10.1007\/s12144-021-02156-x","article-title":"The interactive effect of aging anxiety and age awareness on meaning in life and psychological distress: A moderated mediation model","volume":"42","author":"Bodner","year":"2023","journal-title":"Current Psychology"},{"key":"ref_6","doi-asserted-by":"crossref","first-page":"313","DOI":"10.1023\/A:1007136110218","article-title":"A validation of the subjective vitality scale using structural equation modeling","volume":"52","author":"Bostic","year":"2000","journal-title":"Social Indicators Research"},{"key":"ref_7","doi-asserted-by":"crossref","first-page":"167","DOI":"10.1037\/dev0000398","article-title":"Perceived age discrimination across age in Europe: From an ageing society to a society for all ages","volume":"54","author":"Bratt","year":"2018","journal-title":"Developmental Psychology"},{"key":"ref_8","doi-asserted-by":"crossref","unstructured":"Brinkhof, Lotte P., Wit, Sanne de, Murre, Jaap M. J., and Ridderinkhof, K. Richard (2024). Mitigating the harmful impact of ageism among older individuals: The buffering role of resilience factors. Geriatrics, 9.","DOI":"10.3390\/geriatrics9010001"},{"key":"ref_9","doi-asserted-by":"crossref","unstructured":"Brinkhof, Lotte P., Wit, Sanne de, Murre, Jaap M. J., Krugers, Harm J., and Ridderinkhof, K. Richard (2022). The subjective experience of ageism: The Perceived Ageism Questionnaire (PAQ). International Journal of Environmental Research and Public Health, 19.","DOI":"10.3390\/ijerph19148792"},{"key":"ref_10","doi-asserted-by":"crossref","first-page":"1238105","DOI":"10.3389\/fpsyg.2023.1238105","article-title":"Well-being, character strengths, and depression in emerging adults","volume":"14","author":"Brito","year":"2023","journal-title":"Frontiers in Psychology"},{"key":"ref_11","doi-asserted-by":"crossref","first-page":"543","DOI":"10.1177\/0091415020917681","article-title":"Positive, but not negative, self-perceptions of aging predict cognitive function among older adults","volume":"93","author":"Brown","year":"2021","journal-title":"International Journal of Aging & Human Development"},{"key":"ref_12","doi-asserted-by":"crossref","first-page":"243","DOI":"10.1093\/geront\/9.4_Part_1.243","article-title":"Age-Ism: Another form of bigotry","volume":"9","author":"Butler","year":"1969","journal-title":"The Gerontologist"},{"key":"ref_13","doi-asserted-by":"crossref","first-page":"8","DOI":"10.1111\/j.1540-4560.1980.tb02018.x","article-title":"Ageism: A foreword","volume":"36","author":"Butler","year":"1980","journal-title":"Journal of Social Issues"},{"key":"ref_14","doi-asserted-by":"crossref","unstructured":"Chang, E.-Shien, Kannoth, Sneha, Levy, Samantha, Wang, Shi-Yi, Lee, John E., and Levy, Becca R. (2020). Global reach of ageism on older persons\u2019 health: A systematic review. PLoS ONE, 15.","DOI":"10.1371\/journal.pone.0220857"},{"key":"ref_15","doi-asserted-by":"crossref","first-page":"177","DOI":"10.1024\/1662-9647\/a000272","article-title":"Age Differences in Age Stereotypes: The Role of Life Domain and Cultural Context","volume":"35","author":"Couto","year":"2022","journal-title":"GeroPsych"},{"key":"ref_16","doi-asserted-by":"crossref","first-page":"261","DOI":"10.5007\/1980-0037.2017v19n3p261","article-title":"Validation of the Subjective Vitality Scale and study of the vitality of elderly people according to their physical activity","volume":"19","author":"Couto","year":"2017","journal-title":"Brazilian Journal of Kinanthropometry and Human Performance"},{"key":"ref_17","doi-asserted-by":"crossref","first-page":"267","DOI":"10.1111\/j.1540-4560.2005.00405.x","article-title":"This old stereotype: The perveasiveness and persistence of older adults stereotype","volume":"61","author":"Cuddy","year":"2005","journal-title":"Journal of Social Issues"},{"key":"ref_18","doi-asserted-by":"crossref","first-page":"114","DOI":"10.1016\/j.jad.2020.02.018","article-title":"Prevalence and factors associated with anxiety and depression in older adults: Gender differences in psychosocial indicators","volume":"267","author":"Curran","year":"2020","journal-title":"Journal of Affective Disorders"},{"key":"ref_19","doi-asserted-by":"crossref","unstructured":"de la Fuente-N\u00fa\u00f1ez, V\u00e2nia, Cohn-Schwartz, Ella, Roy, Senjooti, and Ayalon, Liat (2021). Scoping review on ageism against younger populations. International Journal of Environmental Research and Public Health, 18.","DOI":"10.3390\/ijerph18083988"},{"key":"ref_20","doi-asserted-by":"crossref","first-page":"227","DOI":"10.1207\/S15327965PLI1104_01","article-title":"The \u201cWhat\u201d and \u201cWhy\u201d of Goal Pursuits: Human Needs and the Self-Determination of Behavior","volume":"11","author":"Deci","year":"2000","journal-title":"Psychological Inquiry"},{"key":"ref_21","doi-asserted-by":"crossref","first-page":"52","DOI":"10.1177\/0091415017721932","article-title":"Subjective meanings and identification with middle age","volume":"87","author":"Dolberg","year":"2018","journal-title":"International Journal of Aging & Human Development"},{"key":"ref_22","doi-asserted-by":"crossref","first-page":"335","DOI":"10.1080\/17439760.2014.898318","article-title":"From strengths use to work performance: The role of harmonious passion, subjective vitality, and concentration","volume":"9","author":"Dubreuil","year":"2014","journal-title":"The Journal of Positive Psychology"},{"key":"ref_23","doi-asserted-by":"crossref","first-page":"e017152","DOI":"10.1136\/bmjopen-2017-017152","article-title":"Elder abuse as a risk factor for psychological distress among older adults in India: A cross-sectional study","volume":"7","author":"Evandrou","year":"2017","journal-title":"BMJ Open"},{"key":"ref_24","doi-asserted-by":"crossref","first-page":"2768","DOI":"10.1017\/S0144686X20000537","article-title":"The relative importance of personal beliefs, meta-stereotypes and societal stereotypes of age for the wellbeing of older people","volume":"41","author":"Fasel","year":"2021","journal-title":"Ageing and Society"},{"key":"ref_25","doi-asserted-by":"crossref","first-page":"150","DOI":"10.1016\/j.sbspro.2010.07.064","article-title":"Subjective vitality and its anticipating variables on students","volume":"5","author":"Fini","year":"2010","journal-title":"Procedia-Social and Behavioral Sciences"},{"key":"ref_26","doi-asserted-by":"crossref","first-page":"2591","DOI":"10.1037\/xge0001064","article-title":"Youngism: The content, causes, and consequences of prejudices toward younger adults","volume":"150","author":"Francioli","year":"2021","journal-title":"Journal of Experimental Psychology: General"},{"key":"ref_27","doi-asserted-by":"crossref","first-page":"308","DOI":"10.1080\/01434630008666407","article-title":"Age Vitality Across Eleven Nations","volume":"21","author":"Giles","year":"2000","journal-title":"Journal of Multilingual and Multicultural Development"},{"key":"ref_28","doi-asserted-by":"crossref","first-page":"399","DOI":"10.1146\/annurev-devpsych-120621-043836","article-title":"Emotion regulation in couples across adulthood","volume":"5","author":"Haase","year":"2023","journal-title":"Annual Review of Developmental Psychology"},{"key":"ref_29","unstructured":"Hayes, Andrew F. (2013). Introduction to Mediation, Moderation and Conditional Process Analysis, The Guilford Press."},{"key":"ref_30","doi-asserted-by":"crossref","first-page":"P127","DOI":"10.1093\/geronj\/48.3.P127","article-title":"The role of social comparisons processes in the psychological adaptation of elderly adults","volume":"48","author":"Heidrich","year":"1993","journal-title":"Journals of Gerontology"},{"key":"ref_31","doi-asserted-by":"crossref","first-page":"311","DOI":"10.1177\/0164027520980130","article-title":"Associations of ageism and health: A systematic review of quantitative observational studies","volume":"43","author":"Hu","year":"2021","journal-title":"Research on Aging"},{"key":"ref_32","doi-asserted-by":"crossref","first-page":"4","DOI":"10.1027\/1901-2276.61.3.4","article-title":"A conceptual analysis of Ageism","volume":"61","author":"Iversen","year":"2009","journal-title":"Nordic Psychology"},{"key":"ref_33","doi-asserted-by":"crossref","first-page":"23337214221087023","DOI":"10.1177\/23337214221087023","article-title":"Ageism and psychological well-being among older adults: A systematic review","volume":"8","author":"Kang","year":"2022","journal-title":"Gerontology and Geriatric Medicine"},{"key":"ref_34","doi-asserted-by":"crossref","first-page":"935","DOI":"10.1111\/j.1559-1816.1999.tb00133.x","article-title":"The Relation of Psychological Needs for Autonomy and Relatedness to Vitality, Well-Being, and Mortality in a Nursing Home1","volume":"29","author":"Kasser","year":"1999","journal-title":"Journal of Applied Social Psychology"},{"key":"ref_35","doi-asserted-by":"crossref","first-page":"959","DOI":"10.1017\/S0033291702006074","article-title":"Short screening scales to monitor population prevalences and trends in non-specific psychological distress","volume":"32","author":"Kessler","year":"2002","journal-title":"Psychological Medicine"},{"key":"ref_36","doi-asserted-by":"crossref","first-page":"105","DOI":"10.1080\/03601277.2019.1583403","article-title":"The relationship between perceived ageism and depressive symptoms in later life: Understanding the mediating effects of self-perception of aging and purpose in life, using structural equation modeling","volume":"45","author":"Kim","year":"2019","journal-title":"Educational Gerontology"},{"key":"ref_37","doi-asserted-by":"crossref","first-page":"241","DOI":"10.1111\/j.1540-4560.2005.00404.x","article-title":"Attitudes toward younger and older adults: An updated meta-analytic review","volume":"61","author":"Kite","year":"2005","journal-title":"Journal of Social Issues"},{"key":"ref_38","doi-asserted-by":"crossref","first-page":"547","DOI":"10.1093\/geronb\/gbr036","article-title":"Contexts of aging: Assessing evaluative age stereotypes in different life domains","volume":"66","author":"Kornadt","year":"2011","journal-title":"The Journals of Gerontology, Series B: Psychological Sciences and Social Sciences"},{"key":"ref_39","doi-asserted-by":"crossref","first-page":"173","DOI":"10.1007\/s10433-021-00624-8","article-title":"Ageism and older people\u2019s health and well-being during the COVID-19-pandemic: The moderating role of subjective aging","volume":"18","author":"Kornadt","year":"2021","journal-title":"European Journal of Ageing"},{"key":"ref_40","unstructured":"Lemos, Maria Serra, Gon\u00e7alves, Teresa, and Coelho, Cristina (, January November). Avalia\u00e7\u00e3o do Bem-Estar dos Estudantes: Adapta\u00e7\u00e3o de uma Escala Vitalidade Subjectiva. Comunica\u00e7\u00e3o apresentada na XV Confer\u00eancia Internacional de Avalia\u00e7\u00e3o Psicol\u00f3gica: Formas e Contextos. Lisboa, Portugal [Assessment of students\u2019 well-being: Adaptation of a Subjective Vitality Scale]. Paper presented at the XV International Conference on Psychological Assessment: Forms and Contexts, Lisbon, Portugal."},{"key":"ref_41","doi-asserted-by":"crossref","first-page":"332","DOI":"10.1111\/j.1467-8721.2009.01662.x","article-title":"Stereotype embodiment: A psychosocial approach to aging","volume":"18","author":"Levy","year":"2009","journal-title":"Current Directions in Psychological Science"},{"key":"ref_42","doi-asserted-by":"crossref","first-page":"e70","DOI":"10.1093\/geronb\/gbab085","article-title":"Impact of media-based negative and positive age stereotypes on older individuals\u2019 mental health","volume":"77","author":"Levy","year":"2022","journal-title":"The Journals of Gerontology. Series B, Psychological Sciences and Social Sciences"},{"key":"ref_43","doi-asserted-by":"crossref","first-page":"261","DOI":"10.1037\/0022-3514.83.2.261","article-title":"Longevity increased by positive self-perceptions of aging","volume":"83","author":"Levy","year":"2002","journal-title":"Journal of Personality and Social Psychology"},{"key":"ref_44","doi-asserted-by":"crossref","first-page":"5","DOI":"10.1111\/josi.12153","article-title":"Progress on understanding ageism","volume":"72","author":"Levy","year":"2016","journal-title":"Journal of Social Issues"},{"key":"ref_45","doi-asserted-by":"crossref","first-page":"335","DOI":"10.1016\/0005-7967(94)00075-U","article-title":"The structure of negative emotional states: Comparison of the depression anxiety stress scales (DASS) with the Beck Depression and Anxiety Inventories","volume":"33","author":"Lovibond","year":"1995","journal-title":"Behaviour Research and Therapy"},{"key":"ref_46","doi-asserted-by":"crossref","first-page":"1456","DOI":"10.1080\/13607863.2017.1364347","article-title":"Experiences of ageism and the mental health of older adults","volume":"22","author":"Lyons","year":"2018","journal-title":"Aging & Mental Health"},{"key":"ref_47","doi-asserted-by":"crossref","first-page":"28","DOI":"10.1136\/bjsm.2008.053736","article-title":"Physical activity and maintaining physical function in older adults","volume":"43","author":"Manini","year":"2009","journal-title":"British Journal of Sports Medicine"},{"key":"ref_48","doi-asserted-by":"crossref","unstructured":"Marques, Sibila, Mariano, Jo\u00e3o, Mendon\u00e7a, Joana, Tavernier, Wouter De, Hess, Moritz, Naegele, Laura, Peixeiro, Filomena, and Martins, Daniel (2020). Determinants of ageism against older adults: A systematic review. International Journal of Environmental Research and Public Health, 17.","DOI":"10.3390\/ijerph17072560"},{"key":"ref_49","unstructured":"Miguel, Isabel, and Pedro-Chaparro, Maria Siqueros (2024). Validation of the Portuguese Perceived Ageism Questionnaire (PAQ): How Does Age Matter?, Department of Psychology and Education, Portucalense University."},{"key":"ref_50","doi-asserted-by":"crossref","first-page":"573","DOI":"10.1016\/j.jesp.2007.10.008","article-title":"Helpful self-control: Autonomy support, vitality, and depletion","volume":"44","author":"Muraven","year":"2008","journal-title":"Journal of Experimental Social Psychology"},{"key":"ref_51","doi-asserted-by":"crossref","first-page":"207","DOI":"10.1111\/j.1540-4560.2005.00402.x","article-title":"Ageism: Prejudice against our feared future self","volume":"61","author":"Nelson","year":"2005","journal-title":"Journal of Social Issues"},{"key":"ref_52","first-page":"229","article-title":"Contribui\u00e7\u00e3o para o estudo da adapta\u00e7\u00e3o portuguesa das escalas de ansiedade, depress\u00e3o e stress (EADS) de 21 itens de Lovibond e Lovibond","volume":"5","author":"Honrado","year":"2004","journal-title":"Psicologia, Sa\u00fade & Doen\u00e7as"},{"key":"ref_53","unstructured":"Palmore, Erdman (1990). Ageism: Negative and Positive, Springer."},{"key":"ref_54","doi-asserted-by":"crossref","first-page":"313","DOI":"10.1016\/j.anr.2019.11.004","article-title":"Physical Activity and Subjective Vitality in Older Adults from Community-and Assisted-Living Settings","volume":"13","author":"Park","year":"2019","journal-title":"Asian Nursing Research"},{"key":"ref_55","doi-asserted-by":"crossref","first-page":"100339","DOI":"10.1016\/j.ijchp.2022.100339","article-title":"Loneliness, ageism, and mental health: The buffering role of resilience in seniors","volume":"23","author":"Costa","year":"2023","journal-title":"International Journal of Clinical and Health Psychology: IJCHP"},{"key":"ref_56","doi-asserted-by":"crossref","first-page":"101747","DOI":"10.1016\/j.copsyc.2023.101747","article-title":"Age stereotypes: Dimensions, origins, and consequences","volume":"55","author":"Rothermund","year":"2024","journal-title":"Current Opinion in Psychology"},{"key":"ref_57","doi-asserted-by":"crossref","first-page":"529","DOI":"10.1111\/j.1467-6494.1997.tb00326.x","article-title":"On energy, personality and health: Subjective vitality as a dynamic reflection of well-being","volume":"65","author":"Ryan","year":"1997","journal-title":"Journal of Personality"},{"key":"ref_58","doi-asserted-by":"crossref","first-page":"159","DOI":"10.1016\/j.jenvp.2009.10.009","article-title":"Vitalizing effects of being outdoors and in nature","volume":"30","author":"Ryan","year":"2010","journal-title":"Journal of Environmental Psychology"},{"key":"ref_59","doi-asserted-by":"crossref","first-page":"301","DOI":"10.1017\/S0033291709006072","article-title":"Transitions to adulthood and psychological distress in young adults born 12 years apart: Constraints on and resources for development","volume":"40","author":"Sacker","year":"2010","journal-title":"Psychological Medicine"},{"key":"ref_60","unstructured":"Santos, Ana Jo\u00e3o, Kislaya, Irina, Gil, Ana Paula, Namorado, S\u00f3nia, Barreto, Marta, Gaio, V\u00e2nia, Nunes, Baltazar, and Dias, Carlos Matias (2015). Psychological Distress: A Prevalence and Associated Factors in the Portuguese Population in 2015: Results from the National Health Examination Survey, National Health Institute: Epidemiological Bulletin."},{"key":"ref_61","doi-asserted-by":"crossref","first-page":"1037","DOI":"10.1002\/smi.3237","article-title":"Chronic stressors, coping strategies, and depressive symptoms: A comparison across older age groups","volume":"39","author":"Sowan","year":"2023","journal-title":"Stress and Health"},{"key":"ref_62","doi-asserted-by":"crossref","first-page":"P364","DOI":"10.1093\/geronb\/56.6.P364","article-title":"The personal experience of aging, individual resources, and subjective well-being","volume":"56","author":"Steverink","year":"2001","journal-title":"The Journals of Gerontology. Series B, Psychological Sciences and Social Sciences"},{"key":"ref_63","doi-asserted-by":"crossref","first-page":"1489","DOI":"10.1080\/13607863.2024.2348611","article-title":"Older adults, perceived ageism, civic participation and mental health: A qualitative study","volume":"28","author":"Costa","year":"2024","journal-title":"Aging & Mental Health"},{"key":"ref_64","first-page":"687","article-title":"Is age an issue? Psychosocial differences in perceived older workers\u2019 work (un)adaptability, effectiveness, and workplace age discrimination","volume":"49","author":"Miguel","year":"2022","journal-title":"Educational Gerontology"},{"key":"ref_65","unstructured":"World Health Organization (WHO) (2015). World Report on Ageing and Health, World Health Organization."}],"container-title":["Social Sciences"],"original-title":[],"language":"en","link":[{"URL":"https:\/\/www.mdpi.com\/2076-0760\/14\/2\/103\/pdf","content-type":"unspecified","content-version":"vor","intended-application":"similarity-checking"}],"deposited":{"date-parts":[[2025,10,9]],"date-time":"2025-10-09T16:31:44Z","timestamp":1760027504000},"score":1,"resource":{"primary":{"URL":"https:\/\/www.mdpi.com\/2076-0760\/14\/2\/103"}},"subtitle":[],"short-title":[],"issued":{"date-parts":[[2025,2,12]]},"references-count":65,"journal-issue":{"issue":"2","published-online":{"date-parts":[[2025,2]]}},"alternative-id":["socsci14020103"],"URL":"https:\/\/doi.org\/10.3390\/socsci14020103","relation":{},"ISSN":["2076-0760"],"issn-type":[{"value":"2076-0760","type":"electronic"}],"subject":[],"published":{"date-parts":[[2025,2,12]]}}}