{"status":"ok","message-type":"work","message-version":"1.0.0","message":{"indexed":{"date-parts":[[2026,4,30]],"date-time":"2026-04-30T03:12:12Z","timestamp":1777518732559,"version":"3.51.4"},"reference-count":75,"publisher":"MDPI AG","issue":"16","license":[{"start":{"date-parts":[[2021,8,23]],"date-time":"2021-08-23T00:00:00Z","timestamp":1629676800000},"content-version":"vor","delay-in-days":0,"URL":"https:\/\/creativecommons.org\/licenses\/by\/4.0\/"}],"funder":[{"DOI":"10.13039\/501100001871","name":"Funda\u00e7\u00e3o para a Ci\u00eancia e a Tecnologia","doi-asserted-by":"publisher","award":["PTDC\/CED-EDG\/29943\/2017"],"award-info":[{"award-number":["PTDC\/CED-EDG\/29943\/2017"]}],"id":[{"id":"10.13039\/501100001871","id-type":"DOI","asserted-by":"publisher"}]},{"DOI":"10.13039\/501100008530","name":"European Regional Development Fund","doi-asserted-by":"publisher","award":["PTDC\/CED-EDG\/29943\/2017"],"award-info":[{"award-number":["PTDC\/CED-EDG\/29943\/2017"]}],"id":[{"id":"10.13039\/501100008530","id-type":"DOI","asserted-by":"publisher"}]}],"content-domain":{"domain":[],"crossmark-restriction":false},"short-container-title":["Sustainability"],"abstract":"<jats:p>This article examines how mobility is incorporated into the lives of young people growing up in rural border regions of continental Portugal. It also explores how municipalities are dealing with the contemporary imperative of mobility and its consequences. Young people from these regions are affected by decisions to leave to continue studying in higher education, or to find a job. Combined, these lead to an outward migration trend and thus loss of human capital. This paper is based on a multi-method research project carried out in the border regions and involves young people and other stakeholders from 38 municipalities. The data were selected from a questionnaire completed by young people (9th\u201312th grade; n = 3968), 38 semi-structured interviews with local policymakers, 50 biographical interviews, and 5 focus groups with young people. Results indicate that although most young people aspire to further education and do not fear leaving their region, they nonetheless tend to integrate the necessity to be mobile into their biographies. Hence, they do not associate it with displacement or as being tantamount to abandoning their region, and to which some of them want to return. We consider that in parallel with learning to leave local sentiments, policies, and actions are emerging towards coalescing a trend of learning to stay and returning. We propose an interpretation of this tendency as indicative of new understandings around these peripheral territories and which are shaped by young people\u2019s experience of reconciling a sense of belonging to place and any associated mobilities.<\/jats:p>","DOI":"10.3390\/su13169432","type":"journal-article","created":{"date-parts":[[2021,8,23]],"date-time":"2021-08-23T10:24:17Z","timestamp":1629714257000},"page":"9432","update-policy":"https:\/\/doi.org\/10.3390\/mdpi_crossmark_policy","source":"Crossref","is-referenced-by-count":21,"title":["Learning to Leave and to Return: Mobility, Place, and Sense of Belonging amongst Young People Growing up in Border and Rural Regions of Mainland Portugal"],"prefix":"10.3390","volume":"13","author":[{"ORCID":"https:\/\/orcid.org\/0000-0002-2688-1171","authenticated-orcid":false,"given":"Sofia Marques da","family":"Silva","sequence":"first","affiliation":[{"name":"Faculty of Psychology and Educational Sciences, University of Porto, 4200-135 Porto, Portugal"}]},{"given":"Ana Milheiro","family":"Silva","sequence":"additional","affiliation":[{"name":"Faculty of Psychology and Educational Sciences, University of Porto, 4200-135 Porto, Portugal"}]},{"given":"Pablo","family":"Cort\u00e9s-Gonz\u00e1lez","sequence":"additional","affiliation":[{"name":"Faculty of Education, University of M\u00e1laga, 29010 M\u00e1laga, Spain"}]},{"given":"R\u016bta","family":"Brazien\u0117","sequence":"additional","affiliation":[{"name":"Faculty of Philosophy, Vilnius University, 01513 Vilnius, Lithuania"}]}],"member":"1968","published-online":{"date-parts":[[2021,8,23]]},"reference":[{"key":"ref_1","unstructured":"Corbett, M. (2001). Learning to Leave: The Irony of Schooling in a Coastal Community. [Ph.D. Thesis, University of British Columbia]."},{"key":"ref_2","doi-asserted-by":"crossref","first-page":"765","DOI":"10.1177\/1077800413503795","article-title":"Researching Rural Places","volume":"19","author":"Roberts","year":"2013","journal-title":"Qual. Inq."},{"key":"ref_3","doi-asserted-by":"crossref","first-page":"119","DOI":"10.1177\/1103308806062737","article-title":"Regimes of youth transitions: Choice, flexibility and security in young people\u2019s experiences across different European contexts","volume":"14","author":"Walther","year":"2006","journal-title":"Young"},{"key":"ref_4","doi-asserted-by":"crossref","first-page":"193","DOI":"10.1177\/1103308813477467","article-title":"Belonging, Mobility and the Future: Representations of Space in the Life Narratives of Young Rural Czechs","volume":"21","author":"Haukanes","year":"2013","journal-title":"Young"},{"key":"ref_5","doi-asserted-by":"crossref","first-page":"614","DOI":"10.1080\/13676261.2013.834314","article-title":"Seeds of cosmopolitan future? Young people and their aspirations for future mobility","volume":"17","author":"Skrbis","year":"2013","journal-title":"J. Youth Stud."},{"key":"ref_6","doi-asserted-by":"crossref","unstructured":"Spyrou, S., and Christou, M. (2014). Growing up in a Portuguese borderland. Children and Borders, Palgrave Macmillan.","DOI":"10.1057\/9781137326317"},{"key":"ref_7","doi-asserted-by":"crossref","first-page":"836","DOI":"10.1080\/13676261.2015.1112886","article-title":"The mobility imperative for rural youth: The structural, symbolic and non-representational dimensions rural youth mobilities","volume":"19","author":"Farrugia","year":"2016","journal-title":"J. Youth Stud."},{"key":"ref_8","doi-asserted-by":"crossref","first-page":"237","DOI":"10.1080\/13676261.2019.1596236","article-title":"Class, place and mobility beyond the global city: Stigmatisation and the cosmopolitanisation of the local","volume":"23","author":"Farrugia","year":"2019","journal-title":"J. Youth Stud."},{"key":"ref_9","doi-asserted-by":"crossref","first-page":"501","DOI":"10.1080\/13676261.2015.1083955","article-title":"Moving away or staying local: The role of locality in young people\u2019s \u2019spatial horizons\u2019 and career aspirations","volume":"19","author":"Evans","year":"2016","journal-title":"J. Youth Stud."},{"key":"ref_10","doi-asserted-by":"crossref","first-page":"270","DOI":"10.1080\/0161956X.2016.1151750","article-title":"Rural Futures: Development, Aspirations, Mobilities, Place, and Education","volume":"91","author":"Corbett","year":"2016","journal-title":"Peabody J. Educ."},{"key":"ref_11","doi-asserted-by":"crossref","unstructured":"Weiss, J., Ferrante, L., and Soler-Porta, M. (2021). There is No Place like Home! How Willing Are Young Adults to Move to Find a Job?. Sustainability, 13.","DOI":"10.3390\/su13137494"},{"key":"ref_12","doi-asserted-by":"crossref","first-page":"510","DOI":"10.1057\/s41304-018-0186-3","article-title":"Perceived economic self-sufficiency: A country- and generation-comparative approach","volume":"18","author":"Tosun","year":"2018","journal-title":"Eur. Politi. Sci."},{"key":"ref_13","doi-asserted-by":"crossref","first-page":"408","DOI":"10.1111\/j.1467-9523.2008.00458.x","article-title":"More-than-Representational Knowledge\/s of the Countryside: How We Think as Bodies","volume":"48","author":"Carolan","year":"2008","journal-title":"Sociol. Rural"},{"key":"ref_14","doi-asserted-by":"crossref","first-page":"835","DOI":"10.1177\/0309132509357356","article-title":"Performing rurality and practising rural geography","volume":"34","author":"Woods","year":"2010","journal-title":"Prog. Hum. Geogr."},{"key":"ref_15","doi-asserted-by":"crossref","first-page":"263","DOI":"10.1080\/17457823.2015.1050685","article-title":"Towards a rural sociological imagination: Ethnography and schooling in mobile modernity","volume":"10","author":"Corbett","year":"2015","journal-title":"Ethnogr. Educ."},{"key":"ref_16","doi-asserted-by":"crossref","first-page":"210","DOI":"10.1177\/1473095213499216","article-title":"Using southern theory: Decolonizing social thought in theory, research and application","volume":"13","author":"Connell","year":"2014","journal-title":"Plan. Theory"},{"key":"ref_17","doi-asserted-by":"crossref","first-page":"1593","DOI":"10.1177\/0042098009105499","article-title":"Celebrating Local Histories and Defining Neighbourhood Communities: Place-making in a Gentrified Neighbourhood","volume":"46","author":"Blokland","year":"2009","journal-title":"Urban Stud."},{"key":"ref_18","unstructured":"Tuan, Y.F. (2014). Space and Place. The Perspective of Experience, University of Minnesota Press."},{"key":"ref_19","unstructured":"Bourdieu, P. (1996). Distinction. A Social Critique of the Judgement of Taste, Harvard University Press."},{"key":"ref_20","doi-asserted-by":"crossref","first-page":"116","DOI":"10.1111\/soru.12077","article-title":"Affective Topologies of Rural Youth Embodiment","volume":"56","author":"Farrugia","year":"2015","journal-title":"Sociol. Rural"},{"key":"ref_21","doi-asserted-by":"crossref","first-page":"544","DOI":"10.1080\/01425692.2012.723869","article-title":"Leaving Northern Ireland: Youth mobility field, habitus and recession among undergraduates in Belfast","volume":"34","author":"Cairns","year":"2013","journal-title":"Br. J. Sociol. Educ."},{"key":"ref_22","doi-asserted-by":"crossref","first-page":"236","DOI":"10.1111\/j.1468-2435.2012.00776.x","article-title":"I wouldn\u2019t want to stay here: Economic crisis and youth mobility in Ireland","volume":"52","author":"Cairns","year":"2014","journal-title":"Int Migr."},{"key":"ref_23","doi-asserted-by":"crossref","first-page":"684","DOI":"10.1111\/soru.12214","article-title":"Is out of Sight out of Mind? Place Attachment among Rural Youth Out-Migrants","volume":"58","author":"Pedersen","year":"2018","journal-title":"Sociol. Rural"},{"key":"ref_24","doi-asserted-by":"crossref","first-page":"1152","DOI":"10.1080\/13676261.2014.901495","article-title":"Emplacing young people in an Australian rural community: An extraverted sense of place in times of change","volume":"17","author":"Farrugia","year":"2014","journal-title":"J. Youth Stud."},{"key":"ref_25","doi-asserted-by":"crossref","first-page":"1036","DOI":"10.1177\/0011392114538959","article-title":"Rural young people in late modernity: Place, globalisation and the spatial contours of identity","volume":"62","author":"Farrugia","year":"2014","journal-title":"Curr. Sociol."},{"key":"ref_26","doi-asserted-by":"crossref","first-page":"416","DOI":"10.1111\/j.1467-9523.2004.00284.x","article-title":"Place, Nature and Migration: Students\u2019 Attachment to their Rural Home Places","volume":"44","author":"Wiborg","year":"2004","journal-title":"Sociol. Rural"},{"key":"ref_27","doi-asserted-by":"crossref","first-page":"276","DOI":"10.1111\/soru.12170","article-title":"Young People\u2019s Place-Making in a Regional Australian Town","volume":"58","author":"Waite","year":"2017","journal-title":"Sociol. Rural"},{"key":"ref_28","doi-asserted-by":"crossref","first-page":"124","DOI":"10.1177\/2050157919843963","article-title":"Making place with mobile media: Young people\u2019s blurred place-making in regional Australia","volume":"8","author":"Waite","year":"2019","journal-title":"Mob. Media Commun."},{"key":"ref_29","doi-asserted-by":"crossref","first-page":"392","DOI":"10.2307\/1318589","article-title":"Sociology beyond Societies: Mobilities for the Twenty-First Century","volume":"28","author":"Ahlkvist","year":"2000","journal-title":"Teach. Sociol."},{"key":"ref_30","doi-asserted-by":"crossref","first-page":"183","DOI":"10.1080\/1369183X.2013.723253","article-title":"Regimes of Mobility across the Globe","volume":"39","author":"Schiller","year":"2013","journal-title":"J. Ethn. Migr. Stud."},{"key":"ref_31","unstructured":"Grieco, M., and Urry, J. (2012). Mobilities: New Perspectives on Transport and Society, Routledge."},{"key":"ref_32","doi-asserted-by":"crossref","first-page":"61","DOI":"10.1177\/1103308806059815","article-title":"Youth culture, subculture and the importance of neighbourhood","volume":"14","author":"Shildrick","year":"2006","journal-title":"Young"},{"key":"ref_33","doi-asserted-by":"crossref","first-page":"467","DOI":"10.1177\/0042098012468893","article-title":"Young People\u2019s Urban Im\/Mobilities: Relationality and Identity Formation","volume":"50","author":"Skelton","year":"2013","journal-title":"Urban Stud."},{"key":"ref_34","doi-asserted-by":"crossref","first-page":"60","DOI":"10.1177\/0011392118756473","article-title":"Staying, leaving and returning: Rurality and the development of reflexivity and motility","volume":"68","author":"Cook","year":"2020","journal-title":"Curr. Sociol."},{"key":"ref_35","unstructured":"Furlong, A., and Cartmel, F. (2007). Young People and Social Change, Open University Press."},{"key":"ref_36","doi-asserted-by":"crossref","first-page":"133","DOI":"10.1111\/j.1468-2435.2005.00344.x","article-title":"Scientific Mobility, Career Progression, and Excellence in the European Research Area1","volume":"43","year":"2005","journal-title":"Int. Migr."},{"key":"ref_37","doi-asserted-by":"crossref","first-page":"227","DOI":"10.1177\/110330880801600301","article-title":"Moving in transition: Northern Ireland youth and geographical mobility","volume":"16","author":"Cairns","year":"2008","journal-title":"Young"},{"key":"ref_38","doi-asserted-by":"crossref","first-page":"203","DOI":"10.1111\/1467-954X.00212","article-title":"Migration, Place and Class: Youth in a Rural Area","volume":"48","author":"Jamieson","year":"2000","journal-title":"Sociol. Rev."},{"key":"ref_39","doi-asserted-by":"crossref","first-page":"327","DOI":"10.1177\/1103308805057051","article-title":"Between cosmopolitanism and the locals: Mobility as a resource in the transition to adulthood","volume":"13","author":"Thomson","year":"2005","journal-title":"Young"},{"key":"ref_40","doi-asserted-by":"crossref","first-page":"17","DOI":"10.1068\/d11407","article-title":"Towards a Politics of Mobility","volume":"28","author":"Cresswell","year":"2010","journal-title":"Environ. Plan. D Soc. Space"},{"key":"ref_41","doi-asserted-by":"crossref","first-page":"745","DOI":"10.1111\/j.0309-1317.2004.00549.x","article-title":"Motility: Mobility as capital","volume":"28","author":"Kaufmann","year":"2004","journal-title":"Int. J. Urban Reg. Res."},{"key":"ref_42","doi-asserted-by":"crossref","first-page":"61","DOI":"10.5209\/soci.70685","article-title":"Dibujando la (in)movilidad: Potencial y limitaciones de una t\u00e9cnica participativa centrada en la infancia","volume":"5","author":"Faus","year":"2021","journal-title":"Soc. Infanc."},{"key":"ref_43","doi-asserted-by":"crossref","first-page":"311","DOI":"10.1080\/1369183X.2013.723260","article-title":"Moving Subjects, Stagnant Paradigms: Can the \u2018Mobilities Paradigm\u2019 Transcend Methodological Nationalism?","volume":"39","author":"Kalir","year":"2013","journal-title":"J. Ethn. Migr. Stud."},{"key":"ref_44","unstructured":"Grieco, M., and Urry, J. (2012). Does mobility have a future?. Mobilities: New Perspectives on Transport and Society, Routledge. [1st ed.]."},{"key":"ref_45","unstructured":"Skeggs, B. (2004). Class, Self, Culture, Routledge."},{"key":"ref_46","doi-asserted-by":"crossref","unstructured":"Lange, A., Reiter, H., Schutter, S., and Steiner, C. (2018). Mapping the Youth Mobility Field. Handbuch Kindheits und Jugendsoziologie, Springer Science and Business Media.","DOI":"10.1007\/978-3-658-04207-3"},{"key":"ref_47","doi-asserted-by":"crossref","first-page":"221","DOI":"10.1177\/0263276404046068","article-title":"Automotive Emotions","volume":"21","author":"Sheller","year":"2004","journal-title":"Theory Cult. Soc."},{"key":"ref_48","doi-asserted-by":"crossref","first-page":"407","DOI":"10.1016\/0962-6298(94)90048-5","article-title":"Mobility, empowerment and the rights revolution1","volume":"13","author":"Blomley","year":"1994","journal-title":"Politi. Geogr."},{"key":"ref_49","first-page":"9","article-title":"Mobilities: An Introduction","volume":"43","author":"Cresswell","year":"2001","journal-title":"New Form."},{"key":"ref_50","doi-asserted-by":"crossref","first-page":"207","DOI":"10.1068\/a37268","article-title":"The New Mobilities Paradigm","volume":"38","author":"Sheller","year":"2006","journal-title":"Environ. Plan A Econ. Space"},{"key":"ref_51","doi-asserted-by":"crossref","unstructured":"B\u00e6renholdt, J.O., and Gran\u00e5s, B. (2016). Mobility and Place: Enacting Northern European Peripheries, Routledge. [1st ed.].","DOI":"10.4324\/9781315595757"},{"key":"ref_52","doi-asserted-by":"crossref","first-page":"304","DOI":"10.1002\/psp.580","article-title":"The struggle to belong: Young people on the move in the countryside","volume":"17","author":"Leyshon","year":"2009","journal-title":"Popul. Space Place"},{"key":"ref_53","doi-asserted-by":"crossref","first-page":"219","DOI":"10.1177\/1103308816669463","article-title":"A Longitudinal Analysis of Belonging: Temporal, performative and relational practices by young people in rural Australia","volume":"25","author":"Cuervo","year":"2017","journal-title":"Young"},{"key":"ref_54","doi-asserted-by":"crossref","first-page":"1114","DOI":"10.1080\/13676261.2014.881983","article-title":"Rural youth and emotional geographies: How photovoice and words-alone methods tell different stories of place","volume":"17","author":"Power","year":"2014","journal-title":"J. Youth Stud."},{"key":"ref_55","unstructured":"Richardson, J.G. (1986). The forms of capital. Handbook of Theory and Research for the Sociology of Education, Greenwood Press."},{"key":"ref_56","doi-asserted-by":"crossref","first-page":"S95","DOI":"10.1086\/228943","article-title":"Social Capital in the Creation of Human Capital","volume":"94","author":"Coleman","year":"1988","journal-title":"Am. J. Sociol."},{"key":"ref_57","doi-asserted-by":"crossref","first-page":"785","DOI":"10.2307\/2654086","article-title":"Inequality in Social Capital","volume":"29","author":"Lin","year":"2000","journal-title":"Contemp. Sociol. A J. Rev."},{"key":"ref_58","doi-asserted-by":"crossref","first-page":"467","DOI":"10.1146\/annurev.soc.25.1.467","article-title":"Social Networks and Status Attainment","volume":"25","author":"Lin","year":"1999","journal-title":"Annu. Rev. Sociol."},{"key":"ref_59","doi-asserted-by":"crossref","first-page":"33","DOI":"10.1111\/j.0435-3684.2004.00152.x","article-title":"Regions unbound: Towards a new politics of place","volume":"86","author":"Amin","year":"2004","journal-title":"Geogr. Ann. Ser. B Hum. Geogr."},{"key":"ref_60","first-page":"75","article-title":"G\u00e9nero e innovaci\u00f3n en los nuevos procesos de re-ruralizaci\u00f3n en Espa\u00f1a","volume":"54","author":"Baylina","year":"2019","journal-title":"Finisterra"},{"key":"ref_61","doi-asserted-by":"crossref","first-page":"189","DOI":"10.1016\/j.jrurstud.2020.08.027","article-title":"Youth, activism and new rurality: A feminist approach","volume":"79","author":"Baylina","year":"2020","journal-title":"J. Rural Stud."},{"key":"ref_62","unstructured":"Sampaio, M., and Silva, S.M. (2021). Youth policies priorities: Understanding young people pathways in border regions of Portugal. Rev. Estud. Reg., in press."},{"key":"ref_63","unstructured":"Dire\u00e7\u00e3o-Geral de Agricultura e Desenvolvimento Rural [DGADR] (2021, July 28). Estatuto to Jovem Empres\u00e1rio Rural [Young Rural Entre-preneur Statute], Available online: https:\/\/www.dgadr.gov.pt\/estatuto-do-jovem-empresario-rural-jer."},{"key":"ref_64","doi-asserted-by":"crossref","first-page":"556","DOI":"10.1080\/15575330.2018.1531899","article-title":"How to involve rural NEET youths in agriculture? Highlights of an untold story","volume":"49","year":"2018","journal-title":"Community Dev."},{"key":"ref_65","unstructured":"Silva, S.M., and Silva, A.M. (2021, August 18). School Population Survey: Young People, Education and Border Regions. Questionnaire Approved by the Portuguese Directorate-General for Education, through the System of Monitoring Research in Education Environments (MIME 0566300001). Available online: http:\/\/mime.dgeec.mec.pt\/InqueritoConsultar.aspx?id=6699."},{"key":"ref_66","unstructured":"Field, A. (2013). Discovering Statistics Using IBM SPSS Statistics: And Sex and Drugs and Rock \u201cN\u201d Roll, Sage. [4th ed.]."},{"key":"ref_67","doi-asserted-by":"crossref","first-page":"901","DOI":"10.1080\/13676261.2013.878796","article-title":"Reflections on the use of spatial and relational metaphors in youth studies","volume":"17","author":"Cuervo","year":"2014","journal-title":"J. Youth Stud."},{"key":"ref_68","doi-asserted-by":"crossref","first-page":"377","DOI":"10.1080\/1367626032000162104","article-title":"Home as a Physical, Social and Mental Space: Young People\u2019s Reflections on Leaving Home","volume":"6","author":"Lahelma","year":"2003","journal-title":"J. Youth Stud."},{"key":"ref_69","doi-asserted-by":"crossref","first-page":"1106","DOI":"10.1177\/0011392118776357","article-title":"\u2018Rooted mobilities\u2019 in young people\u2019s narratives of the future: A peripheral case","volume":"66","author":"Cuzzocrea","year":"2018","journal-title":"Curr. Sociol."},{"key":"ref_70","doi-asserted-by":"crossref","first-page":"209","DOI":"10.1016\/S0743-0167(01)00039-0","article-title":"Australia\u2019s regional youth exodus","volume":"18","author":"Gabriel","year":"2002","journal-title":"J. Rural Stud."},{"key":"ref_71","doi-asserted-by":"crossref","unstructured":"Farrugia, D. (2018). Spaces of Youth, Work, Citizenship and Culture in a Global Context, Routledge.","DOI":"10.4324\/9781315692272"},{"key":"ref_72","doi-asserted-by":"crossref","first-page":"203","DOI":"10.1177\/0969776411399346","article-title":"Rural change and individual well-being: The case of Ireland and rural quality of life","volume":"18","author":"Brereton","year":"2011","journal-title":"Eur. Urban Reg. Stud."},{"key":"ref_73","doi-asserted-by":"crossref","unstructured":"Dillabough, J., and Kennelly, J. (2010). Lost Youth in the Global City: Class, Culture, and the Urban Imaginary, Routledge.","DOI":"10.4324\/9780203858332"},{"key":"ref_74","doi-asserted-by":"crossref","first-page":"426","DOI":"10.2307\/1319178","article-title":"Cities in a World Economy","volume":"23","author":"Smith","year":"1995","journal-title":"Teach. Sociol."},{"key":"ref_75","first-page":"2834","article-title":"\u2019A Country on Wheels\u2019: A Mobile Ethnography of Portuguese Lorry Drivers","volume":"46","year":"2014","journal-title":"Environ. Plan A Econ. Space"}],"container-title":["Sustainability"],"original-title":[],"language":"en","link":[{"URL":"https:\/\/www.mdpi.com\/2071-1050\/13\/16\/9432\/pdf","content-type":"unspecified","content-version":"vor","intended-application":"similarity-checking"}],"deposited":{"date-parts":[[2025,10,11]],"date-time":"2025-10-11T06:49:36Z","timestamp":1760165376000},"score":1,"resource":{"primary":{"URL":"https:\/\/www.mdpi.com\/2071-1050\/13\/16\/9432"}},"subtitle":[],"short-title":[],"issued":{"date-parts":[[2021,8,23]]},"references-count":75,"journal-issue":{"issue":"16","published-online":{"date-parts":[[2021,8]]}},"alternative-id":["su13169432"],"URL":"https:\/\/doi.org\/10.3390\/su13169432","relation":{},"ISSN":["2071-1050"],"issn-type":[{"value":"2071-1050","type":"electronic"}],"subject":[],"published":{"date-parts":[[2021,8,23]]}}}