{"status":"ok","message-type":"work","message-version":"1.0.0","message":{"indexed":{"date-parts":[[2026,4,29]],"date-time":"2026-04-29T23:02:58Z","timestamp":1777503778215,"version":"3.51.4"},"reference-count":37,"publisher":"MDPI AG","issue":"20","license":[{"start":{"date-parts":[[2023,10,12]],"date-time":"2023-10-12T00:00:00Z","timestamp":1697068800000},"content-version":"vor","delay-in-days":0,"URL":"https:\/\/creativecommons.org\/licenses\/by\/4.0\/"}],"funder":[{"name":"Erasmus+ program of the European Union","award":["2019-1-EL01-KA203-062941"],"award-info":[{"award-number":["2019-1-EL01-KA203-062941"]}]},{"name":"Erasmus+ program of the European Union","award":["UID\/AMB\/04085\/2019"],"award-info":[{"award-number":["UID\/AMB\/04085\/2019"]}]},{"name":"Erasmus+ program of the European Union","award":["UIDB\/04058\/2020"],"award-info":[{"award-number":["UIDB\/04058\/2020"]}]},{"name":"Erasmus+ program of the European Union","award":["UIDP\/04058\/2020"],"award-info":[{"award-number":["UIDP\/04058\/2020"]}]},{"name":"Erasmus+ program of the European Union","award":["UIDP\/50017\/2020"],"award-info":[{"award-number":["UIDP\/50017\/2020"]}]},{"name":"Erasmus+ program of the European Union","award":["UIDB\/50017\/2020"],"award-info":[{"award-number":["UIDB\/50017\/2020"]}]},{"name":"Erasmus+ program of the European Union","award":["UIDP\/50017\/2020"],"award-info":[{"award-number":["UIDP\/50017\/2020"]}]},{"name":"Erasmus+ program of the European Union","award":["UID\/BIA\/04004\/2020"],"award-info":[{"award-number":["UID\/BIA\/04004\/2020"]}]},{"name":"Funda\u00e7\u00e3o para a Ci\u00eancia e Tecnologia, IP, Portugal: CENSE","award":["2019-1-EL01-KA203-062941"],"award-info":[{"award-number":["2019-1-EL01-KA203-062941"]}]},{"name":"Funda\u00e7\u00e3o para a Ci\u00eancia e Tecnologia, IP, Portugal: CENSE","award":["UID\/AMB\/04085\/2019"],"award-info":[{"award-number":["UID\/AMB\/04085\/2019"]}]},{"name":"Funda\u00e7\u00e3o para a Ci\u00eancia e Tecnologia, IP, Portugal: CENSE","award":["UIDB\/04058\/2020"],"award-info":[{"award-number":["UIDB\/04058\/2020"]}]},{"name":"Funda\u00e7\u00e3o para a Ci\u00eancia e Tecnologia, IP, Portugal: CENSE","award":["UIDP\/04058\/2020"],"award-info":[{"award-number":["UIDP\/04058\/2020"]}]},{"name":"Funda\u00e7\u00e3o para a Ci\u00eancia e Tecnologia, IP, Portugal: CENSE","award":["UIDP\/50017\/2020"],"award-info":[{"award-number":["UIDP\/50017\/2020"]}]},{"name":"Funda\u00e7\u00e3o para a Ci\u00eancia e Tecnologia, IP, Portugal: CENSE","award":["UIDB\/50017\/2020"],"award-info":[{"award-number":["UIDB\/50017\/2020"]}]},{"name":"Funda\u00e7\u00e3o para a Ci\u00eancia e Tecnologia, IP, Portugal: CENSE","award":["UIDP\/50017\/2020"],"award-info":[{"award-number":["UIDP\/50017\/2020"]}]},{"name":"Funda\u00e7\u00e3o para a Ci\u00eancia e Tecnologia, IP, Portugal: CENSE","award":["UID\/BIA\/04004\/2020"],"award-info":[{"award-number":["UID\/BIA\/04004\/2020"]}]},{"name":"GOVCOPP","award":["2019-1-EL01-KA203-062941"],"award-info":[{"award-number":["2019-1-EL01-KA203-062941"]}]},{"name":"GOVCOPP","award":["UID\/AMB\/04085\/2019"],"award-info":[{"award-number":["UID\/AMB\/04085\/2019"]}]},{"name":"GOVCOPP","award":["UIDB\/04058\/2020"],"award-info":[{"award-number":["UIDB\/04058\/2020"]}]},{"name":"GOVCOPP","award":["UIDP\/04058\/2020"],"award-info":[{"award-number":["UIDP\/04058\/2020"]}]},{"name":"GOVCOPP","award":["UIDP\/50017\/2020"],"award-info":[{"award-number":["UIDP\/50017\/2020"]}]},{"name":"GOVCOPP","award":["UIDB\/50017\/2020"],"award-info":[{"award-number":["UIDB\/50017\/2020"]}]},{"name":"GOVCOPP","award":["UIDP\/50017\/2020"],"award-info":[{"award-number":["UIDP\/50017\/2020"]}]},{"name":"GOVCOPP","award":["UID\/BIA\/04004\/2020"],"award-info":[{"award-number":["UID\/BIA\/04004\/2020"]}]},{"name":"CESAM &amp; DEP","award":["2019-1-EL01-KA203-062941"],"award-info":[{"award-number":["2019-1-EL01-KA203-062941"]}]},{"name":"CESAM &amp; DEP","award":["UID\/AMB\/04085\/2019"],"award-info":[{"award-number":["UID\/AMB\/04085\/2019"]}]},{"name":"CESAM &amp; DEP","award":["UIDB\/04058\/2020"],"award-info":[{"award-number":["UIDB\/04058\/2020"]}]},{"name":"CESAM &amp; DEP","award":["UIDP\/04058\/2020"],"award-info":[{"award-number":["UIDP\/04058\/2020"]}]},{"name":"CESAM &amp; DEP","award":["UIDP\/50017\/2020"],"award-info":[{"award-number":["UIDP\/50017\/2020"]}]},{"name":"CESAM &amp; DEP","award":["UIDB\/50017\/2020"],"award-info":[{"award-number":["UIDB\/50017\/2020"]}]},{"name":"CESAM &amp; DEP","award":["UIDP\/50017\/2020"],"award-info":[{"award-number":["UIDP\/50017\/2020"]}]},{"name":"CESAM &amp; DEP","award":["UID\/BIA\/04004\/2020"],"award-info":[{"award-number":["UID\/BIA\/04004\/2020"]}]},{"name":"CFE","award":["2019-1-EL01-KA203-062941"],"award-info":[{"award-number":["2019-1-EL01-KA203-062941"]}]},{"name":"CFE","award":["UID\/AMB\/04085\/2019"],"award-info":[{"award-number":["UID\/AMB\/04085\/2019"]}]},{"name":"CFE","award":["UIDB\/04058\/2020"],"award-info":[{"award-number":["UIDB\/04058\/2020"]}]},{"name":"CFE","award":["UIDP\/04058\/2020"],"award-info":[{"award-number":["UIDP\/04058\/2020"]}]},{"name":"CFE","award":["UIDP\/50017\/2020"],"award-info":[{"award-number":["UIDP\/50017\/2020"]}]},{"name":"CFE","award":["UIDB\/50017\/2020"],"award-info":[{"award-number":["UIDB\/50017\/2020"]}]},{"name":"CFE","award":["UIDP\/50017\/2020"],"award-info":[{"award-number":["UIDP\/50017\/2020"]}]},{"name":"CFE","award":["UID\/BIA\/04004\/2020"],"award-info":[{"award-number":["UID\/BIA\/04004\/2020"]}]}],"content-domain":{"domain":[],"crossmark-restriction":false},"short-container-title":["Sustainability"],"abstract":"<jats:p>Sustainability within higher education institutions (HEIs) is a well-established topic in the literature. Many fields of education for sustainable development have been explored, mainly focused on HEI students, as well as on academic staff. The technical, administrative, and management staff, referred to as non-academic staff has not received as much attention as the remaining HEI community, which leaves a gap in the successful implementation of sustainability practices and policies, as they play a vital and central role in the HEIs\u2019 everyday functioning. Hence, the EUSTEPs project launched two sustainability training courses dedicated exclusively to this segment of the university community, aiming to increase their knowledge on facts and tools for the best sustainability transition. The first short-term online training, organized by the University of Aveiro and Universidade Aberta, Portugal, was run in May 2021. The training targeted 27 non-academic staff from different sectors. The second online training course was implemented one year later and involved 17 elements from the previous training. The results showed very high levels of overall satisfaction and full achievement of the participants\u2019 expectations in sustainability issues. The non-academic staff learned and discussed the human\u2013environment relationship, tracked and discussed their personal ecological footprint in the workspace, actively participated on how to run the university ecological footprint calculator, developed within the EUSTEPs project, and felt mobilized to implement actions to reduce their university\u2019s environmental impacts (as well as in their general daily activities). Similar training programs can be used to empower non-academic staff for the implementation of sustainability in other higher education institutions, hence contributing to a successful integrated sustainability approach for the whole school.<\/jats:p>","DOI":"10.3390\/su152014818","type":"journal-article","created":{"date-parts":[[2023,10,12]],"date-time":"2023-10-12T12:46:13Z","timestamp":1697114773000},"page":"14818","update-policy":"https:\/\/doi.org\/10.3390\/mdpi_crossmark_policy","source":"Crossref","is-referenced-by-count":10,"title":["Empowering Non-Academic Staff for the Implementation of Sustainability in Higher Education Institutions"],"prefix":"10.3390","volume":"15","author":[{"ORCID":"https:\/\/orcid.org\/0000-0001-5940-5131","authenticated-orcid":false,"given":"Paula","family":"Bacelar-Nicolau","sequence":"first","affiliation":[{"name":"Centro de Estudos Globais, Departamento de Ci\u00eancia e Tecnologia, Universidade Aberta, 1269-001 Lisboa, Portugal"},{"name":"CFE-Centre for Functional Ecology, Universidade de Coimbra, 3040-256 Coimbra, Portugal"}]},{"given":"Mahsa","family":"Mapar","sequence":"additional","affiliation":[{"name":"Centro de Estudos Globais, Departamento de Ci\u00eancia e Tecnologia, Universidade Aberta, 1269-001 Lisboa, Portugal"},{"name":"CENSE-Center for Environmental and Sustainability Research & CHANGE\u2014Global Change and Sustainability Institute, NOVA School of Science and Technology, NOVA University Lisbon, Caparica, 1099-085 Lisboa, Portugal"}]},{"ORCID":"https:\/\/orcid.org\/0000-0002-6079-3554","authenticated-orcid":false,"given":"Sandra","family":"Caeiro","sequence":"additional","affiliation":[{"name":"Centro de Estudos Globais, Departamento de Ci\u00eancia e Tecnologia, Universidade Aberta, 1269-001 Lisboa, Portugal"},{"name":"CENSE-Center for Environmental and Sustainability Research & CHANGE\u2014Global Change and Sustainability Institute, NOVA School of Science and Technology, NOVA University Lisbon, Caparica, 1099-085 Lisboa, Portugal"}]},{"given":"Sara","family":"Moreno Pires","sequence":"additional","affiliation":[{"name":"GOVCOPP-Research Unit on Governance, Competitiveness and Public Policies, Department of Social, Political and Territorial Sciences, University of Aveiro, 3810-193 Aveiro, Portugal"}]},{"given":"Mariana","family":"Nicolau","sequence":"additional","affiliation":[{"name":"GOVCOPP-Research Unit on Governance, Competitiveness and Public Policies, Department of Social, Political and Territorial Sciences, University of Aveiro, 3810-193 Aveiro, Portugal"}]},{"given":"Catarina","family":"Madeira","sequence":"additional","affiliation":[{"name":"GOVCOPP-Research Unit on Governance, Competitiveness and Public Policies, Department of Social, Political and Territorial Sciences, University of Aveiro, 3810-193 Aveiro, Portugal"}]},{"ORCID":"https:\/\/orcid.org\/0000-0002-6695-8479","authenticated-orcid":false,"given":"Marta","family":"Ferreira Dias","sequence":"additional","affiliation":[{"name":"GOVCOPP-Research Unit on Governance, Competitiveness and Public Policies, Department of Economics, Management and Industrial Engineering and Tourism, University of Aveiro, 3810-193 Aveiro, Portugal"}]},{"given":"Ana Paula","family":"Gomes","sequence":"additional","affiliation":[{"name":"CESAM-Centre for Environmental and Marine Studies, Department of Environment and Planning, University of Aveiro, 3810-193 Aveiro, Portugal"}]},{"ORCID":"https:\/\/orcid.org\/0000-0002-7624-1279","authenticated-orcid":false,"given":"Myriam","family":"Lopes","sequence":"additional","affiliation":[{"name":"CESAM-Centre for Environmental and Marine Studies, Department of Environment and Planning, University of Aveiro, 3810-193 Aveiro, Portugal"}]},{"given":"Helena","family":"Nadais","sequence":"additional","affiliation":[{"name":"CESAM-Centre for Environmental and Marine Studies, Department of Environment and Planning, University of Aveiro, 3810-193 Aveiro, Portugal"}]},{"ORCID":"https:\/\/orcid.org\/0000-0002-1206-6336","authenticated-orcid":false,"given":"Georgios","family":"Malandrakis","sequence":"additional","affiliation":[{"name":"Department of Education, Aristotle University of Thessaloniki, 541 24 Thessaloniki, Greece"}]}],"member":"1968","published-online":{"date-parts":[[2023,10,12]]},"reference":[{"key":"ref_1","unstructured":"UNESCO (2023, June 22). Shaping the Future We Want\u2014UN Decade of Education for Sustainable Development (2005\u20132014) Final Report Summary. Available online: http:\/\/unesdoc.unesco.org\/images\/0023\/002301\/230171e.pdf."},{"key":"ref_2","doi-asserted-by":"crossref","unstructured":"Akins, E., Giddens, E., Glassmeyer, D., Gruss, A., Hedden, M.K., Slinger-Friedman, V., and Weand, M. (2019). Sustainability Education and Organizational Change: A Critical Case Study of Barriers and Change Drivers at a Higher Education Institution. Sustainability, 11.","DOI":"10.3390\/su11020501"},{"key":"ref_3","first-page":"639793","article-title":"Teaching Sustainability within the context of everyday life: Steps toward achieving the Sustainable Development Goals through the EUSTEPs module","volume":"7","author":"Mapar","year":"2023","journal-title":"Front. Educ."},{"key":"ref_4","unstructured":"Moreno Pires, S., Nicolau, M., Mapar, M., Ferreira Dias, M., Horta, D., Bacelar Nicolau, P., Caeiro, S., Patrizi, N., Pulselli, F.M., and Galli, A. (2020). How to Integrate Sustainability Teaching and Learning in Higher Education Institutions? From Context to Action for Transformation towards SDGs Implementation: A Literature Review, UA Editora."},{"key":"ref_5","doi-asserted-by":"crossref","first-page":"1267","DOI":"10.1016\/j.jclepro.2019.05.202","article-title":"Sustainability and procurement practices in higher education institutions: Barriers and drivers","volume":"231","author":"Skouloudis","year":"2019","journal-title":"J. Clean. Prod."},{"key":"ref_6","doi-asserted-by":"crossref","first-page":"10","DOI":"10.1016\/j.jclepro.2011.10.006","article-title":"Declarations for sustainability in higher education: Becoming better leaders, through addressing the university system","volume":"48","author":"Lozano","year":"2013","journal-title":"J. Clean. Prod."},{"key":"ref_7","doi-asserted-by":"crossref","first-page":"4367","DOI":"10.1016\/j.jclepro.2017.05.050","article-title":"Towards integrated sustainability in higher education\u2014Mapping the use of the Accelerator toolset in all dimensions of university practice","volume":"172","author":"AtKisson","year":"2018","journal-title":"J. Clean. Prod."},{"key":"ref_8","doi-asserted-by":"crossref","first-page":"520","DOI":"10.1108\/IJSHE-05-2015-0102","article-title":"Greening the campus intentions: A study of the University of the Aegean non-academic staff","volume":"18","author":"Bellou","year":"2017","journal-title":"Int. J. Sustain. High. Educ."},{"key":"ref_9","doi-asserted-by":"crossref","first-page":"1621","DOI":"10.1007\/s11625-018-0628-4","article-title":"Higher education for sustainable development: Actioning the global goals in policy, curriculum and practice","volume":"14","author":"Saito","year":"2019","journal-title":"Sustain. Sci."},{"key":"ref_10","doi-asserted-by":"crossref","first-page":"6002","DOI":"10.1007\/s10668-020-00859-y","article-title":"Governance and sustainable development at higher education institutions","volume":"23","author":"Salvia","year":"2021","journal-title":"Environ. Dev. Sustain."},{"key":"ref_11","doi-asserted-by":"crossref","first-page":"299","DOI":"10.1108\/IJSHE-01-2023-0001","article-title":"Integration of sustainability in the curricula of public higher education institutions in Portugal: Do strategic plans and self-report align?","volume":"24","author":"Duarte","year":"2023","journal-title":"Int. J. Sustain. High. Educ."},{"key":"ref_12","doi-asserted-by":"crossref","unstructured":"Machado, C., and Davim, J.P. (2023). Higher Education for Sustainability\u2014The Portuguese Case, Springer.","DOI":"10.1007\/978-3-031-28793-0"},{"key":"ref_13","doi-asserted-by":"crossref","first-page":"1183","DOI":"10.1080\/03075079.2017.1421156","article-title":"Do non-academic professionals enhance universities\u2019 performance? Reputation vs. organisation","volume":"44","author":"Baltaru","year":"2019","journal-title":"Stud. High. Educ."},{"key":"ref_14","doi-asserted-by":"crossref","first-page":"338","DOI":"10.1108\/14676371111168269","article-title":"Achieving campus sustainability: Top-down, bottom-up, or neither?","volume":"12","author":"Brinkhurst","year":"2011","journal-title":"Int. J. Sustain. High. Educ."},{"key":"ref_15","doi-asserted-by":"crossref","first-page":"203","DOI":"10.1080\/713678142","article-title":"\u2018Them and Us\u2019\u2014General and Non-General Staff in Higher Education","volume":"22","author":"Dobson","year":"2000","journal-title":"J. High. Educ. Policy Manag."},{"key":"ref_16","unstructured":"OECD (2023). Assessing Quality in Postsecondary Education, OECD. Issue December."},{"key":"ref_17","doi-asserted-by":"crossref","first-page":"3280","DOI":"10.13189\/ujer.2020.080758","article-title":"Managing Professional Development Activities for Non-teaching Staff: For Professional Growth","volume":"8","author":"Antiado","year":"2020","journal-title":"Univers. J. Educ. Res."},{"key":"ref_18","doi-asserted-by":"crossref","first-page":"19","DOI":"10.1111\/j.1468-2419.2008.00313.x","article-title":"Employability enhancement through formal and informal learning: An empirical study among Dutch non-academic university staff members","volume":"13","author":"Boon","year":"2009","journal-title":"Int. J. Train. Dev."},{"key":"ref_19","doi-asserted-by":"crossref","first-page":"55","DOI":"10.1007\/s10734-022-00819-7","article-title":"Determinants of the incidence of non-academic staff in European and US HEIs","volume":"85","author":"Avenali","year":"2022","journal-title":"High. Educ."},{"key":"ref_20","doi-asserted-by":"crossref","first-page":"787","DOI":"10.1016\/j.jclepro.2005.12.010","article-title":"Incorporation and institutionalization of SD into universities: Breaking through barriers to change","volume":"14","author":"Lozano","year":"2006","journal-title":"J. Clean. Prod."},{"key":"ref_21","doi-asserted-by":"crossref","unstructured":"Scherak, L., and Rieckmann, M. (2020). Developing ESD Competences in Higher Education Institutions\u2014Staff Training at the University of Vechta. Sustainabilty, 12.","DOI":"10.3390\/su122410336"},{"key":"ref_22","doi-asserted-by":"crossref","first-page":"45","DOI":"10.1016\/j.jclepro.2014.10.015","article-title":"Implementation of sustainability in universities as perceived by faculty and staff\u2014A model from a Swedish university","volume":"106","author":"Sammalisto","year":"2015","journal-title":"J. Clean. Prod."},{"key":"ref_23","doi-asserted-by":"crossref","first-page":"533","DOI":"10.1108\/IJSHE-10-2015-0169","article-title":"Stakeholders\u2019 perception of sustainability orientation within a major Romanian University","volume":"18","author":"Dabija","year":"2017","journal-title":"Int. J. Sustain. High. Educ."},{"key":"ref_24","unstructured":"Mifsud, A. (2016). World Sustainability Series, Springer."},{"key":"ref_25","unstructured":"Galli, A. Global Footprint Network, Oakland, CA, USA. 2023, manuscript in preparation."},{"key":"ref_26","unstructured":"Malandrakis, G., Pulselli, F.M., Galli, A., Pires, S.M., Nicolau, P.B., Caeiro, S., Nicolau, M., Papadopoulou, A., Mapar, M., and Patrizi, N. (2023, June 22). EUSTEPs Educators Teaching Module: Sustainability Around Us: From Theory to Practice...and Back. ERASMUS+, KA203 2019\u20132022, Agreement No. 2019-1-ELO1-KA203-062941. Available online: http:\/\/hdl.handle.net\/10400.2\/13114."},{"key":"ref_27","doi-asserted-by":"crossref","first-page":"801","DOI":"10.1108\/IJSHE-07-2020-0262","article-title":"Towards effective e-learning on sustainability: A case study-course on participatory processes in environmental politics","volume":"22","author":"Perbandt","year":"2021","journal-title":"Int. J. Sustain. High. Educ."},{"key":"ref_28","doi-asserted-by":"crossref","first-page":"56","DOI":"10.1108\/ITSE-06-2019-0030","article-title":"Gamification in e-learning: A Moodle implementation and its effect on student engagement and performance","volume":"17","author":"Poondej","year":"2020","journal-title":"Interact. Technol. Smart Educ."},{"key":"ref_29","doi-asserted-by":"crossref","first-page":"100293","DOI":"10.1016\/j.edurev.2019.100293","article-title":"Webinars in higher education and professional training: A meta-analysis and systematic review of randomized controlled trials","volume":"28","author":"Gegenfurtner","year":"2019","journal-title":"Educ. Res. Rev."},{"key":"ref_30","doi-asserted-by":"crossref","first-page":"138","DOI":"10.1016\/j.ijme.2017.02.006","article-title":"Sulitest: A collaborative initiative to support and assess sustainability literacy in higher education","volume":"15","author":"Barbat","year":"2017","journal-title":"Int. J. Manag. Educ."},{"key":"ref_31","doi-asserted-by":"crossref","first-page":"711","DOI":"10.1007\/s11165-017-9643-1","article-title":"Development and Evaluation of a Three-Tier Diagnostic Test to Assess Undergraduate Primary Teachers\u2019 Understanding of Ecological Footprint","volume":"49","author":"Liampa","year":"2019","journal-title":"Res. Sci. Educ."},{"key":"ref_32","doi-asserted-by":"crossref","first-page":"14","DOI":"10.1186\/s40497-015-0033-8","article-title":"Sustainable manufacturing practices in Malaysian automotive industry: Confirmatory factor analysis","volume":"5","author":"Habidin","year":"2015","journal-title":"J. Glob. Entrep. Res."},{"key":"ref_33","doi-asserted-by":"crossref","first-page":"742","DOI":"10.1080\/13504622.2020.1736991","article-title":"Self-perceived action competence for sustainability: The theoretical grounding and empirical validation of a novel research instrument","volume":"26","author":"Olsson","year":"2020","journal-title":"Environ. Educ. Res."},{"key":"ref_34","doi-asserted-by":"crossref","first-page":"616","DOI":"10.1016\/j.jclepro.2018.07.244","article-title":"Sustainability policies and practices in public sector organisations: The case of the Portuguese Central Public Administration","volume":"202","author":"Figueira","year":"2018","journal-title":"J. Clean. Prod."},{"key":"ref_35","first-page":"15e22","article-title":"The critical role of higher education in creating a sustainable future","volume":"31","author":"Cortese","year":"2003","journal-title":"Plan. High. Educ."},{"key":"ref_36","unstructured":"SDSN (2020). Accelerating Education for the SDGs in Universities: A Guide for Universities, Colleges, and Tertiary and Higher Education Institutions, Sustainable Development Solutions Network (SDSN)."},{"key":"ref_37","doi-asserted-by":"crossref","unstructured":"Caeiro, S.S., Sandoval-Ham\u00f3n, L.A., Martins, R., and Bayas Aldaz, C.E. (2020). Sustainability Assessment and Benchmarking in Higher Education Institutions\u2014A Critical Reflection. Sustainability, 12.","DOI":"10.3390\/su12020543"}],"container-title":["Sustainability"],"original-title":[],"language":"en","link":[{"URL":"https:\/\/www.mdpi.com\/2071-1050\/15\/20\/14818\/pdf","content-type":"unspecified","content-version":"vor","intended-application":"similarity-checking"}],"deposited":{"date-parts":[[2025,10,10]],"date-time":"2025-10-10T21:05:50Z","timestamp":1760130350000},"score":1,"resource":{"primary":{"URL":"https:\/\/www.mdpi.com\/2071-1050\/15\/20\/14818"}},"subtitle":[],"short-title":[],"issued":{"date-parts":[[2023,10,12]]},"references-count":37,"journal-issue":{"issue":"20","published-online":{"date-parts":[[2023,10]]}},"alternative-id":["su152014818"],"URL":"https:\/\/doi.org\/10.3390\/su152014818","relation":{},"ISSN":["2071-1050"],"issn-type":[{"value":"2071-1050","type":"electronic"}],"subject":[],"published":{"date-parts":[[2023,10,12]]}}}