{"status":"ok","message-type":"work","message-version":"1.0.0","message":{"indexed":{"date-parts":[[2025,2,21]],"date-time":"2025-02-21T23:47:43Z","timestamp":1740181663749,"version":"3.37.3"},"reference-count":0,"publisher":"Programa de Pos-Graduacao em Letras Vernaculas - PPGLEV","issue":"1","license":[{"start":{"date-parts":[[2020,6,5]],"date-time":"2020-06-05T00:00:00Z","timestamp":1591315200000},"content-version":"unspecified","delay-in-days":0,"URL":"http:\/\/creativecommons.org\/licenses\/by-nc\/4.0"}],"content-domain":{"domain":[],"crossmark-restriction":false},"short-container-title":["Metamorfoses"],"abstract":"<jats:p>A import\u00e2ncia da extra\u00e7\u00e3o do volfr\u00e2mio durante a Segunda Guerra Mundial e as correspondentes consequ\u00eancias sociais e pol\u00edticas ter\u00e3o, como seria de esperar, reflexos na literatura da \u00e9poca e na imediatamente posterior. A corrente neorrealista aproveitou-se deste fen\u00f3meno e dos problemas econ\u00f3micos e sociais que ele levantou e explorou-o em algumas das obras que podemos considerar paradigm\u00e1ticas. Falamos dos contos Min\u00e9rio, de Miguel Torga (1941) e Ladr\u00e3o!, de Marmelo e Silva (1943), bem como dos romances Volfr\u00e2mio (1943), de Aquilino Ribeiro e Minas de San Francisco (1946), de Fernando Namora. Apesar de n\u00e3o os poderemos considerar romances (ou contos) hist\u00f3ricos, a verdade \u00e9 que eles retratam as condi\u00e7\u00f5es de vida das personagens e as mudan\u00e7as que advieram das novas circunst\u00e2ncias. Destacamos ainda um romance de 2008, de Miguel Miranda, intitulado O Rei do Volfr\u00e2mio \u2013 A \u00faltima viagem com todo o requinte. O tom ir\u00f3nico e caricatural da \u00faltima obra nada tem a ver com a problem\u00e1tica s\u00e9ria e empenhada dos textos dos anos 40. O contraste faz ressaltar a diferen\u00e7a entre o tratamento influenciado pela est\u00e9tica neorrealista e o aproveitamento sarc\u00e1stico e de cariz alternativo da Hist\u00f3ria em alguns dos romances contempor\u00e2neos.<\/jats:p>","DOI":"10.35520\/metamorfoses.2019.v16n1a27152","type":"journal-article","created":{"date-parts":[[2020,6,5]],"date-time":"2020-06-05T04:21:13Z","timestamp":1591330873000},"page":"122-136","source":"Crossref","is-referenced-by-count":0,"title":["O tema do volfr\u00e2mio e o neorrealismo"],"prefix":"10.35520","volume":"16","author":[{"ORCID":"https:\/\/orcid.org\/0000-0002-0680-0573","authenticated-orcid":false,"given":"Maria de F\u00e1tima","family":"Marinho","sequence":"first","affiliation":[]}],"member":"21115","published-online":{"date-parts":[[2020,6,5]]},"container-title":["Metamorfoses - Revista de Estudos Liter\u00e1rios Luso-Afro-Brasileiros"],"original-title":[],"link":[{"URL":"https:\/\/revistas.ufrj.br\/index.php\/metamorfoses\/article\/viewFile\/27152\/19592","content-type":"application\/pdf","content-version":"vor","intended-application":"text-mining"},{"URL":"https:\/\/revistas.ufrj.br\/index.php\/metamorfoses\/article\/viewFile\/27152\/19592","content-type":"unspecified","content-version":"vor","intended-application":"similarity-checking"}],"deposited":{"date-parts":[[2020,6,10]],"date-time":"2020-06-10T19:13:33Z","timestamp":1591816413000},"score":1,"resource":{"primary":{"URL":"https:\/\/revistas.ufrj.br\/index.php\/metamorfoses\/article\/view\/27152"}},"subtitle":[],"short-title":[],"issued":{"date-parts":[[2020,6,5]]},"references-count":0,"journal-issue":{"issue":"1","published-online":{"date-parts":[[2020,6,5]]}},"URL":"https:\/\/doi.org\/10.35520\/metamorfoses.2019.v16n1a27152","relation":{},"ISSN":["0875-019X"],"issn-type":[{"type":"print","value":"0875-019X"}],"subject":[],"published":{"date-parts":[[2020,6,5]]}}}