{"status":"ok","message-type":"work","message-version":"1.0.0","message":{"indexed":{"date-parts":[[2025,5,14]],"date-time":"2025-05-14T11:13:24Z","timestamp":1747221204672,"version":"3.40.5"},"reference-count":0,"publisher":"Revista Macambira","issue":"1","license":[{"start":{"date-parts":[[2023,5,2]],"date-time":"2023-05-02T00:00:00Z","timestamp":1682985600000},"content-version":"unspecified","delay-in-days":0,"URL":"https:\/\/creativecommons.org\/licenses\/by-nc-sa\/4.0"}],"content-domain":{"domain":[],"crossmark-restriction":false},"short-container-title":["RM"],"abstract":"<jats:p>Este artigo procura dissertar a respeito da relev\u00e2ncia do paradigma transformativo na contemporaneidade em estudos que englobam temas sociais. O seu objetivo geral \u00e9 clarificar a relev\u00e2ncia do paradigma transformativo nos estudos que envolvem temas sociais, principalmente nos que se referem \u00e0s rela\u00e7\u00f5es de poder e justi\u00e7a social. Os objetivos espec\u00edficos consistem em: 1. Apresentar a concep\u00e7\u00e3o te\u00f3rica do paradigma transformativo por meio dos estudos de Donna Mertens; 2. Verificar a rela\u00e7\u00e3o do paradigma transformativo com o pensamento de Paulo Freire no que se refere ao livro Pedagogia do Oprimido. A concep\u00e7\u00e3o \u00a0metodol\u00f3gica abra\u00e7ada ampara-se em revis\u00e3o te\u00f3rica de literatura. O desenho te\u00f3rico respalda-se na ideia de que em estudos voltados ao social o paradigma transformativo \u00e9 o mais apropriado na atualidade porque ele se refere \u00e0s rela\u00e7\u00f5es de justi\u00e7a e poder. Nas conclus\u00f5es \u00a0ser\u00e1 apresentada como proposta que este paradigma seja mais utilizado em pesquisas no Brasil e em Portugal. Entende-se que este artigo \u00e9 \u00a0cientificamente importante, pois pretender\u00e1 esclarecer que este paradigma na contemporaneidade poder\u00e1 ser uma ferramenta que contribuir\u00e1 para o \u00a0enrobustecimento das pesquisas que envolvem temas sociais at\u00e9 porque esse paradigma defende que a pesquisa deve estar relacionada \u00e0 pol\u00edtica, confrontando a opress\u00e3o social e sugerindo um plano de mudan\u00e7a.\nABSTRACT:\u00a0This article aims to discuss the relevance of transformative paradigm in contemporary studies which encompass social issues. Its overall objective is to clarify the relevance of transformative paradigm in studies that involve social issues, especially those ones that refer to power relations and social justice. The specific objectives are: 1. To present the theoretical conception of transformative paradigm based on Donna Mertens\u2019s studies; 2. To check the relation between the transformative paradigm and Paulo Freire's ideas on Pedagogy of the Oppressed. The methodology adopted is based on a theoretical review of literature. The theoretical outline is based on the conception that the transformative paradigm is currently the most appropriate one in studies focused on the social, because it refers to relations of justice and power. In the final considerations, this article proposes this paradigm hould be more used in research in Brazil and Portugal. This is considered to be a scientifically relevant work, as it will seek to demonstrate that this paradigm in contemporary times can be an instrument to strengthen research involving social issues, not least because this paradigm argues that research must be related to politics, confronting social oppression and suggesting a plan for change.\nKeywords: Transformative Paradigm, Pedagogy of the Oppressed, Social Themes in Contemporaneity, Social Justice and Power.\n<\/jats:p>","DOI":"10.35642\/rm.v7i1.847","type":"journal-article","created":{"date-parts":[[2023,5,3]],"date-time":"2023-05-03T08:00:57Z","timestamp":1683100857000},"page":"e071002","source":"Crossref","is-referenced-by-count":0,"title":["A relev\u00e2ncia do paradigma transformativo na contemporaneidade em estudos que envolvem temas sociais"],"prefix":"10.35642","volume":"7","author":[{"ORCID":"https:\/\/orcid.org\/0000-0002-4225-9868","authenticated-orcid":false,"given":"Nivia","family":"Barreto dos Anjos","sequence":"first","affiliation":[]},{"ORCID":"https:\/\/orcid.org\/0000-0001-5737-5397","authenticated-orcid":false,"given":"Maria In\u00eas","family":"Amaro","sequence":"additional","affiliation":[]}],"member":"21286","published-online":{"date-parts":[[2023,5,2]]},"container-title":["Revista Macambira"],"original-title":[],"link":[{"URL":"http:\/\/revista.lapprudes.net\/index.php\/RM\/article\/download\/847\/873","content-type":"application\/pdf","content-version":"vor","intended-application":"text-mining"},{"URL":"http:\/\/revista.lapprudes.net\/index.php\/RM\/article\/download\/847\/873","content-type":"unspecified","content-version":"vor","intended-application":"similarity-checking"}],"deposited":{"date-parts":[[2023,6,9]],"date-time":"2023-06-09T08:43:26Z","timestamp":1686300206000},"score":1,"resource":{"primary":{"URL":"http:\/\/revista.lapprudes.net\/index.php\/RM\/article\/view\/847"}},"subtitle":["The relevance of the transformative paradigm in contemporary studies involving social issues"],"short-title":[],"issued":{"date-parts":[[2023,5,2]]},"references-count":0,"journal-issue":{"issue":"1","published-online":{"date-parts":[[2023,3,21]]}},"URL":"https:\/\/doi.org\/10.35642\/rm.v7i1.847","relation":{},"ISSN":["2594-4754"],"issn-type":[{"type":"electronic","value":"2594-4754"}],"subject":[],"published":{"date-parts":[[2023,5,2]]}}}