{"status":"ok","message-type":"work","message-version":"1.0.0","message":{"indexed":{"date-parts":[[2026,3,9]],"date-time":"2026-03-09T14:53:20Z","timestamp":1773068000318,"version":"3.50.1"},"reference-count":38,"publisher":"OpenEdition","license":[{"start":{"date-parts":[[2024,1,1]],"date-time":"2024-01-01T00:00:00Z","timestamp":1704067200000},"content-version":"unspecified","delay-in-days":0,"URL":"https:\/\/creativecommons.org\/licenses\/by\/4.0\/"}],"content-domain":{"domain":[],"crossmark-restriction":false},"short-container-title":["rccs"],"published-print":{"date-parts":[[2024]]},"abstract":"<jats:p>Este artigo prop\u00f5e uma reflex\u00e3o sobre as tens\u00f5es e ambiguidades presentes na (re)constru\u00e7\u00e3o da mem\u00f3ria social e nas diferentes vis\u00f5es da hist\u00f3ria, em torno das quais se constroem futuros para o passado portugu\u00eas. Em particular, analis\u00e1mos as narrativas de 145 estudantes do ensino secund\u00e1rio em Portugal sobre a hist\u00f3ria do pa\u00eds. O 25 de Abril foi o principal marco hist\u00f3rico mencionado com refer\u00eancias ao fim do regime ditatorial, \u00e0 luta pela liberdade e pela igualdade de oportunidades. Por\u00e9m, n\u00e3o foram mencionadas as lutas pela liberta\u00e7\u00e3o nacional dos povos outrora colonizados. Emergiram tamb\u00e9m reafirma\u00e7\u00f5es do passado glorioso e expansionista dos \u201cDescobrimentos\u201d, mitos historiogr\u00e1ficos e invariantes culturais sobre o que significa \u201cser portugu\u00eas\u201d. Com isso, discute-se a import\u00e2ncia de uma educa\u00e7\u00e3o cr\u00edtica e da descoloniza\u00e7\u00e3o da hist\u00f3ria, para que futuros alternativos possam emergir dissociados de valores de domina\u00e7\u00e3o.<\/jats:p>","DOI":"10.4000\/11pr6","type":"journal-article","created":{"date-parts":[[2024,5,23]],"date-time":"2024-05-23T14:33:06Z","timestamp":1716474786000},"page":"97-120","source":"Crossref","is-referenced-by-count":1,"title":["\u201cA hist\u00f3ria do meu pa\u00eds\u201d: reflex\u00f5es sobre a mem\u00f3ria social e os futuros do passado nas narrativas de jovens portugueses"],"prefix":"10.4000","volume":"133","author":[{"given":"Luiza","family":"Lins","sequence":"first","affiliation":[]},{"given":"Julia Alves","family":"Brasil","sequence":"additional","affiliation":[]},{"ORCID":"https:\/\/orcid.org\/0000-0002-1491-3420","authenticated-orcid":false,"given":"Rosa","family":"Cabecinhas","sequence":"additional","affiliation":[]}],"member":"2399","reference":[{"key":"ref0","unstructured":"Alexandre, V. (1979). Origens do colonialismo portugu\u00eas moderno. S\u00e1 da Costa Editora."},{"key":"ref1","unstructured":"Alexandre, V. (1991). Portugal e a aboli\u00e7\u00e3o do tr\u00e1fico de escravos (1834-51). An\u00e1lise Social, 26(111), 293\u2013333. http:\/\/www.jstor.org\/stable\/41010855"},{"key":"ref2","doi-asserted-by":"publisher","DOI":"10.34913\/journals\/lingua-lugar.2020.e208"},{"key":"ref3","unstructured":"Cabecinhas, R. (2022). Outras histo\u0301rias. Ativismos mnemo\u0301nicos, ge\u0301nero e interseccionalidades. Cadernos de Comunicaci\u00f3n e X\u00e9nero CO(M)X\u00c9NERO, (2), 15\u201335."},{"key":"ref4","unstructured":"Cabecinhas, R. (2023). A mem\u00f3ria da na\u00e7\u00e3o na era planet\u00e1ria. Passados e futuros em debate. An\u00e1lise Social, 58(249), 766\u2013788."},{"key":"ref5","unstructured":"Cabecinhas, R., Balb\u00e9, A., Camanho, L., &amp; Cunha, L. (2022). Imagens e miragens do mundo lus\u00f3fono em manuais escolares de hist\u00f3ria portugueses: vis\u00f5es do passado, presente e futuro. In M. L. Martins, A. Balb\u00e9, I. M. Macedo (Eds.), Portugal e Mo\u00e7ambique \u2013 Travessias identit\u00e1rias e imagin\u00e1rios do passado e do presente (pp. 193\u2013220). H\u00famus."},{"key":"ref6","unstructured":"Cabecinhas, R., &amp; Brasil, J. A. (2019). Social representations of history in the Global South: remembering the colonial past from the margins. In S. Seidmann &amp; N. Pievi (Eds.), Identidades y conflictos sociales: aportes y desaf\u00edos de la investigaci\u00f3n sobre representaciones sociales (pp. 489\u2013518). Editorial de Belgrano."},{"key":"ref7","unstructured":"Cabecinhas, R., Lima, M. E. O., &amp; Chaves, A. M. (2006). Identidades nacionais e mem\u00f3ria social: hegemonia e pol\u00e9mica nas representa\u00e7\u00f5es sociais da hist\u00f3ria. In J. Miranda &amp; M. I. Jo\u00e3o (Eds.), Identidades Nacionais em Debate (pp. 67\u201392). Celta."},{"key":"ref8","unstructured":"Cardina, M. (2023). O atrito da mem\u00f3ria. Colonialismo, guerra e descoloniza\u00e7\u00e3o no Portugal contempor\u00e2neo. Tinta-da-China."},{"key":"ref9","unstructured":"Castelo, C. (1999). \u201cO Modo Portugu\u00eas de Estar no Mundo\u201d: O Luso-Tropicalismo e a Ideologia Colonial Portuguesa (1933-1961). Afrontamento."},{"key":"ref10","unstructured":"CICDR, SEIM, &amp; ACM. (2022). Relat\u00f3rio Anual 2022: Igualdade e n\u00e3o Discrimina\u00e7\u00e3o em Raz\u00e3o da Origem Racial e \u00c9tnica, Cor, Nacionalidade, Ascend\u00eancia e Territ\u00f3rio de Origem. Comiss\u00e3o para a Igualdade e contra a Discrimina\u00e7\u00e3o Racial. Consultado a 19 de janeiro 2024, em https:\/\/www.cicdr.pt\/documents\/57891\/0\/Relat%C3%B3rio+Anual+CICDR+2022.pdf\/589b161f-05d8-471f-bf12-f3857bfad171"},{"key":"ref11","unstructured":"Coelho, J. P. B. (2003). Da viol\u00eancia colonial ordenada \u00e0 ordem p\u00f3s-colonial violenta. Sobre um legado das guerras coloniais nas ex-col\u00f3nias portuguesas. Lusotopie, (10), 175\u2013193. http:\/\/www.lusotopie.sciencespobordeaux.fr\/borges2003.pdf"},{"key":"ref12","unstructured":"Cunha, L. (2001). A na\u00e7\u00e3o nas malhas da sua identidade: o Estado Novo e a constru\u00e7\u00e3o da identidade nacional. Afrontamento."},{"key":"ref13","doi-asserted-by":"publisher","DOI":"10.1177\/17506980211044696"},{"key":"ref14","unstructured":"Henriques, I. C. (2020). A Descoloniza\u00e7\u00e3o da Hist\u00f3ria: Portugal, a \u00c1frica e a desconstru\u00e7\u00e3o de mitos historiogr\u00e1ficos. Caleidosc\u00f3pio."},{"key":"ref15","doi-asserted-by":"crossref","unstructured":"Jer\u00f3nimo, M. B., &amp; Monteiro, J. P. (2020). The inventors of human rights in Africa: Portugal, Late Colonialism and the UN rights regime. In D. Moses, M. Duranti, &amp; R. Burke (Eds.), Decolonization, Self-Determination and the Rise (of Global Human Rights Politics (pp. 285\u2013315). Cambridge University Press.","DOI":"10.1017\/9781108783170.015"},{"key":"ref16","doi-asserted-by":"publisher","DOI":"10.15448\/1980-864X.2019.2.33814"},{"key":"ref17","doi-asserted-by":"publisher","DOI":"10.1348\/014466605X27162"},{"key":"ref18","doi-asserted-by":"publisher","DOI":"10.1177\/0022022109335557"},{"key":"ref19","unstructured":"Lusa. (2022, 20 de agosto). Cora\u00e7\u00e3o de D. Pedro vai estar pela primeira vez em exposi\u00e7\u00e3o antes de viajar para o Brasil. SIC Not\u00edcias. https:\/\/sicnoticias.pt\/cultura\/2022-08-20-Coracao-de-D.-Pedro-vai-estar-pela-primeira-vez-em-exposicao-antes-de-viajar-para-o-Brasil-6493cac9"},{"key":"ref20","unstructured":"Lusa. (2023, 7 de junho). Marcelo lembra Costa como aluno brilhante, activo na pol\u00edtica, mas estudava pouco. P\u00fablico. https:\/\/www.publico.pt\/2023\/06\/07\/politica\/noticia\/marcelo-lembra-costa-aluno-brilhante-activo-politica-estudava-2052601"},{"key":"ref21","doi-asserted-by":"publisher","DOI":"10.36704\/eef.v26i48.7145"},{"key":"ref22","unstructured":"Mbembe, A. (2015). Decolonizing Knowledge and the Question of the Archive [Palestra]. Platform for Experimental Collaborative Ethnography. https:\/\/worldpece.org\/content\/mbembe-achille-2015-\u201cdecolonizing-knowledge-and-question-archive\u201d-africa-country"},{"key":"ref23","doi-asserted-by":"publisher","DOI":"10.4000\/rccs.5867"},{"key":"ref24","doi-asserted-by":"publisher","DOI":"10.21747\/0871164X\/hist8a9"},{"key":"ref25","unstructured":"Quijano, A. (2005). Colonialidade do poder, eurocentrismo e Am\u00e9rica Latina. In E. Lander (Ed.), A colonialidade do saber: eurocentrismo e ci\u00eancias sociais. Perspectivas -latino-227-americanas (pp. 227\u2013278). CLACSO."},{"key":"ref26","doi-asserted-by":"publisher","DOI":"10.1177\/075910639002600103"},{"key":"ref27","unstructured":"Ribeiro, A. S., &amp; Ribeiro, M. C. (2016). Geometrias da mem\u00f3ria: configura\u00e7\u00f5es p\u00f3s-coloniais. Afrontamento."},{"key":"ref28","doi-asserted-by":"crossref","unstructured":"Saint-Laurent, C. (2018). Thinking through time: from collective memories to collective futures. In C. Saint-Laurent, S. Obradovi\u0107, &amp; K. R. Carriere (Eds.), Imagining collective futures: Perspectives from social, cultural and political psychology (pp. 59\u201381). Springer.","DOI":"10.1007\/978-3-319-76051-3_4"},{"key":"ref29","doi-asserted-by":"publisher","DOI":"10.17575\/rpsicol.v17i2.448"},{"key":"ref30","unstructured":"S\u00e1, V. (1975). A hist\u00f3ria em discuss\u00e3o. Publica\u00e7\u00f5es Dom Quixote."},{"key":"ref31","doi-asserted-by":"publisher","DOI":"10.17575\/rpsicol.v17i2.451"},{"key":"ref32","unstructured":"Sobral, J. M. (2020). O que significa ser portugu\u00eas? Algumas considera\u00e7\u00f5es a t\u00edtulo de resposta. In T. P. Beleza, C. N. da Silva, A. R. Gil, E. Oliveira (Eds.), Olhares sobre as Migra\u00e7\u00f5es, as Cidadanias e os Direitos Humanos na hist\u00f3ria e no s\u00e9culo xxi (pp. 171\u2013182). Petrony."},{"key":"ref33","unstructured":"Sousa, Y. S. O., Gondim, S. M. G., Carias, I. A., Batista, J. S., &amp; Machado, K. C. M. de. (2020). O uso do software Iramuteq na an\u00e1lise de dados de entrevistas. Revista Pesquisas e Pr\u00e1ticas Psicossociais, 15(2), 1\u201319. http:\/\/pepsic.bvsalud.org\/scielo.php?script=sci_arttext&amp;pid=S1809-89082020000200015"},{"key":"ref34","doi-asserted-by":"publisher","DOI":"10.62791\/81dxnh79"},{"key":"ref35","doi-asserted-by":"publisher","DOI":"10.1016\/j.ijintrel.2017.04.013"},{"key":"ref36","unstructured":"Valentim, J. P., &amp; Miguel, I. (2018). Colonialism in Portuguese History textbooks: A diachronic psychosocial study. In K. van Nieuwenhuyse &amp; J. P. Valentim (Eds.), The colonial past in history textbooks. Historical and social psychological perspectives (pp. 133\u2013154). Information Age Publishing."},{"key":"ref37","doi-asserted-by":"publisher","DOI":"10.1353\/sor.2008.0051"}],"container-title":["Revista Cr\u00edtica de Ci\u00eancias Sociais"],"original-title":[],"deposited":{"date-parts":[[2026,3,9]],"date-time":"2026-03-09T10:18:10Z","timestamp":1773051490000},"score":1,"resource":{"primary":{"URL":"https:\/\/journals.openedition.org\/rccs\/15585"}},"subtitle":[],"short-title":[],"issued":{"date-parts":[[2024]]},"references-count":38,"issue-title":["Nas margens do 25 de Abril: os futuros do passado"],"URL":"https:\/\/doi.org\/10.4000\/11pr6","relation":{},"ISSN":["0254-1106","2182-7435"],"issn-type":[{"value":"0254-1106","type":"print"},{"value":"2182-7435","type":"electronic"}],"subject":[],"published":{"date-parts":[[2024]]}}}