{"status":"ok","message-type":"work","message-version":"1.0.0","message":{"indexed":{"date-parts":[[2026,3,9]],"date-time":"2026-03-09T14:53:57Z","timestamp":1773068037535,"version":"3.50.1"},"reference-count":0,"publisher":"OpenEdition","license":[{"start":{"date-parts":[[2023,1,1]],"date-time":"2023-01-01T00:00:00Z","timestamp":1672531200000},"content-version":"unspecified","delay-in-days":0,"URL":"https:\/\/creativecommons.org\/licenses\/by\/4.0\/"}],"content-domain":{"domain":[],"crossmark-restriction":false},"short-container-title":["rccs"],"published-print":{"date-parts":[[2023]]},"DOI":"10.4000\/rccs.14815","type":"journal-article","created":{"date-parts":[[2023,10,12]],"date-time":"2023-10-12T02:23:44Z","timestamp":1697077424000},"page":"145-146","source":"Crossref","is-referenced-by-count":0,"title":["Carmo, Andr\u00e9 (coord.) (2023), Sindicalismo no Ensino Superior e na Investiga\u00e7\u00e3o \u2013 Jo\u00e3o Cunha Serra uma vida em luta"],"prefix":"10.4000","volume":"131","author":[{"ORCID":"https:\/\/orcid.org\/0000-0002-7342-8695","authenticated-orcid":false,"given":"Raquel","family":"Rego","sequence":"first","affiliation":[]}],"member":"2399","container-title":["Revista Cr\u00edtica de Ci\u00eancias Sociais"],"original-title":[],"deposited":{"date-parts":[[2026,3,9]],"date-time":"2026-03-09T10:18:21Z","timestamp":1773051501000},"score":1,"resource":{"primary":{"URL":"https:\/\/journals.openedition.org\/rccs\/14815"}},"subtitle":[],"short-title":[],"issued":{"date-parts":[[2023]]},"references-count":0,"issue-title":["N\u00famero n\u00e3o tem\u00e1tico"],"URL":"https:\/\/doi.org\/10.4000\/rccs.14815","relation":{},"ISSN":["0254-1106","2182-7435"],"issn-type":[{"value":"0254-1106","type":"print"},{"value":"2182-7435","type":"electronic"}],"subject":[],"published":{"date-parts":[[2023]]}}}