{"status":"ok","message-type":"work","message-version":"1.0.0","message":{"indexed":{"date-parts":[[2026,3,9]],"date-time":"2026-03-09T14:51:56Z","timestamp":1773067916581,"version":"3.50.1"},"reference-count":11,"publisher":"OpenEdition","license":[{"start":{"date-parts":[[2014,1,1]],"date-time":"2014-01-01T00:00:00Z","timestamp":1388534400000},"content-version":"unspecified","delay-in-days":0,"URL":"https:\/\/creativecommons.org\/licenses\/by\/4.0\/"}],"content-domain":{"domain":[],"crossmark-restriction":false},"short-container-title":["rccs"],"published-print":{"date-parts":[[2014]]},"DOI":"10.4000\/rccs.5519","type":"journal-article","created":{"date-parts":[[2020,9,20]],"date-time":"2020-09-20T15:16:07Z","timestamp":1600614967000},"page":"3-8","source":"Crossref","is-referenced-by-count":1,"title":["Trabalho, precariedade e rebeli\u00f5es sociais"],"prefix":"10.4000","volume":"103","author":[{"given":"El\u00edsio","family":"Estanque","sequence":"first","affiliation":[]},{"ORCID":"https:\/\/orcid.org\/0000-0001-7873-4440","authenticated-orcid":false,"given":"Hermes Augusto","family":"Costa","sequence":"additional","affiliation":[]}],"member":"2399","reference":[{"key":"ref0","unstructured":"Antunes, Ricardo (2013), Os sentidos do trabalho: ensaio sobre a afirma\u00e7\u00e3o e a nega\u00e7\u00e3o do trabalho. Coimbra: Almedina\/CES."},{"key":"ref1","unstructured":"Castel, Robert (1998), As metamorfoses da quest\u00e3o social. Petr\u00f3polis: Editora Vozes."},{"key":"ref2","unstructured":"Costa, Hermes Augusto (2008), Sindicalismo global ou met\u00e1fora adiada? Discursos e pr\u00e1ticas transnacionais da CGTP e da CUT. Porto: Afrontamento."},{"key":"ref3","doi-asserted-by":"crossref","unstructured":"Costa, Hermes Augusto (2012), \u201cFrom Europe as a Model to Europe as Austerity: The impact of the crisis on Portuguese trade unions\u201d, Transfer \u2013 European Review of Labour and Research, 18 (4), 397\u2011410.","DOI":"10.1177\/1024258912458866"},{"key":"ref4","unstructured":"Estanque, El\u00edsio; Costa, Hermes Augusto (2012a), \u201cLabour Relations and Social Movements\u201d, in Denis Erasga (org.), Sociological Landscapes: Theories, Realities and Trends (ISBN 978\u2011953\u201151\u20110460\u20115). Rijeka\/Croacia: INTECH\/ Open Acess Publishing, 257\u2011282. Dispon\u00edvel em http:\/\/www.intechopen.com\/articles\/show\/title\/labour-relations-and-social-movements."},{"key":"ref5","unstructured":"Estanque, El\u00edsio; Costa, Hermes Augusto (2012b), \u201cTrabalho, precariedade e movimentos sociolaborais\u201d, in S. F. Casaca (org.), Mudan\u00e7as laborais e rela\u00e7\u00f5es de g\u00e9nero: novos vetores de (des)igualdade. Lisboa\/Coimbra: Almedina, 165\u00ad\u2011203."},{"key":"ref6","unstructured":"Estanque, El\u00edsio; Costa, Hermes Augusto (2013), \u201cO sindicalismo europeu no centro do vulc\u00e3o: desafios e amea\u00e7as\u201d, Janus\u2011Anu\u00e1rio de Rela\u00e7\u00f5es Exteriores, 16, 176\u00ad\u2011177."},{"key":"ref7","unstructured":"Estanque, El\u00edsio; Costa, Hermes Augusto; Soeiro, Jos\u00e9 (2013), \u201cThe New Global Cycle of Protest and the Portuguese Case\u201d, Journal of Social Science Education, 12 (1), 31\u201140."},{"key":"ref8","unstructured":"Leite, Jorge; Costa, Hermes Augusto; Silva, Manuel Carvalho da; Almeida, Jo\u00e3o Ramos (2013), \u201cAusteridade, reformas laborais e desvaloriza\u00e7\u00e3o do trabalho\u201d, in Observat\u00f3rio sobre Crises e Alternativas (org.), A anatomia da crise: identificar os problemas para construir alternativas (1.\u00ba relat\u00f3rio\/preliminar). Coimbra\/Lisboa: Observat\u00f3rio sobre Crises e Alternativas, 108\u2011160."},{"key":"ref9","unstructured":"Santos, Boaventura de Sousa (1998), Reinventar a Democracia. Lisboa: Gradiva."},{"key":"ref10","doi-asserted-by":"publisher","DOI":"10.1590\/S1517-45222003000100009"}],"container-title":["Revista Cr\u00edtica de Ci\u00eancias Sociais"],"original-title":[],"deposited":{"date-parts":[[2026,3,9]],"date-time":"2026-03-09T10:17:55Z","timestamp":1773051475000},"score":1,"resource":{"primary":{"URL":"https:\/\/journals.openedition.org\/rccs\/5519"}},"subtitle":[],"short-title":[],"issued":{"date-parts":[[2014]]},"references-count":11,"issue-title":["Trabalho, precariedade e rebeli\u00f5es sociais"],"URL":"https:\/\/doi.org\/10.4000\/rccs.5519","relation":{},"ISSN":["0254-1106","2182-7435"],"issn-type":[{"value":"0254-1106","type":"print"},{"value":"2182-7435","type":"electronic"}],"subject":[],"published":{"date-parts":[[2014]]}}}