{"status":"ok","message-type":"work","message-version":"1.0.0","message":{"indexed":{"date-parts":[[2026,3,9]],"date-time":"2026-03-09T14:52:24Z","timestamp":1773067944896,"version":"3.50.1"},"reference-count":81,"publisher":"OpenEdition","license":[{"start":{"date-parts":[[2018,1,1]],"date-time":"2018-01-01T00:00:00Z","timestamp":1514764800000},"content-version":"unspecified","delay-in-days":0,"URL":"https:\/\/creativecommons.org\/licenses\/by\/4.0\/"}],"content-domain":{"domain":[],"crossmark-restriction":false},"short-container-title":["rccs"],"published-print":{"date-parts":[[2018]]},"abstract":"<jats:p>Assumindo que os estudos nacionais e internacionais em torno do trabalho, das desigualdades e das classes podem ser analisados de uma forma articulada, procede-se neste texto a uma revis\u00e3o sistematizada de algumas tradi\u00e7\u00f5es te\u00f3ricas suscitadas nesses dom\u00ednios, em conjuga\u00e7\u00e3o com estudos mais recentes sobre a sociedade portuguesa. Sem deixar de aludir a alguns enquadramentos normativos que enformam o contexto laboral em Portugal, este artigo procura conjugar a reflex\u00e3o sociol\u00f3gica mais geral com algumas linhas de investiga\u00e7\u00e3o \u2013 nas quais, por sinal, a precariedade parece omnipresente \u2013, com destaque para as desenvolvidas no \u00e2mbito do programa de Doutoramento em Rela\u00e7\u00f5es de Trabalho, Desigualdades Sociais e Sindicalismo que os autores coordenam a partir do Centro de Estudos Sociais e da Faculdade de Economia da Universidade de Coimbra.<\/jats:p>","DOI":"10.4000\/rccs.7947","type":"journal-article","created":{"date-parts":[[2018,11,6]],"date-time":"2018-11-06T12:45:51Z","timestamp":1541508351000},"page":"261-290","source":"Crossref","is-referenced-by-count":1,"title":["Trabalho e desigualdades no s\u00e9culo XXI: velhas e novas linhas de an\u00e1lise"],"prefix":"10.4000","volume":"N\u00famero especial","author":[{"given":"El\u00edsio","family":"Estanque","sequence":"first","affiliation":[]},{"ORCID":"https:\/\/orcid.org\/0000-0001-7873-4440","authenticated-orcid":false,"given":"Hermes Augusto","family":"Costa","sequence":"additional","affiliation":[]}],"member":"2399","reference":[{"key":"ref0","unstructured":"Almeida, Joana (2017), \u201cPr\u00e1ticas sociais face ao desemprego: um estudo sobre a cria\u00e7\u00e3o do pr\u00f3prio emprego\u201d. Tese de Doutoramento em Sociologia \u2013 Rela\u00e7\u00f5es de Trabalho, Desigualdades Sociais e Sindicalismo apresentada na Faculdade de Economia da Universidade de Coimbra, Coimbra, Portugal."},{"key":"ref1","unstructured":"Almeida, Jo\u00e3o Ferreira de (1984), \u201cTemas e conceitos nas teorias da estratifica\u00e7\u00e3o social\u201d, An\u00e1lise Social, XX(81\/82), 167-190."},{"key":"ref2","unstructured":"Almeida, Jo\u00e3o Ramos (2017), \u201cNovo emprego. Que emprego?\u201d, Bar\u00f3metro das crises, 16, 1-14."},{"key":"ref3","unstructured":"Almeida, Jo\u00e3o Ramos; Silva, Manuel Carvalho; Ferreira, Ant\u00f3nio Casimiro; Costa, Hermes Augusto (2017), \u201cA concerta\u00e7\u00e3o social em tempo de crise\u201d, in Manuel Carvalho da Silva; Pedro Hespanha; Jos\u00e9 Castro Caldas (orgs.), Trabalho e pol\u00edticas de emprego: um retrocesso evit\u00e1vel. Lisboa: Actual Editora, 301-361."},{"key":"ref4","unstructured":"Barbosa, Rog\u00e9rio Lima (2017), \u201cNingu\u00e9m nasce doente, torna-se doente! Itiner\u00e1rios de diagn\u00f3stico e itiner\u00e1rios terap\u00eauticos no caso da Neurofibromatose\u201d. Tese de Doutoramento em Sociologia \u2013 Rela\u00e7\u00f5es de Trabalho, Desigualdades Sociais e Sindicalismo apresentada na Faculdade de Economia da Universidade de Coimbra, Coimbra, Portugal."},{"key":"ref5","doi-asserted-by":"publisher","DOI":"10.4000\/rccs.5532"},{"key":"ref6","unstructured":"Braverman, Harry (1977), Trabalho e capital monopolista: a degrada\u00e7\u00e3o do trabalho no s\u00e9culo xx. Rio de Janeiro: Zahar."},{"key":"ref7","doi-asserted-by":"publisher","DOI":"10.4000\/rccs.5569"},{"key":"ref8","unstructured":"Carmo, Renato; Matias, Rita (2016), \u201cA situa\u00e7\u00e3o contratual dos jovens em Portugal e na Europa\u201d, Observat\u00f3rio das Desigualdades \u2013 CIES\/ ISCTE-IUL, 20 de dezembro. Consultado a 23.02.2017, em https:\/\/observatorio-das-desigualdades.com\/2016\/12\/20\/dossie-tematico-a-situacao-contratual-dos-jovens-em-portugal-e-na-europa\/."},{"key":"ref9","unstructured":"Carmo, Renato; Nunes, Nuno; Ferreira, Daniela Alexandra Carvalho (2016), \u201cDesigualdades, perce\u00e7\u00f5es da crise e a\u00e7\u00e3o coletiva na \u00c1rea Metropolitana de Lisboa\u201d, in Fernando L. Machado; Ana N. de Almeida; Ant\u00f3nio F. da Costa (2016), Sociologia e sociedade: estudos de homenagem a Jo\u00e3o Ferreira de Almeida. Lisboa: Editora Mundos Sociais, 159-174."},{"key":"ref10","unstructured":"Carvalho, Fernanda Forte (2013), \u201cOs dilemas da CUT no in\u00edcio do s\u00e9culo xxi: rumo a uma nova institucionaliza\u00e7\u00e3o sindical?\u201d. Tese de Doutoramento em Sociologia \u2013 Rela\u00e7\u00f5es de Trabalho, Desigualdades Sociais e Sindicalismo apresentada na Faculdade de Economia da Universidade de Coimbra, Coimbra, Portugal."},{"key":"ref11","doi-asserted-by":"publisher","DOI":"10.3917\/puf.cingo.2017.01"},{"key":"ref12","unstructured":"Costa, Ant\u00f3nio Firmino da (1987), \u201cNovos contributos para velhas quest\u00f5es da teoria das classes sociais\u201d, An\u00e1lise Social, XXIII(98), 635-686."},{"key":"ref13","unstructured":"Costa, Elizardo Scarpati (2014), \u201cA hegemonia do capital nas atlanticidades telecomunicativas: o trabalho e o social na era da informa\u00e7\u00e3o\u201d. Tese de Doutoramento em Sociologia \u2013 Rela\u00e7\u00f5es de Trabalho, Desigualdades Sociais e Sindicalismo apresentada na Faculdade de Economia da Universidade de Coimbra, Coimbra, Portugal."},{"key":"ref14","unstructured":"Costa, Hermes Augusto (2008), Sindicalismo global ou met\u00e1fora adiada? Discursos e pr\u00e1ticas transnacionais da CGTP e da CUT. Porto: Edi\u00e7\u00f5es Afrontamento."},{"key":"ref15","doi-asserted-by":"publisher","DOI":"10.4000\/rccs.249"},{"key":"ref16","doi-asserted-by":"crossref","unstructured":"Costa, Hermes Augusto (2012), \u201cFrom Europe as a Model to Europe as Austerity: The Impact of the Crisis on Portuguese Trade Unions\u201d, Transfer \u2013 European Review of Labour and Research, 18(4), 397-410.","DOI":"10.1177\/1024258912458866"},{"key":"ref17","unstructured":"Costa, Hermes Augusto (2015), \u201cDo contexto das reformas laborais \u00e0s respostas do campo sindical\u201d, Cadernos do Observat\u00f3rio sobre Crises e Alternativas, 4, 1-18. Consultado a 21.03.2018, em https:\/\/www.ces.uc.pt\/observatorios\/crisalt\/documentos\/cadernos\/CadernoObserv_IV_jun2015_final.pdf."},{"key":"ref18","doi-asserted-by":"publisher","DOI":"10.14195\/978-989-26-1496-0"},{"key":"ref19","doi-asserted-by":"publisher","DOI":"10.11606\/0103-2070.ts.2018.123181"},{"key":"ref20","doi-asserted-by":"publisher","DOI":"10.4000\/rccs.5584"},{"key":"ref21","unstructured":"Crouch, Colin (1982), Trade Unions: The Logic of Collective Action. London: Fontana."},{"key":"ref22","unstructured":"Dahrendorf, Ralf (1982), As classes sociais e os seus conflitos na sociedade industrial. Bras\u00edlia: Universidade de Bras\u00edlia [orig. 1959]."},{"key":"ref23","unstructured":"Dion\u00edsio, Joaquim (2004), \u201cO direito do trabalho e o modelo social europeu\u201d, Janus-Anu\u00e1rio de Rela\u00e7\u00f5es Exteriores, 8. Consultado a 05.01.2018, em http:\/\/www.janusonline.pt\/arquivo\/2004\/2004_3_3_7.html."},{"key":"ref24","unstructured":"Engels, Friedrich (2007), A situa\u00e7\u00e3o da classe trabalhadora na Inglaterra. S\u00e3o Paulo: Boitempo [orig. 1845]."},{"key":"ref25","unstructured":"Estanque, El\u00edsio (2012), A classe m\u00e9dia. Ascens\u00e3o e decl\u00ednio. Lisboa: Funda\u00e7\u00e3o Francisco Manuel dos Santos."},{"key":"ref26","unstructured":"Estanque, El\u00edsio (2015), Classe m\u00e9dia e lutas sociais: ensaio sobre sociedade e trabalho em Portugal e no Brasil. Campinas: Editora da Unicamp."},{"key":"ref27","unstructured":"Estanque, El\u00edsio; Costa, Hermes Augusto; Silva, Manuel Carvalho (2015), \u201cO futuro do sindicalismo na representa\u00e7\u00e3o sociopol\u00edtica\u201d, in Andr\u00e9 Freire (org.), O futuro da representa\u00e7\u00e3o pol\u00edtica democr\u00e1tica. Lisboa: Nova Vega, 119-142."},{"key":"ref28","unstructured":"Estanque, El\u00edsio; Mendes, Jos\u00e9 Manuel (1998\/1999), \u201cAn\u00e1lise de classes e mobilidade social em Portugal: um breve balan\u00e7o cr\u00edtico\u201d, Revista Crt\u00edtica de Ci\u00eancias Sociais, 52\/53, 173-198."},{"key":"ref29","unstructured":"Eurostat (2015), Employment statistics, informa\u00e7\u00e3o de agosto de 2015. Consultado a 26.01.2018, em http:\/\/ec.europa.eu\/eurostat\/statistics-explained\/index.php\/Employment_statistics."},{"key":"ref30","unstructured":"Farnham, David; Pimlott, John (1995), Understanding Industrial Relations. London: Cassel."},{"key":"ref31","doi-asserted-by":"crossref","unstructured":"Ferreira, Ant\u00f3nio Casimiro (2012), Sociedade da austeridade e direito do trabalho de exce\u00e7\u00e3o. Porto: Vida Econ\u00f3mica.","DOI":"10.4000\/rccs.4417"},{"key":"ref32","unstructured":"Ferreira, Ant\u00f3nio Casimiro; Costa, Hermes Augusto (1998\/1999), \u201cPara uma sociologia das rela\u00e7\u00f5es laborais em Portugal\u201d, Revista Cr\u00edtica de Ci\u00eanciais Sociais, 52\/53, 141-171."},{"key":"ref33","doi-asserted-by":"publisher","DOI":"10.21579\/issn.18081983_2023_v31_art08"},{"key":"ref34","unstructured":"Fonseca, Dora (2016), \u201cSindicalismo de movimento social em Portugal: contributos da rela\u00e7\u00e3o entre CGTP e movimentos sociais de prec\u00e1rios para a renova\u00e7\u00e3o do sindicalismo portugu\u00eas\u201d. Tese de Doutoramento em Sociologia \u2013 Rela\u00e7\u00f5es de Trabalho, Desigualdades Sociais e Sindicalismo apresentada na Faculdade de Economia da Universidade de Coimbra, Coimbra, Portugal."},{"key":"ref35","unstructured":"Fran\u00e7a, Tiago (2014), \u201cDefici\u00eancia e pobreza no Brasil: a relev\u00e2ncia do trabalho da pessoa com defici\u00eancia\u201d. Tese de Doutoramento em Sociologia \u2013 Rela\u00e7\u00f5es de Trabalho, Desigualdades Sociais e Sindicalismo apresentada na Faculdade de Economia da Universidade de Coimbra, Coimbra, Portugal."},{"key":"ref36","unstructured":"Friedman, George; Naville, Pierre (1973), Tratado de sociologia do trabalho. S\u00e3o Paulo: Cultrix\/Universidade de S\u00e3o Paulo."},{"key":"ref37","unstructured":"GEP-MTSS \u2013 Gabinete de Estrat\u00e9gia e Planeamento do Minist\u00e9rio do Trabalho e Solidariedade Social (2016), Livro verde sobre as rela\u00e7\u00f5es laborais. Lisboa: GEP-MTSS."},{"key":"ref38","unstructured":"Hespanha, Pedro; Ferreira, S\u00edlvia; Pacheco, Vanda (2014), \u201cO estado social, crise e reformas\u201d, in Jos\u00e9 Reis (org.), A economia pol\u00edtica do retrocesso: crise, causas e objetivos. Coimbra: CES\/Almedina, 189-281."},{"key":"ref39","doi-asserted-by":"crossref","unstructured":"Hewison, Kevin (2016), \u201cPrecarious Work\u201d, in Stephen Edgell; Heidi Gottfried; Edward Granter (orgs.), The Sage Handbook of Sociology of Work and Employment. London: Sage, 428-443.","DOI":"10.4135\/9781473915206.n23"},{"key":"ref40","unstructured":"Hofstede, Geert (1997), Culturas e organiza\u00e7\u00f5es. Lisboa: Edi\u00e7\u00f5es S\u00edlabo."},{"key":"ref41","unstructured":"Huws, Ursula (2003), The Making of a Cybertariat: Virtual Work in a Real World. New York: Monthly Review Press."},{"key":"ref42","doi-asserted-by":"publisher","DOI":"10.1007\/978-1-349-15623-8"},{"key":"ref43","doi-asserted-by":"crossref","unstructured":"Hyman, Richard (2001), Understanding European Trade Unionism: Between Market, Class and Society. London: Sage.","DOI":"10.4135\/9781446217139"},{"key":"ref44","unstructured":"Jord\u00e3o, Carina (2017), \u201cAs desigualdades entre mulheres e homens no mercado de trabalho e a sua medi\u00e7\u00e3o: contributos de um novo indicador composto para os pa\u00edses da UE-28\u201d. Tese de Doutoramento em Sociologia \u2013 Rela\u00e7\u00f5es de Trabalho, Desigualdades Sociais e Sindicalismo apresentada na Faculdade de Economia da Universidade de Coimbra, Coimbra, Portugal."},{"key":"ref45","unstructured":"Kov\u00e1cs, Ilona (2012), \u201cTrabalho, emprego e organiza\u00e7\u00f5es na era da globaliza\u00e7\u00e3o: controv\u00e9rsias\u201d, in Fernando Bessa Ribeiro; Manuel Carlos Silva; Ana Paula Marques (orgs.), Trabalho, t\u00e9cnicas e mundo: perspetivas e debates. Vila Nova de Famalic\u00e3o: H\u00famus, 39-59."},{"key":"ref46","unstructured":"Leite, Fausto (2017), \u201cA mudan\u00e7a da legisla\u00e7\u00e3o laboral\u201d, P\u00fablico, 7 de agosto, p. 47."},{"key":"ref47","unstructured":"Leite, Fausto (2018), \u201cMudan\u00e7a de empregador e direitos dos trabalhadores\u201d, P\u00fablico, 6 de mar\u00e7o, pp. 46-47."},{"key":"ref48","unstructured":"Leite, Jorge; Costa, Hermes Augusto; Silva, Manuel Carvalho; Almeida, Jo\u00e3o Ramos (2014), \u201cAusteridade, reformas laborais e desvaloriza\u00e7\u00e3o do trabalho\u201d, in Jos\u00e9 Reis (coord.), A economia pol\u00edtica do retrocesso: crise, causas e objetivos. Coimbra: CES\/Almedina, 127-188."},{"key":"ref49","unstructured":"Lipietz, Alain (1985), Mirages et miracles: probl\u00e8mes de l'industrialisation dans le tiers monde. Paris: La D\u00e9couverte."},{"key":"ref50","unstructured":"Machado, Fernando Lu\u00eds; Almeida, Ana Nunes; Costa, Ant\u00f3nio Firmino (2016), Sociologia e sociedade: estudos de homenagem a Jo\u00e3o Ferreira de Almeida. Lisboa: Editora Mundos Sociais."},{"key":"ref51","unstructured":"Martins, Raquel (2018a), \u201cS\u00f3 26% das decis\u00f5es judiciais s\u00e3o favor\u00e1veis a falsos recibos verdes\u201d, P\u00fablico, 24 de fevereiro, p. 18."},{"key":"ref52","unstructured":"Martins, Raquel (2018b), \u201cMais de 7800 prec\u00e1rios t\u00eam luz verde para entrar no Estado\u201d, P\u00fablico, 8 de mar\u00e7o, p. 29."},{"key":"ref53","unstructured":"Marshall, T. H. (1992), Citizenship and Social Class. London: Pluto Press."},{"key":"ref54","doi-asserted-by":"publisher","DOI":"10.9771\/gmed.v2i2.9595"},{"key":"ref55","unstructured":"Moscovici, Serge; Doise, Willem (1991), Dissens\u00f5es e consenso. Lisboa: Livros Horizonte."},{"key":"ref56","doi-asserted-by":"crossref","unstructured":"M\u00fcller-Jentsch, Walther (1998), \u201cLes th\u00e9ories des relations industrielles: une mise en perspective\u201d, Sociologie du Travail, 40(2), 233-262.","DOI":"10.3406\/sotra.1998.1329"},{"key":"ref57","unstructured":"Observ\u00e1torio das Desigualdades (2016), \u201cDossi\u00ea tem\u00e1tico: O emprego jovem em Portugal e na Europa\u201d. Consultado a 16.03.2016, em https:\/\/observatorio-das-desigualdades.com\/2016\/10\/20\/dossie-tematico-o-emprego-jovem-em-portugal-e-na-europa\/."},{"key":"ref58","unstructured":"Observat\u00f3rio sobre Crises e Alternativas (2018), \u201cRetoma econ\u00f3mica: o lastro chamado precariedade\u201d, Bar\u00f3metro das crises, 18, 1-10. Consultado a 15.02.2018 em https:\/\/www.ces.uc.pt\/ficheiros2\/files\/18BarometroCrises_Retoma_precariedade.pdf."},{"key":"ref59","unstructured":"Offe, Claus; Wiesenthal, Helmut (1980), \u201cTwo Logics of Collective Action\u201d, Political Power and Social Theory, 1, 67-115."},{"key":"ref60","unstructured":"Olson, Mancur (1998), A l\u00f3gica da ac\u00e7\u00e3o colectiva: bens p\u00fablicos e teoria dos grupos. Oeiras: Celta [orig. 1965]."},{"key":"ref61","doi-asserted-by":"publisher","DOI":"10.3917\/puf.paug.2009.01"},{"key":"ref62","doi-asserted-by":"publisher","DOI":"10.1017\/CBO9780511664212"},{"key":"ref63","unstructured":"Reis, Jos\u00e9 (2018), A economia portuguesa: formas de economia pol\u00edtica numa periferia persistente (1960-2017). Coimbra: Almedina."},{"key":"ref64","unstructured":"Rodrigues, C. Farinha; Figueiras, Rita; Junqueira, Vitor (2016), Desigualdades do rendimento e pobreza em Portugal. Lisboa: Funda\u00e7\u00e3o Francisco Manuel dos Santos."},{"key":"ref65","doi-asserted-by":"publisher","DOI":"10.4159\/harvard.9780674435865"},{"key":"ref66","doi-asserted-by":"crossref","unstructured":"Ross, George; Martin, Andrew (1999), \u201cEuropean Unions Face the Millennium\u201d, in Andrew Martin; George Ross (orgs.), The Brave New World of European Labor: European Trade Unions at the Millennium. New York: Berghahn Books, 1-25.","DOI":"10.2307\/jj.7079918.6"},{"key":"ref67","unstructured":"Rousseau, Jean-Jacques (1989), Discurso sobre a origem e os fundamentos da desigualdade entre os homens. S\u00e3o Paulo: Editora \u00c1tica [orig. 1750]."},{"key":"ref68","unstructured":"Santos, Boaventura de Sousa (2012), Portugal. Ensaio contra a autoflagela\u00e7\u00e3o. Coimbra: Almedina."},{"key":"ref69","unstructured":"Silva, Manuel Carvalho da; Hespanha, Pedro; Caldas, Jos\u00e9 Castro (orgs.) (2017), Trabalho e pol\u00edticas de emprego: um retrocesso evit\u00e1vel. Lisboa: Actual Editora."},{"key":"ref70","unstructured":"Silva, Rodrigo (2014), \u201cOs sindicatos do setor de servi\u00e7os e seus discursos e pr\u00e1ticas sobre precariza\u00e7\u00e3o do trabalho e pol\u00edticas de rela\u00e7\u00f5es internacionais: um estudo comparado entre Brasil e Portugal no contexto da globaliza\u00e7\u00e3o\u201d. Tese de Doutoramento em Sociologia \u2013 Rela\u00e7\u00f5es de Trabalho, Desigualdades Sociais e Sindicalismo apresentada na Faculdade de Economia da Universidade de Coimbra, Coimbra, Portugal."},{"key":"ref71","unstructured":"Silva, Thais Fran\u00e7a (2012), \u201cLindas mulatas bordando o Alentejo: mulheres-brasileiras-imigrantes no mercado de trabalho portugu\u00eas\u201d. Tese de Doutoramento em Sociologia \u2013 Rela\u00e7\u00f5es de Trabalho, Desigualdades Sociais e Sindicalismo apresentada na Faculdade de Economia da Universidade de Coimbra, Coimbra, Portugal."},{"key":"ref72","unstructured":"Soeiro, Jos\u00e9 (2015), \u201cA forma\u00e7\u00e3o do precariado: transforma\u00e7\u00f5es no trabalho e mobiliza\u00e7\u00f5es de prec\u00e1rios em Portugal\u201d. Tese de Doutoramento em Sociologia \u2013 Rela\u00e7\u00f5es de Trabalho, Desigualdades Sociais e Sindicalismo apresentada na Faculdade de Economia da Universidade de Coimbra, Coimbra, Portugal."},{"key":"ref73","unstructured":"Sainsaulieu, Renaud (1997), Sociologia da empresa: organiza\u00e7\u00e3o, cultura e desenvolvimento. Lisboa: Instituto Piaget."},{"key":"ref74","doi-asserted-by":"publisher","DOI":"10.1177\/1536504214558209"},{"key":"ref75","doi-asserted-by":"publisher","DOI":"10.4000\/rccs.5540"},{"key":"ref76","unstructured":"Stoleroff, Alan (2013), \u201cA crise e as crises do sindicalismo: h\u00e1 uma revitaliza\u00e7\u00e3o poss\u00edvel?\u201d, in Raquel Varela (org.), A seguran\u00e7a social \u00e9 sustent\u00e1vel. Trabalho, Estado e seguran\u00e7a social em Portugal. Lisboa: Bertrand Editora, 207-239."},{"key":"ref77","doi-asserted-by":"publisher","DOI":"10.1590\/S1517-45222003000100009"},{"key":"ref78","doi-asserted-by":"publisher","DOI":"10.1522\/030276352"},{"key":"ref79","unstructured":"Touraine, Alain (1966), La conscience ouvri\u00e8re. Paris: Les \u00c9ditions du Seuil."},{"key":"ref80","doi-asserted-by":"publisher","DOI":"10.1017\/CBO9780511488917"}],"container-title":["Revista Cr\u00edtica de Ci\u00eancias Sociais"],"original-title":[],"deposited":{"date-parts":[[2026,3,9]],"date-time":"2026-03-09T10:18:01Z","timestamp":1773051481000},"score":1,"resource":{"primary":{"URL":"https:\/\/journals.openedition.org\/rccs\/7947"}},"subtitle":[],"short-title":[],"issued":{"date-parts":[[2018]]},"references-count":81,"issue-title":["Edi\u00e7\u00e3o comemorativa dos 40 anos"],"URL":"https:\/\/doi.org\/10.4000\/rccs.7947","relation":{},"ISSN":["0254-1106","2182-7435"],"issn-type":[{"value":"0254-1106","type":"print"},{"value":"2182-7435","type":"electronic"}],"subject":[],"published":{"date-parts":[[2018]]}}}