{"status":"ok","message-type":"work","message-version":"1.0.0","message":{"indexed":{"date-parts":[[2024,9,6]],"date-time":"2024-09-06T03:01:44Z","timestamp":1725591704125},"publisher-location":"Switzerland","reference-count":16,"publisher":"Trans Tech Publications Ltd","license":[{"start":{"date-parts":[[2022,7,11]],"date-time":"2022-07-11T00:00:00Z","timestamp":1657497600000},"content-version":"vor","delay-in-days":0,"URL":"https:\/\/www.scientific.net\/PolicyAndEthics\/PublishingPolicies"},{"start":{"date-parts":[[2022,7,11]],"date-time":"2022-07-11T00:00:00Z","timestamp":1657497600000},"content-version":"tdm","delay-in-days":0,"URL":"https:\/\/www.scientific.net\/license\/TDM_Licenser.pdf"}],"content-domain":{"domain":[],"crossmark-restriction":false},"short-container-title":[],"abstract":"<jats:p>This study presents the applicability of ergonomics in clothing for bodies in transformation, namely for elderly women aged 65 and over. The proposal focused on an audience that deserves attention with regard to a design product for everyday use, namely clothing that is suitable for a new physical constitution. The purpose of this article is to present the ergonomic, technical and aesthetic factors, considering the physical, psychological and social needs of this target group, for the development of clothing products. Considering the identified needs, materials and methods were suggested for the development of models with specific particularities, appropriate to the real condition of these elderly women. In addition to the bibliographic research carried out, specific methods were used to collect anthropometric measurements, surveys were implemented, and direct observation was also carried out with the target group. The results obtained demonstrated that the methods and techniques applied in the development of a more comfortable and aesthetically pleasing clothing were effective, having been observed that the ergonomic variable of comfort was the one that most impacted at the time of the product development process. It was possible to conclude that the complete assessment of body transformation contributed significantly to the development of clothing with characteristics of comfort and protection that respond to the needs of this segment of the population.<\/jats:p>","DOI":"10.4028\/p-56y043","type":"proceedings-article","created":{"date-parts":[[2022,7,11]],"date-time":"2022-07-11T07:05:10Z","timestamp":1657523110000},"page":"3-10","source":"Crossref","is-referenced-by-count":0,"title":["The Applicability of Ergonomics in the Development of Clothing for Bodies in Transformation"],"prefix":"10.4028","volume":"113","author":[{"given":"Artemisia L.","family":"Caldas","sequence":"first","affiliation":[{"name":"University of Minho"}]},{"given":"Miguel A.","family":"Carvalho","sequence":"additional","affiliation":[{"name":"University of Minho"}]},{"given":"Monique Caldas","family":"Souza","sequence":"additional","affiliation":[{"name":"University of Minho"}]}],"member":"2457","published-online":{"date-parts":[[2022,7,11]]},"reference":[{"key":"4717939","unstructured":"Iida, I. (2005) Ergonomia: projeto e produ\u00e7\u00e3o. 2a. Editado por E. Blucher. S\u00e3o Paulo."},{"key":"4717940","unstructured":"Hoffman, M. E. (2003) \u00abBases Biol\u00f3gicas do Envelhecimento\u00bb, Revista Idade Ativa. Campinas, SP."},{"key":"4717941","doi-asserted-by":"crossref","unstructured":"Shilling, C. (2005) The body in culture, technology and society. London: Sage Publications Ltda.","DOI":"10.4135\/9781446220818"},{"key":"4717942","doi-asserted-by":"publisher","unstructured":"Marques, N. R., Hallal, C. Z. e Gon\u00e7alves, M. (2010) \u00abCaracter\u00edsticas biomec\u00e2nicas, ergon\u00f4micas e cl\u00ednicas da postura sentada: uma revis\u00e3o\u00bb, Fisioterapia e Pesquisa, 17(3), p.270\u2013276.","DOI":"10.1590\/s1809-29502010000300015"},{"key":"4717943","unstructured":"Meinander, H. and Varheenmaa, M. (2002) Clothing and textiles for disabled and elderly people, VTT TIEDOTTEITA \u2013 RESEARCH NOTES 2143 Clothing. Finland: JULKAISIJA \u2013 UTGIVARE \u2013PUBLISHER. Dispon\u00edvel em: http:\/\/www.vtt.fi\/inf\/pdf\/tiedotteet\/2002\/T2143.pdf."},{"key":"4717944","unstructured":"Silveira, I. (2006). Aplica\u00e7\u00e3o da ergonomia no projeto do vestu\u00e1rio. Moda palavra: reflex\u00f5es em moda, Florian\u00f3polis, v. 4, pp.12-19."},{"key":"4717945","doi-asserted-by":"publisher","unstructured":"PASCHOARELLI, L. C. (2013). Conhecimento cient\u00edfico e a pr\u00e1tica profissional da ergonomia: a contribui\u00e7\u00e3o da ergonomia f\u00edsica no design de produtos. In: BARBOSA, A.C.L.S.; RANGEL, M. M.; RAPOSO, M. (Org.). Ergonomia design usabilidade intera\u00e7\u00e3o. Juiz de Fora: Mamm UFJF.pp.77-93.","DOI":"10.17771\/pucrio.acad.31359"},{"key":"4717946","doi-asserted-by":"publisher","unstructured":"Grube, C.; Vergara, L. G. L. (2019). Ergonomia Aplicada ao Projeto do Produto: O Ponto de Vista de Designers do Vestu\u00e1rio. GEPROS. Gest\u00e3o da Produ\u00e7\u00e3o, Opera\u00e7\u00f5es e Sistemas, v. 14, n\u00ba 2, p.149 \u2013 170.","DOI":"10.15675\/gepros.v14i2.2211"},{"key":"4717947","doi-asserted-by":"publisher","unstructured":"Skepper, N.; Straker, L.; Pollock, C. (2000). A case study of the use of ergonomics information in a heavy engineering design process. International Journal of Industrial Ergonomics, v. 26, n. 3, pp.425-435.","DOI":"10.1016\/s0169-8141(00)00017-2"},{"key":"4717948","unstructured":"Maffei, S. T. A. (2010) O produto de moda para o portador de defici\u00eancia f\u00edsica: an\u00e1lise de desconforto. Universidade Estadual Paulista (UNESP). Dispon\u00edvel em: http:\/\/hdl.handle.net\/11449\/89699."},{"key":"4717949","unstructured":"Caldas, A. L.(2017). Adequa\u00e7\u00e3o do Vestu\u00e1rio para Idosas Dependentes de Cuidados, Considerando a sua Modifica\u00e7\u00e3o Anat\u00f4mica. Universidade do Minho-Portugal. Tese de Doutoramento. Dispon\u00edvel em: https:\/\/core.ac.uk\/download\/pdf\/154274187.pdf."},{"key":"4717950","unstructured":"K\u00fcppers, H. (1992) Fundamentos de la teor\u00eda de los colores. M\u00e9xico: Gustavo Gili."},{"key":"4717951","unstructured":"Pinheiro, M. C. e Silva, F. M. da (2010) Comunica\u00e7\u00e3o Visual e Design Inclusivo, Cor, legibilidade e vis\u00e3o envelhecida. In. Design ergon\u00f4mico \u2013 estudos e aplica\u00e7\u00f5es. ( Orgs.) SILVA, J. C. P. da, PASCHOARELLI, L. C., SILVA, F. M. 1a ed. Bauru: FAAC - Universidade Estadual Paulista."},{"key":"4717952","doi-asserted-by":"publisher","unstructured":"Rosa, L. da (2011).Vestu\u00e1rio Industrializado: Uso da Ergonomia nas Fases de Ger\u00eancia de Produto, Cria\u00e7\u00e3o, Modelagem e Prototipagem. Pontif\u00edcia Universidade Cat\u00f3lica do RJ. Tese de Doutoramento. Dispon\u00edvel em: https:\/\/www.maxwell.vrac.puc-rio.br\/18873\/18873_1.PDF.","DOI":"10.17771\/pucrio.acad.18873"},{"key":"4717953","doi-asserted-by":"publisher","unstructured":"Hoff, T. (2016) Comunica\u00e7\u00e3o publicit\u00e1ria: dos regimes de visibilidade do corpo diferente \u00e0s biossociabilidades do consumo. In: Corpos discussivos: dos regimes de visibilidade \u00e0s biossociabilidades do consumo. T\u00e2nia Hoff (Org.). Recife: Editora UEPE.","DOI":"10.18568\/cmc.v18i52.2490"},{"key":"4717954","doi-asserted-by":"publisher","unstructured":"Meyer, G. C. (2008). Reflex\u00f5es sobre a caracteriza\u00e7\u00e3o da pesquisa cient\u00edfica e da pr\u00e1tica profissional no design, em Anais do 8o Congresso Brasileiro de Pesquisa e Desenvolvimento em Design. Rio de Janeiro: Associa\u00e7\u00e3o de Ensino e Pesquisa de N\u00edvel Superior de Design do Brasil (AEND|Brasil). Dispon\u00edvel em: https:\/\/www.researchgate.net\/publication\/286048833_Reflexoes_sobre_a_caracterizacao_da_pesquisa_e_da_pratica_profissional_em_design.","DOI":"10.5151\/designpro-ped-00209"}],"event":{"name":"20th AUTEX World Textile Conference - Unfolding the future","start":{"date-parts":[[2021,9,5]]},"location":"Guimar\u00e3es, Portugal","end":{"date-parts":[[2021,9,9]]},"acronym":"AUTEX 2021"},"container-title":["Advances in Science and Technology","World Textile"],"original-title":[],"link":[{"URL":"https:\/\/www.scientific.net\/AST.113.3.pdf","content-type":"unspecified","content-version":"vor","intended-application":"similarity-checking"}],"deposited":{"date-parts":[[2022,7,13]],"date-time":"2022-07-13T07:43:20Z","timestamp":1657698200000},"score":1,"resource":{"primary":{"URL":"https:\/\/www.scientific.net\/AST.113.3"}},"subtitle":[],"short-title":[],"issued":{"date-parts":[[2022,7,11]]},"references-count":16,"URL":"https:\/\/doi.org\/10.4028\/p-56y043","relation":{},"ISSN":["1662-0356"],"issn-type":[{"type":"electronic","value":"1662-0356"}],"subject":[],"published":{"date-parts":[[2022,7,11]]}}}