{"status":"ok","message-type":"work","message-version":"1.0.0","message":{"indexed":{"date-parts":[[2025,2,22]],"date-time":"2025-02-22T00:14:39Z","timestamp":1740183279783,"version":"3.37.3"},"reference-count":29,"publisher":"Forum XXI","issue":"72","content-domain":{"domain":[],"crossmark-restriction":false},"short-container-title":["RLCS"],"abstract":"<jats:p>El presente art\u00edculo es parte de los resultados obtenidos por el autor en su investigaci\u00f3n de doctorado titulada \u2018Opinar de pol\u00edtica, mediatizar democracias. El\u00a0storytelling\u00a0de la opini\u00f3n pol\u00edtica en los medios de comunicaci\u00f3n espa\u00f1oles y los nuevos escenarios\u00a0transmedi\u00e1ticos\u00a0para la acci\u00f3n social\u2019.\u00a0Metodolog\u00eda.\u00a0Se trata de un abordaje original en lo que concierne a la tem\u00e1tica de las Elecciones Generales espa\u00f1olas de 2015 que, en base al an\u00e1lisis cuantitativo y con metodolog\u00edas de an\u00e1lisis de contenido de los art\u00edculos de opini\u00f3n, permite evaluar la construcci\u00f3n de la opini\u00f3n p\u00fablica en la prensa escrita por parte de las cinco cabeceras de informaci\u00f3n generalista con mayor tirada estatal.\u00a0Resultados y conclusiones.\u00a0Con \u00e9ste an\u00e1lisis se consigue mapear la representaci\u00f3n del pensamiento sobre pol\u00edtica expresada por los opinantes. El an\u00e1lisis de esta opini\u00f3n publicada sobre pol\u00edtica ha permitido alcanzar una estampa sobre aquellos actores que han participado como opinantes, los temas que se han tratado, la forma y contexto como se han presentado y, en suma, el escenario propuesto por la opini\u00f3n en prensa escrita en el debate p\u00fablico sobre el contexto pol\u00edtico electoral.<\/jats:p>","DOI":"10.4185\/rlcs-2017-1169","type":"journal-article","created":{"date-parts":[[2017,3,20]],"date-time":"2017-03-20T16:07:09Z","timestamp":1490026029000},"page":"349-373","source":"Crossref","is-referenced-by-count":1,"title":["Opinar de pol\u00edtica en la prensa escrita espa\u00f1ola. An\u00e1lisis del per\u00edodo Elecciones Generales en Espa\u00f1a, 2015"],"prefix":"10.4185","author":[{"ORCID":"https:\/\/orcid.org\/0000-0002-7380-9981","authenticated-orcid":false,"given":"Marc","family":"Blasco-Duatis","sequence":"first","affiliation":[]},{"ORCID":"https:\/\/orcid.org\/0000-0003-2514-8186","authenticated-orcid":false,"given":"Nuria","family":"Fern\u00e1ndez Garc\u00eda","sequence":"additional","affiliation":[]},{"ORCID":"https:\/\/orcid.org\/0000-0001-8701-527X","authenticated-orcid":false,"given":"Isabel","family":"Cunha","sequence":"additional","affiliation":[]}],"member":"2692","published-online":{"date-parts":[[2017,3,16]]},"reference":[{"key":"64843","unstructured":"Abej\u00f3n Mendoza, P. (2013). Estado del periodismo de opini\u00f3n en Espa\u00f1a: polarizaci\u00f3n, g\u00e9nero y emolumentos. En: Zer \u2013 Revista de Estudios de Comunicaci\u00f3n, 18(34). Pa\u00eds Vasco: Universidad del Pa\u00eds Vasco."},{"key":"64844","unstructured":"Aira, T. (2010). El protagonisme dels spin doctors. La pol\u00edtica com a proc\u00e9s comunicacional. Revista de la UOC. An\u00e1lisis 40, pp. 15-27."},{"key":"64845","unstructured":"Blasco-Duatis, M. (2013). Propuesta metodol\u00f3gica para el an\u00e1lisis de la tertulia pol\u00edtica en televisi\u00f3n. Tesina de m\u00e1ster. Portugal: Universidade de Coimbra."},{"key":"64846","unstructured":"Cantavella, J. (2000). La columna informativa: un desaf\u00edo de exigencia entre la omnipresente opini\u00f3n. Estudios sobre el Mensaje Period\u00edstico, 6, pp. 53-62."},{"key":"64847","unstructured":"Casals Carro, M. J. (2004). La opini\u00f3n en la prensa: retrato de Espa\u00f1a en el primer a\u00f1o del siglo XXI. En: Estudios sobre el mensaje period\u00edstico, 10. Madrid: Universidad Complutense, pp. 9-66."},{"key":"64848","unstructured":"Chomsky, N. (1992). Ilusiones necesarias: control del pensamiento en las sociedades democr\u00e1ticas. Madrid: Libertarias\/Prodhufi."},{"key":"64849","unstructured":"Chomsky, N. Y. y Ramonet, I. (2002). C\u00f3mo nos venden la moto. Barcelona: Icaria."},{"key":"64850","doi-asserted-by":"crossref","unstructured":"Cohen, B. (1963). The Press and the Foreign Policy. Princenton: Princenton University Press.","DOI":"10.1515\/9781400878611"},{"key":"64851","doi-asserted-by":"crossref","unstructured":"Do Carmo Barriga, A. (2014). El lugar del columnismo pol\u00edtico en el periodismo actual. Revista Comunicaci\u00f3n y Sociedad, 22, pp. 79-102.","DOI":"10.32870\/cys.v0i22.49"},{"key":"64852","unstructured":"Embid, J. (coord.) (2015). Informe sobre la democracia en Espa\u00f1a 2015. Reformular la pol\u00edtica. Madird: Fundaci\u00f3n Alternativas."},{"key":"64853","unstructured":"Higley, J. & Burton, M. (2003). Elites, classes politicas e democracia no seculo XXI. En Pinto, A. C. & Freire, A. (Dir.), Elites, sociedade e mudan\u00e7a politica, pp. 277-294. Oeiras, Portugal: Celta."},{"key":"64854","unstructured":"Josh Freed Broadcasting & CBC. (prod.) y Freed, J. (dir.). (2011). The Trouble with Experts [Documental]. Canad\u00e1. Recuperado de:https:\/\/www.youtube.com\/watch?v=FJWKNr8mqO4 [Last query: 3\/12\/2016]"},{"key":"64855","unstructured":"Kapuscinski, R. (2007). La voz del Otro. Madrid: Editorial Tripodos."},{"key":"64856","unstructured":"Kapuscinski, R. (2007). El Imperio. Madrid: Editorial Anagrama."},{"key":"64857","unstructured":"Krippendorff, K. (2004). Content Analysis: An introduction to its methodology. Thousands Oaks, CA: Sage."},{"key":"64858","unstructured":"Lippman, W. (1920). Liberty and the News, New York, Hancourt, Brace and Howe. Versio\u0301n espan\u0303ola: (2011) Libertad y prensa. Madrid: Tecnos."},{"key":"64859","unstructured":"L\u00f3pez Garc\u00eda, G. (2004). Comunicaci\u00f3n electoral y formaci\u00f3n de la opini\u00f3n p\u00fablica: las elecciones generales"},{"key":"64860","unstructured":"de 2000 en la prensa espa\u00f1ola. Valencia: Servei de Publicacions de la Universitat de Valencia."},{"key":"64861","unstructured":"Marques De Melo, J. (1985). A opin\u00e3o no jornalismo brasileiro. Petr\u00f3polis, Vozes."},{"key":"64862","unstructured":"Martin Vivaldi, G. (1981). G\u00e9neros period\u00edsticos. Paraninfo, Madrid (Tercera edici\u00f3n) pp. 176."},{"key":"64863","unstructured":"Mart\u00ednez Rodr\u00edguez, J. (2011). M\u00e9todos de investigaci\u00f3n cualitativa. Revista de Investigaci\u00f3n Silogismo, 1 (08)."},{"key":"64864","doi-asserted-by":"crossref","unstructured":"McCombs, M. y Shaw, D. (1993). The Evolution of Agenda-Setting Research: Twenty-Five Years in the Marketplace of Ideas. Journal of Communication, 43(2), pp. 58-67.","DOI":"10.1111\/j.1460-2466.1993.tb01262.x"},{"key":"64865","unstructured":"McCombs, M. (2006). Estableciendo la agenda: el impacto de los medios en la opini\u00f3n p\u00fablica y el conocimiento. Barcelona: Paid\u00f3s."},{"key":"64866","doi-asserted-by":"crossref","unstructured":"Moreno Espinosa, P. (2003). G\u00e9neros para la persuasi\u00f3n en prensa: los editoriales del Diario El Pa\u00eds. Revista \u00c1mbitos, 9-10, 2\u00ba Semestre, pp. 225-238.","DOI":"10.12795\/Ambitos.2003.i09-10.12"},{"key":"64867","unstructured":"Ortega y Gasset, J. (2006). La rebelio\u0301n de las masas. Ed. Espasa."},{"key":"64868","unstructured":"Rocher, G. (1971). Sociologia geral. Lisboa: Editorial Presenc\u0327a."},{"key":"64869","unstructured":"Van Dijk, T. A. (2010). Discurso, conocimiento, poder y poli\u0301tica. Revista de Investigacio\u0301n Lingu\u0308i\u0301stica, 13, 167-215. Universidad de Murcia."},{"key":"64870","unstructured":"V\u00e1squez Pati\u00f1o, M. W. y Pe\u00f1a Tamayo, J. J. (2012). Manipulaci\u00f3n, pedagog\u00eda y cultura pol\u00edtica en la prensa colombiana. Revista Virtual Universidad Cat\u00f3lica del Norte. A\u00f1o 2013, 38, Febrero-Mayo. Colombia."},{"key":"64871","doi-asserted-by":"crossref","unstructured":"Yanes Mesa, R. (2004). El art\u00edculo, un g\u00e9nero entre la opini\u00f3n y la actualidad. Revista Latina de Comunicaci\u00f3n Social, 58, La Laguna (Tenerife). Recovered on December 2, 2016 of: https:\/\/www.researchgate.net\/publication\/26527142_El_articulo_un_genero_entre_la_opinion_y_la_actualidad","DOI":"10.4185\/RLCS-2004\/25"}],"container-title":["Revista Latina de Comunicaci\u00f3n Social"],"original-title":[],"link":[{"URL":"https:\/\/nuevaepoca.revistalatinacs.org\/index.php\/revista\/article\/download\/711\/1059","content-type":"application\/pdf","content-version":"vor","intended-application":"text-mining"},{"URL":"https:\/\/nuevaepoca.revistalatinacs.org\/index.php\/revista\/article\/download\/711\/1060","content-type":"application\/pdf","content-version":"vor","intended-application":"text-mining"},{"URL":"https:\/\/nuevaepoca.revistalatinacs.org\/index.php\/revista\/article\/download\/711\/2742","content-type":"application\/epub+zip","content-version":"vor","intended-application":"text-mining"},{"URL":"https:\/\/nuevaepoca.revistalatinacs.org\/index.php\/revista\/article\/download\/711\/2743","content-type":"application\/epub+zip","content-version":"vor","intended-application":"text-mining"},{"URL":"https:\/\/nuevaepoca.revistalatinacs.org\/index.php\/revista\/article\/download\/711\/1059","content-type":"unspecified","content-version":"vor","intended-application":"similarity-checking"}],"deposited":{"date-parts":[[2023,4,16]],"date-time":"2023-04-16T21:20:02Z","timestamp":1681680002000},"score":1,"resource":{"primary":{"URL":"https:\/\/nuevaepoca.revistalatinacs.org\/index.php\/revista\/article\/view\/711"}},"subtitle":[],"short-title":[],"issued":{"date-parts":[[2017,3,16]]},"references-count":29,"journal-issue":{"issue":"72","published-online":{"date-parts":[[2017,12,26]]}},"URL":"https:\/\/doi.org\/10.4185\/rlcs-2017-1169","relation":{},"ISSN":["1138-5820"],"issn-type":[{"type":"electronic","value":"1138-5820"}],"subject":[],"published":{"date-parts":[[2017,3,16]]}}}