{"status":"ok","message-type":"work","message-version":"1.0.0","message":{"indexed":{"date-parts":[[2025,12,30]],"date-time":"2025-12-30T19:18:20Z","timestamp":1767122300874,"version":"3.48.0"},"reference-count":0,"publisher":"Faculdades Catolicas - Departamento de Teologia","issue":"12","content-domain":{"domain":[],"crossmark-restriction":false},"short-container-title":["ReBiblica"],"abstract":"<jats:p>A Constitui\u00e7\u00e3o dogm\u00e1tica sobre a Revela\u00e7\u00e3o divina Dei Verbum inovou ao comparar a auto manifesta\u00e7\u00e3o de Deus em Jesus Cristo a um tipo de amizade entre o Senhor e o seu povo. Essa nova compreens\u00e3o abriu uma ampla perspectiva teol\u00f3gica e pastoral que tem sido explorada pelo Magist\u00e9rio eclesial posterior ao Conc\u00edlio Vaticano II. A concep\u00e7\u00e3o de amizade divina presente em DV 2 foi interpretada \u00e0 luz da no\u00e7\u00e3o de di\u00e1logo que, a partir do Magist\u00e9rio de Paulo VI, tornou-se um princ\u00edpio-chave para a recep\u00e7\u00e3o do Conc\u00edlio e para a a\u00e7\u00e3o pastoral da Igreja. Este artigo procura mostrar brevemente o processo redacional que levou \u00e0 inclus\u00e3o da tal concep\u00e7\u00e3o no texto final da Dei Verbum. Examinamos tamb\u00e9m os textos b\u00edblicos que o documento conciliar afirma servirem de fundamento \u00e0 compara\u00e7\u00e3o da Revela\u00e7\u00e3o divina a um tipo de amizade e procuramos oferecer, resumidamente, uma poss\u00edvel fundamenta\u00e7\u00e3o de tal no\u00e7\u00e3o a partir da teologia cat\u00f3lica. Oferecemos ainda um panorama do desenvolvimento da ideia de amizade divina no Magist\u00e9rio dos \u00faltimos papas.<\/jats:p>","DOI":"10.46859\/pucrio.acad.rebiblica.2596-2922.2025v6n12a02","type":"journal-article","created":{"date-parts":[[2025,12,30]],"date-time":"2025-12-30T19:14:14Z","timestamp":1767122054000},"source":"Crossref","is-referenced-by-count":0,"title":["car\u00e1ter amig\u00e1vel da Revela\u00e7\u00e3o divina segundo a Constitui\u00e7\u00e3o Dogm\u00e1tica Dei Verbum"],"prefix":"10.46859","volume":"6","author":[{"ORCID":"https:\/\/orcid.org\/0000-0003-0494-3009","authenticated-orcid":false,"given":"Jo\u00e3o","family":"Bechara Ventura","sequence":"first","affiliation":[]}],"member":"26238","published-online":{"date-parts":[[2025,12,30]]},"container-title":["Revista Brasileira de Interpreta\u00e7\u00e3o B\u00edblica"],"original-title":[],"link":[{"URL":"https:\/\/revistarebiblica.teo.puc-rio.br\/index.php\/rebiblica\/article\/download\/164\/180","content-type":"application\/pdf","content-version":"vor","intended-application":"text-mining"},{"URL":"https:\/\/revistarebiblica.teo.puc-rio.br\/index.php\/rebiblica\/article\/download\/164\/180","content-type":"unspecified","content-version":"vor","intended-application":"similarity-checking"}],"deposited":{"date-parts":[[2025,12,30]],"date-time":"2025-12-30T19:14:14Z","timestamp":1767122054000},"score":1,"resource":{"primary":{"URL":"https:\/\/revistarebiblica.teo.puc-rio.br\/index.php\/rebiblica\/article\/view\/164"}},"subtitle":["hist\u00f3ria, fundamento e desenvolvimentos"],"short-title":[],"issued":{"date-parts":[[2025,12,30]]},"references-count":0,"journal-issue":{"issue":"12","published-online":{"date-parts":[[2025,12,30]]}},"URL":"https:\/\/doi.org\/10.46859\/pucrio.acad.rebiblica.2596-2922.2025v6n12a02","relation":{},"ISSN":["2596-2922"],"issn-type":[{"value":"2596-2922","type":"electronic"}],"subject":[],"published":{"date-parts":[[2025,12,30]]}}}