{"status":"ok","message-type":"work","message-version":"1.0.0","message":{"indexed":{"date-parts":[[2024,8,7]],"date-time":"2024-08-07T22:20:43Z","timestamp":1723069243464},"reference-count":0,"publisher":"Editorial Espacios","issue":"06","content-domain":{"domain":[],"crossmark-restriction":false},"short-container-title":["Espacios"],"abstract":"<jats:p>O presente estudo tornou evidente como a crise pand\u00e9mica de COVID-19 afetou o turismo dos residentes nos A\u00e7ores bem como as suas prefer\u00eancias e perce\u00e7\u00f5es. Desta forma, os autores acreditam que os dados obtidos atrav\u00e9s da investiga\u00e7\u00e3o podem ser fundamentais para o adequado desenho e implementa\u00e7\u00e3o de estrat\u00e9gias regionais para enfrentar a crise de SARS-COV-2. De facto, os resultados evidenciam as inten\u00e7\u00f5es das expectativas tur\u00edsticas e as inten\u00e7\u00f5es dos residentes da Regi\u00e3o Aut\u00f3noma dos A\u00e7ores, pelo que os resultados devem ser compreendidos como o refor\u00e7o das medidas de seguran\u00e7a tur\u00edstica nas atividades tur\u00edsticas de forma n\u00e3o s\u00f3 a estimular esta atividade mas tamb\u00e9m a relan\u00e7ar a economia e desenvolvimento regional.<\/jats:p>","DOI":"10.48082\/espacios-a21v42n06p08","type":"journal-article","created":{"date-parts":[[2021,4,15]],"date-time":"2021-04-15T13:41:24Z","timestamp":1618494084000},"page":"104-116","source":"Crossref","is-referenced-by-count":7,"title":["Os impactos da crise sanit\u00e1ria de COVID-19 sobre os Territ\u00f3rios Ultraperif\u00e9ricos: O caso de estudo do Arquip\u00e9lago dos A\u00e7ores"],"prefix":"10.48082","volume":"42","author":[{"name":"Universidade dos A\u00e7ores, Portugal","sequence":"first","affiliation":[]},{"given":"Rui A.","family":"CASTANHO","sequence":"first","affiliation":[]},{"given":"Gualter","family":"COUTO","sequence":"additional","affiliation":[]},{"name":"Universidade dos A\u00e7ores, Portugal","sequence":"additional","affiliation":[]},{"given":"Pedro","family":"PIMENTEL","sequence":"additional","affiliation":[]},{"name":"Universidade dos A\u00e7ores, Portugal","sequence":"additional","affiliation":[]},{"given":"Celia","family":"CARVALHO","sequence":"additional","affiliation":[]},{"name":"Universidade dos A\u00e7ores, Portugal","sequence":"additional","affiliation":[]},{"given":"Aurea","family":"SOUSA","sequence":"additional","affiliation":[]},{"name":"Universidade dos A\u00e7ores, Portugal","sequence":"additional","affiliation":[]},{"given":"Maria G.","family":"BATISTA","sequence":"additional","affiliation":[]},{"name":"Universidade de Extremadura. Espa\u00f1a","sequence":"additional","affiliation":[]},{"given":"Jacinto","family":"GARRIDO-VALVERDE","sequence":"additional","affiliation":[]},{"name":"Universidade de Extremadura. Espa\u00f1a","sequence":"additional","affiliation":[]}],"member":"28067","published-online":{"date-parts":[[2021,3,30]]},"container-title":["Espacios"],"original-title":[],"deposited":{"date-parts":[[2021,4,15]],"date-time":"2021-04-15T13:41:37Z","timestamp":1618494097000},"score":1,"resource":{"primary":{"URL":"https:\/\/www.revistaespacios.com\/a21v42n06\/a21v42n06p08.pdf"}},"subtitle":[],"short-title":[],"issued":{"date-parts":[[2021,3,30]]},"references-count":0,"journal-issue":{"issue":"06","published-online":{"date-parts":[[2021,3,30]]}},"URL":"https:\/\/doi.org\/10.48082\/espacios-a21v42n06p08","relation":{},"subject":[],"published":{"date-parts":[[2021,3,30]]}}}