{"status":"ok","message-type":"work","message-version":"1.0.0","message":{"indexed":{"date-parts":[[2024,9,4]],"date-time":"2024-09-04T16:05:54Z","timestamp":1725465954440},"reference-count":0,"publisher":"sepebr","content-domain":{"domain":[],"crossmark-restriction":false},"short-container-title":[],"published-print":{"date-parts":[[2021,10,26]]},"DOI":"10.48195\/sepe2021-044","type":"proceedings-article","created":{"date-parts":[[2021,11,9]],"date-time":"2021-11-09T20:22:44Z","timestamp":1636489364000},"page":"-----","source":"Crossref","is-referenced-by-count":0,"title":["BOAS PR\u00c1TICAS OBST\u00c9TRICAS INTERMEDIADAS PELO GRUPO GESTAR"],"prefix":"10.48195","author":[{"given":"Leandro da Silva de","family":"Medeiros","sequence":"first","affiliation":[]},{"given":"Andressa Caetano da","family":"Veiga","sequence":"additional","affiliation":[]},{"given":"Karla Maria Carneiro","family":"Rolim","sequence":"additional","affiliation":[]},{"given":"Francisca Georgina Macedo de","family":"Souza","sequence":"additional","affiliation":[]},{"given":"Maria de Lurdes","family":"Lomba","sequence":"additional","affiliation":[]},{"given":"Dirce Stein","family":"Backes","sequence":"additional","affiliation":[]}],"member":"28307","published-online":{"date-parts":[[2021,10,26]]},"event":{"name":"XXV Simp\u00f3sio de Ensino, Pesquisa e Extens\u00e3o - SEPE"},"container-title":["Anais do XXV Simp\u00f3sio de Ensino, Pesquisa e Extens\u00e3o, edi\u00e7\u00e3o 2021"],"original-title":[],"deposited":{"date-parts":[[2021,11,19]],"date-time":"2021-11-19T12:18:51Z","timestamp":1637324331000},"score":1,"resource":{"primary":{"URL":"https:\/\/www.ufn.edu.br\/site\/evento\/doi\/14908"}},"subtitle":[],"short-title":[],"issued":{"date-parts":[[2021,10,26]]},"references-count":0,"URL":"https:\/\/doi.org\/10.48195\/sepe2021-044","relation":{},"subject":[],"published":{"date-parts":[[2021,10,26]]}}}