{"status":"ok","message-type":"work","message-version":"1.0.0","message":{"indexed":{"date-parts":[[2022,4,5]],"date-time":"2022-04-05T21:23:22Z","timestamp":1649193802449},"reference-count":0,"publisher":"Universidade Federal de Santa Catarina (UFSC)","issue":"6","content-domain":{"domain":[],"crossmark-restriction":false},"short-container-title":["Em Debat"],"DOI":"10.5007\/1980-3532.2011n6p38","type":"journal-article","created":{"date-parts":[[2012,1,3]],"date-time":"2012-01-03T22:22:41Z","timestamp":1325629361000},"source":"Crossref","is-referenced-by-count":0,"title":["O Partido Comunista Portugues, as nacionaliza\u00e7\u00f5es, o controlo oper\u00e1rio e a \"batalha da producao\". Estudo de caso na Revolucao Portuguesa (1974-1975) &lt;br&gt;DOI:10.5007\/1980-3532.2011n6p38"],"prefix":"10.5007","volume":"0","author":[{"given":"Raquel Cardeira","family":"Varela","sequence":"first","affiliation":[]}],"member":"2924","published-online":{"date-parts":[[2012,1,3]]},"container-title":["Em Debate"],"original-title":[],"link":[{"URL":"https:\/\/periodicos.ufsc.br\/index.php\/emdebate\/article\/download\/1980-3532.2011n6p38\/20256","content-type":"unspecified","content-version":"vor","intended-application":"similarity-checking"}],"deposited":{"date-parts":[[2020,5,28]],"date-time":"2020-05-28T17:40:27Z","timestamp":1590687627000},"score":1,"resource":{"primary":{"URL":"http:\/\/www.periodicos.ufsc.br\/index.php\/emdebate\/article\/view\/22331"}},"subtitle":[],"short-title":[],"issued":{"date-parts":[[2012,1,3]]},"references-count":0,"journal-issue":{"issue":"6","published-online":{"date-parts":[[2012,1,3]]}},"URL":"https:\/\/doi.org\/10.5007\/1980-3532.2011n6p38","relation":{},"ISSN":["1980-3532"],"issn-type":[{"value":"1980-3532","type":"electronic"}],"subject":[],"published":{"date-parts":[[2012,1,3]]}}}