{"status":"ok","message-type":"work","message-version":"1.0.0","message":{"indexed":{"date-parts":[[2022,4,2]],"date-time":"2022-04-02T23:37:17Z","timestamp":1648942637629},"reference-count":0,"publisher":"Universidade Federal de Santa Catarina (UFSC)","issue":"32","content-domain":{"domain":[],"crossmark-restriction":false},"short-container-title":["Zero-a-Seis"],"DOI":"10.5007\/1980-4512.2015n31p154","type":"journal-article","created":{"date-parts":[[2015,12,9]],"date-time":"2015-12-09T18:54:29Z","timestamp":1449687269000},"page":"154","source":"Crossref","is-referenced-by-count":0,"title":["A planifica\u00e7\u00e3o em Creche: evid\u00eancias da pr\u00e1tica (Portugal)"],"prefix":"10.5007","volume":"17","author":[{"given":"Ver\u00f3nica","family":"Fonseca","sequence":"first","affiliation":[]},{"given":"Edite","family":"Rodrigues","sequence":"additional","affiliation":[]},{"given":"Isabel","family":"Dias","sequence":"additional","affiliation":[]}],"member":"2924","published-online":{"date-parts":[[2015,10,7]]},"container-title":["Zero-a-Seis"],"original-title":[],"link":[{"URL":"https:\/\/periodicos.ufsc.br\/index.php\/zeroseis\/article\/viewFile\/40030\/30333","content-type":"application\/pdf","content-version":"vor","intended-application":"text-mining"},{"URL":"https:\/\/periodicos.ufsc.br\/index.php\/zeroseis\/article\/download\/1980-4512.2015n31p154\/30333","content-type":"unspecified","content-version":"vor","intended-application":"similarity-checking"}],"deposited":{"date-parts":[[2020,5,28]],"date-time":"2020-05-28T17:31:55Z","timestamp":1590687115000},"score":1,"resource":{"primary":{"URL":"https:\/\/periodicos.ufsc.br\/index.php\/zeroseis\/article\/view\/1980-4512.2015n31p154"}},"subtitle":[],"short-title":[],"issued":{"date-parts":[[2015,10,7]]},"references-count":0,"journal-issue":{"issue":"32","published-online":{"date-parts":[[2015,10,31]]}},"URL":"https:\/\/doi.org\/10.5007\/1980-4512.2015n31p154","relation":{},"ISSN":["1980-4512"],"issn-type":[{"value":"1980-4512","type":"electronic"}],"subject":[],"published":{"date-parts":[[2015,10,7]]}}}