{"status":"ok","message-type":"work","message-version":"1.0.0","message":{"indexed":{"date-parts":[[2023,8,3]],"date-time":"2023-08-03T18:32:14Z","timestamp":1691087534829},"reference-count":0,"publisher":"Universidade Federal de Santa Catarina (UFSC)","issue":"2","content-domain":{"domain":[],"crossmark-restriction":false},"short-container-title":["Estudo em Jornalismo e M\u00eddia"],"DOI":"10.5007\/1984-6924.2012v9n2p326","type":"journal-article","created":{"date-parts":[[2012,12,3]],"date-time":"2012-12-03T18:08:55Z","timestamp":1354558135000},"source":"Crossref","is-referenced-by-count":2,"title":["Quem Fala do qu\u00ea nas Not\u00edcias de Sa\u00fade do P\u00fablico em 2009: Uma An\u00e1lise Cr\u00edtica"],"prefix":"10.5007","volume":"9","author":[{"given":"Bruno","family":"Tom\u00e9","sequence":"first","affiliation":[]},{"given":"Felisbela","family":"Lopes","sequence":"additional","affiliation":[]}],"member":"2924","published-online":{"date-parts":[[2012,12,3]]},"container-title":["Estudos em Jornalismo e M\u00eddia"],"original-title":[],"link":[{"URL":"https:\/\/periodicos.ufsc.br\/index.php\/jornalismo\/article\/download\/1984-6924.2012v9n2p326\/23349","content-type":"unspecified","content-version":"vor","intended-application":"similarity-checking"}],"deposited":{"date-parts":[[2020,5,28]],"date-time":"2020-05-28T18:11:20Z","timestamp":1590689480000},"score":1,"resource":{"primary":{"URL":"http:\/\/www.periodicos.ufsc.br\/index.php\/jornalismo\/article\/view\/25880"}},"subtitle":[],"short-title":[],"issued":{"date-parts":[[2012,12,3]]},"references-count":0,"journal-issue":{"issue":"2","published-online":{"date-parts":[[2012,12,3]]}},"URL":"https:\/\/doi.org\/10.5007\/1984-6924.2012v9n2p326","relation":{},"ISSN":["1984-6924","1806-6496"],"issn-type":[{"value":"1984-6924","type":"electronic"},{"value":"1806-6496","type":"print"}],"subject":[],"published":{"date-parts":[[2012,12,3]]}}}