{"status":"ok","message-type":"work","message-version":"1.0.0","message":{"indexed":{"date-parts":[[2022,4,1]],"date-time":"2022-04-01T12:01:12Z","timestamp":1648814472733},"reference-count":0,"publisher":"Universidade Federal de Santa Catarina (UFSC)","issue":"4","license":[{"start":{"date-parts":[[2017,12,21]],"date-time":"2017-12-21T00:00:00Z","timestamp":1513814400000},"content-version":"unspecified","delay-in-days":0,"URL":"http:\/\/creativecommons.org\/licenses\/by\/4.0"}],"content-domain":{"domain":[],"crossmark-restriction":false},"short-container-title":["Perspectiva"],"abstract":"<jats:p>Os textos da literatura infantil, propondo uma modeliza\u00e7\u00e3o dos realia, constituem excelentes ocasi\u00f5es para falar acerca de temas dif\u00edceis, buscando solu\u00e7\u00f5es para eles. Desde sempre, os temas dif\u00edceis foram tratados na literatura infantil, apesar das reservas que a sociedade pode ou n\u00e3o ter em rela\u00e7\u00e3o \u00e0 sua abordagem junto aos mais novos. Deste modo, o nosso estudo centra-se em tr\u00eas obras de literatura infantil que abordam a situa\u00e7\u00e3o da guerra e que possibilitam pensar e interrogar o lugar da crian\u00e7a nesse contexto. A primeira obra, com o formato de um caderno escolar, \u00e9 uma homenagem \u00e0s crian\u00e7as mortas pelos bombardeamentos de Gaza, levados a cabo pelas tropas israelitas no ver\u00e3o de 2014. A segunda obra fala-nos de um muro, met\u00e1fora que separa povos e mundos, cujo derrube \u00e9 essencial para assegurar a consecu\u00e7\u00e3o da felicidade coletiva. A terceira obra configura um testemunho: perante o infort\u00fanio da guerra e da mis\u00e9ria humana, importa nunca desistir e encontrar for\u00e7as para renascer sempre. Ainda que as tr\u00eas obras, unidas pelo protocolo da ficcionalidade, n\u00e3o se refiram aos mesmos eventos hist\u00f3rico-factuais, elas podem ser lidas em conjunto, potenciando interpreta\u00e7\u00f5es suscet\u00edveis de ajudarem as crian\u00e7as a pensar o lugar que cada uma tem e pode desempenhar numa sociedade globalizada, onde os ideais da Paz, da Fraternidade, do Amor e do Respeito pelo Pr\u00f3ximo continuam a ter de ser fortemente cultivados diariamente.<\/jats:p>","DOI":"10.5007\/2175-795x.2017v35n4p1141","type":"journal-article","created":{"date-parts":[[2018,11,26]],"date-time":"2018-11-26T21:31:32Z","timestamp":1543267892000},"page":"1141-1156","source":"Crossref","is-referenced-by-count":0,"title":["Os conflitos b\u00e9licos e a crian\u00e7a na literatura infantil"],"prefix":"10.5007","volume":"35","author":[{"given":"Fernando","family":"Azevedo","sequence":"first","affiliation":[]},{"given":"Angela","family":"Bal\u00e7a","sequence":"additional","affiliation":[]},{"given":"Mois\u00e9s","family":"Selfa Sastre","sequence":"additional","affiliation":[]}],"member":"2924","published-online":{"date-parts":[[2017,12,21]]},"container-title":["Perspectiva"],"original-title":[],"link":[{"URL":"https:\/\/periodicos.ufsc.br\/index.php\/perspectiva\/article\/download\/2175-795X.2017v35n4p1141\/pdf","content-type":"application\/pdf","content-version":"vor","intended-application":"text-mining"},{"URL":"https:\/\/periodicos.ufsc.br\/index.php\/perspectiva\/article\/download\/2175-795X.2017v35n4p1141\/pdf","content-type":"unspecified","content-version":"vor","intended-application":"similarity-checking"}],"deposited":{"date-parts":[[2020,11,1]],"date-time":"2020-11-01T17:41:43Z","timestamp":1604252503000},"score":1,"resource":{"primary":{"URL":"https:\/\/periodicos.ufsc.br\/index.php\/perspectiva\/article\/view\/2175-795X.2017v35n4p1141"}},"subtitle":[],"short-title":[],"issued":{"date-parts":[[2017,12,21]]},"references-count":0,"journal-issue":{"issue":"4","published-online":{"date-parts":[[2017,12,21]]}},"URL":"https:\/\/doi.org\/10.5007\/2175-795x.2017v35n4p1141","relation":{},"ISSN":["2175-795X","0102-5473"],"issn-type":[{"value":"2175-795X","type":"electronic"},{"value":"0102-5473","type":"print"}],"subject":[],"published":{"date-parts":[[2017,12,21]]}}}