{"status":"ok","message-type":"work","message-version":"1.0.0","message":{"indexed":{"date-parts":[[2024,9,4]],"date-time":"2024-09-04T23:21:17Z","timestamp":1725492077016},"publisher-location":"S\u00e3o Paulo","reference-count":15,"publisher":"Editora Edgard Bl\u00fccher","content-domain":{"domain":[],"crossmark-restriction":false},"short-container-title":[],"DOI":"10.5151\/despro-icdhs2014-0022","type":"proceedings-article","created":{"date-parts":[[2014,12,16]],"date-time":"2014-12-16T15:33:40Z","timestamp":1418744020000},"page":"195-200","source":"Crossref","is-referenced-by-count":0,"title":["Portuguese Design History (1960-1974). Shaping the future: the role of the Art, Industrial Architecture and Industrial Design Nuclei of the National Institute of Industrial Research (I.N.I.I.)"],"prefix":"10.5151","author":[{"given":"Maria Helena","family":"Souto","sequence":"additional","affiliation":[]},{"given":"Anjoom","family":"Satar","sequence":"additional","affiliation":[]},{"given":"M\u00e1rcia","family":"Gomes","sequence":"additional","affiliation":[]}],"member":"3104","published-online":{"date-parts":[[2014,12]]},"reference":[{"key":"0022-5","unstructured":"B\u00fcrdek, B. E. (2005). Design: History, Theory and Practice of Product Design. Basel, Boston, Berlin: Birkh\u00e4user Verlag."},{"key":"0022-5","unstructured":"Costa, D. Andamp; Souto, H. (1993). Frederico George. Ver pelo Desenho. Lisboa: Livros Horizonte\/C.M.L."},{"key":"0022-5","unstructured":"Coutinho, B., coord. (2009). Sena da Silva. Lisboa: Funda\u00e7\u00e3o Calouste Gulbenkian."},{"key":"0022-5","unstructured":"Lees-Maffei, G., Houze, R. (2010). The Design History Reader. Oxford Andamp; New York: Berg Publishers."},{"key":"0022-5","unstructured":"Nunes, G. (2012). O mobili\u00e1rio portugu\u00eas de produ\u00e7\u00e3o em s\u00e9rie do terceiro quartel do s\u00e9culo XX (1951-1974). Lisboa: Tese de Doutoramento em Design, Faculdade de Arquitectura, 2 vols."},{"key":"0022-5","unstructured":"Souto, H. (2000). 100 Anos de Design Portugu\u00eas. O tempo do Design. Anu\u00e1rio 2000. Lisboa: Centro Portugu\u00eas de Design, 8 (21)."},{"key":"0022-5","unstructured":"Souto, H. (2009). Hist\u00f3ria do Design em Portugal I. Reflex\u00f5es. Lisboa: Edi\u00e7\u00f5es IADE."},{"key":"0022-5","unstructured":"Woodham, J. M. (1997). Twentieth-Century Design. Oxford University Press."},{"key":"0022-5","unstructured":"Arquitectura. Lisboa: n\u00ba 44 (Setembro, 1952)."},{"key":"0022-5","unstructured":"\u201cDecreto n.\u00ba 42.121: Promulga o Regulamento do Instituto Nacional de Investiga\u00e7\u00e3o Industrial.\u201d Di\u00e1rio do Governo, I S\u00e9rie - N\u00ba 19 (23 de Janeiro), 1959, p. 71-74."},{"key":"0022-5","unstructured":"Exposi\u00e7\u00e3o Internacional de Industrial Design (1966). Lisboa: Instituto Nacional de Investiga\u00e7\u00e3o Industrial."},{"key":"0022-5","unstructured":"1a Exposi\u00e7\u00e3o de design portugu\u00eas (1971). Lisboa: Instituto Nacional de Investiga\u00e7\u00e3o Industrial."},{"key":"0022-5","unstructured":"2a Exposi\u00e7\u00e3o de design portugu\u00eas (1973). Lisboa: Instituto Nacional de Investiga\u00e7\u00e3o Industrial."},{"key":"0022-5","unstructured":"Presid\u00eancia da Rep\u00fablica: Lei n.\u00ba 2089: Promulga as bases para a cria\u00e7\u00e3o, no Minist\u00e9rio da Economia, do Instituto Nacional de Investiga\u00e7\u00e3o Industrial.\u201d Di\u00e1rio do Governo, I S\u00e9rie - N\u00ba 133 (8 de Junho), 1957."},{"key":"0022-5","unstructured":"Tradu\u00e7\u00e3o das confer\u00eancias proferidas durante a I\u00aa Quinzena de Est\u00e9tica Industrial (1966). Lisboa: Instituto Nacional de Investiga\u00e7\u00e3o Industrial."}],"event":{"name":"9th Conference of the International Committee for Design History and Design Studies","start":{"date-parts":[[2014,7,8]]},"number":"9","location":"Aveiro, Portugal","end":{"date-parts":[[2014,7,11]]},"acronym":"ICDHS 2014"},"container-title":["Proceedings of the 9th Conference of the International Committee for Design History and Design Studies"],"original-title":[],"deposited":{"date-parts":[[2014,12,16]],"date-time":"2014-12-16T15:38:15Z","timestamp":1418744295000},"score":1,"resource":{"primary":{"URL":"http:\/\/www.proceedings.blucher.com.br\/article-details\/13837"}},"subtitle":[],"short-title":[],"issued":{"date-parts":[[2014,12]]},"references-count":15,"URL":"https:\/\/doi.org\/10.5151\/despro-icdhs2014-0022","relation":{},"subject":[],"published":{"date-parts":[[2014,12]]}}}