{"status":"ok","message-type":"work","message-version":"1.0.0","message":{"indexed":{"date-parts":[[2024,9,5]],"date-time":"2024-09-05T13:20:04Z","timestamp":1725542404229},"reference-count":0,"publisher":"SCITEPRESS - Science and Technology Publications","content-domain":{"domain":[],"crossmark-restriction":false},"short-container-title":[],"published-print":{"date-parts":[[2019]]},"DOI":"10.5220\/0007746402670273","type":"proceedings-article","created":{"date-parts":[[2019,5,27]],"date-time":"2019-05-27T14:17:35Z","timestamp":1558966655000},"page":"267-273","source":"Crossref","is-referenced-by-count":0,"title":["e-Health Solutions for Aging in Place with Cognitive Impairment: Preliminary Results of a Systematic Review"],"prefix":"10.5220","author":[{"given":"Samantha","family":"Dequanter","sequence":"first","affiliation":[{"name":"Faculty of Medicine and Pharmacy, Department of Public Health Sciences, Vrije Universiteit Brussel and Belgium, --- Select a Country ---"}]},{"given":"Marie-Pierre","family":"Gagnon","sequence":"first","affiliation":[{"name":"Institute of Health and Social Services in Primary Care, Research Center on Healthcare and Services in Primary Care of Laval University (CERSSPL-UL), Qu\u00e9bec, Canada, Faculty of Nursing Sciences, Universit\u00e9 Laval, Qu\u00e9bec and Canada, --- Select a Country ---"}]},{"given":"Mame-Awa","family":"Ndiaye","sequence":"first","affiliation":[{"name":"Institute of Health and Social Services in Primary Care, Research Center on Healthcare and Services in Primary Care of Laval University (CERSSPL-UL), Qu\u00e9bec and Canada, --- Select a Country ---"}]},{"given":"Jessica","family":"Dion","sequence":"first","affiliation":[{"name":"Institute of Health and Social Services in Primary Care, Research Center on Healthcare and Services in Primary Care of Laval University (CERSSPL-UL), Qu\u00e9bec and Canada, --- Select a Country ---"}]},{"given":"Ellen","family":"Gorus","sequence":"first","affiliation":[{"name":"Faculty of Medicine and Pharmacy, Department of Gerontology, Vrije Universiteit Brussel and Belgium, --- Select a Country ---"}]},{"given":"Anne","family":"Bourbonnais","sequence":"first","affiliation":[{"name":"Faculty of Nursing Sciences, Universit\u00e9 de Montr\u00e9al, Montr\u00e9al and Canada, --- Select a Country ---"}]},{"given":"Anik","family":"Gigu\u00e8re","sequence":"first","affiliation":[{"name":"Institute of Health and Social Services in Primary Care, Research Center on Healthcare and Services in Primary Care of Laval University (CERSSPL-UL), Qu\u00e9bec, Canada, Faculty of Medicine, Universit\u00e9 Laval, Qu\u00e9bec and Canada, --- Select a Country ---"}]},{"given":"Samira","family":"Rahimi","sequence":"first","affiliation":[{"name":"Institute of Health and Social Services in Primary Care, Research Center on Healthcare and Services in Primary Care of Laval University (CERSSPL-UL), Qu\u00e9bec and Canada, --- Select a Country ---"}]},{"given":"Maaike","family":"Fobelets","sequence":"first","affiliation":[{"name":"Faculty of Medicine and Pharmacy, Department of Public Health Sciences, Vrije Universiteit Brussel and Belgium, --- Select a Country ---"}]},{"given":"Ronald","family":"Buyl","sequence":"first","affiliation":[{"name":"Faculty of Medicine and Pharmacy, Department of Public Health Sciences, Vrije Universiteit Brussel and Belgium, --- Select a Country ---"}]}],"member":"3171","event":{"name":"5th International Conference on Information and Communication Technologies for Ageing Well and e-Health","start":{"date-parts":[[2019,5,2]]},"location":"Heraklion, Crete, Greece","end":{"date-parts":[[2019,5,4]]}},"container-title":["Proceedings of the 5th International Conference on Information and Communication Technologies for Ageing Well and e-Health"],"original-title":["e-Health Solutions for Aging in Place with Cognitive Impairment: Preliminary Results of a Systematic Review"],"deposited":{"date-parts":[[2019,5,27]],"date-time":"2019-05-27T14:17:44Z","timestamp":1558966664000},"score":1,"resource":{"primary":{"URL":"http:\/\/www.scitepress.org\/DigitalLibrary\/Link.aspx?doi=10.5220\/0007746402670273"}},"subtitle":[""],"short-title":[],"issued":{"date-parts":[[2019]]},"references-count":0,"URL":"https:\/\/doi.org\/10.5220\/0007746402670273","relation":{},"subject":[],"published":{"date-parts":[[2019]]}}}