{"status":"ok","message-type":"work","message-version":"1.0.0","message":{"indexed":{"date-parts":[[2025,5,14]],"date-time":"2025-05-14T13:27:42Z","timestamp":1747229262981,"version":"3.40.5"},"reference-count":0,"publisher":"Instituto Europeu de Ciencias da Cultura Padre Manuel Antunes","issue":"11","content-domain":{"domain":[],"crossmark-restriction":false},"short-container-title":["e-LCV"],"abstract":"<jats:p>This essay debates the expropriation of masters-artisans in Contemporary Portugal, focusing on its origins in the 19th century. It explores how this process unfolded throughout the Portuguese transition to capitalism after 1820. We focus on the expropriation process, the social dynamics \u2014 between pre-capitalist and capitalist forms of labour \u2014, and, finally, critically analyze the analogy made during the Estado Novo between medieval guilds and the dictatorial corporatism of the bourgeois autocracy (1926-1974). We argue that the corporate system in the medieval era had a self-regulated work autonomy and real democracy that is absent in the Estado Novo regime and generally lacking in other Contemporary periods, including the present one. It is a reassessment of medieval arts and crafts, with a methodological perspective founded on the centrality of living work.<\/jats:p>","DOI":"10.53943\/elcv.0223_117-133","type":"journal-article","created":{"date-parts":[[2023,12,30]],"date-time":"2023-12-30T14:38:10Z","timestamp":1703947090000},"page":"117-133","source":"Crossref","is-referenced-by-count":0,"title":["A expropria\u00e7\u00e3o dos mestres-artes\u00e3os no Portugal contempor\u00e2neo (s\u00e9culos XIX-XX)"],"prefix":"10.53943","author":[{"ORCID":"https:\/\/orcid.org\/0000-0001-6121-1379","authenticated-orcid":false,"given":"Raquel","family":"Varela","sequence":"first","affiliation":[]},{"ORCID":"https:\/\/orcid.org\/0000-0001-7364-3267","authenticated-orcid":false,"given":"Roberto","family":"della Santa","sequence":"additional","affiliation":[]}],"member":"31606","published-online":{"date-parts":[[2023,12,30]]},"container-title":["e-Letras com Vida - Revista de Estudos Globais: Humanidades, Ci\u00eancias e Artes"],"original-title":[],"deposited":{"date-parts":[[2023,12,30]],"date-time":"2023-12-30T14:38:15Z","timestamp":1703947095000},"score":1,"resource":{"primary":{"URL":"https:\/\/e-lcv.online\/index.php\/revista\/article\/view\/285"}},"subtitle":[],"short-title":[],"issued":{"date-parts":[[2023,12,30]]},"references-count":0,"journal-issue":{"issue":"11","published-online":{"date-parts":[[2023,12,30]]}},"URL":"https:\/\/doi.org\/10.53943\/elcv.0223_117-133","relation":{},"ISSN":["2184-4097"],"issn-type":[{"type":"electronic","value":"2184-4097"}],"subject":[],"published":{"date-parts":[[2023,12,30]]}}}