{"status":"ok","message-type":"work","message-version":"1.0.0","message":{"indexed":{"date-parts":[[2025,8,21]],"date-time":"2025-08-21T16:16:22Z","timestamp":1755792982041,"version":"3.44.0"},"reference-count":0,"publisher":"Seven Events","issue":"2","content-domain":{"domain":[],"crossmark-restriction":false},"short-container-title":["ARE"],"abstract":"<jats:p>Objetivou-se avaliar as experi\u00eancias de discrimina\u00e7\u00e3o racial entre estudantes universit\u00e1rios, tendo como par\u00e2metro as faixas et\u00e1rias destes. Trata-se de estudo explorat\u00f3rio, descritivo e transversal, com amostra de 751 participantes. Os estudantes foram majoritariamente do sexo feminino, 52,5%; com idade m\u00e9dia de 22,8 anos; sendo de ra\u00e7a predominantemente parda, com 58,5%; com a situa\u00e7\u00e3o civil predominante de solteiros, com 88,7%; a renda familiar de um a dois sal\u00e1rios, representando 36,9%. Os com faixa et\u00e1ria entre 18 e 19 anos foram os que mais aceitaram o tratamento injusto em rela\u00e7\u00e3o \u00e0 discrimina\u00e7\u00e3o racial como algo que faz parte da vida (32,1%) e os integrantes da faixa et\u00e1ria entre 22 ou 23 anos foram os que mais tentaram fazer alguma coisa em rela\u00e7\u00e3o a esse tratamento injusto (79,8%). Os na faixa et\u00e1ria de mais de 30 anos relataram que sofreram a experi\u00eancia de discrimina\u00e7\u00e3o por causa da ra\u00e7a, etnia ou cor (50%) e os que mais se preocuparam no \u00faltimo ano com as experi\u00eancias de tratamento injusto por causa da ra\u00e7a ou cor de pele corresponderam a 66,7%, tendo como faixa et\u00e1ria que mais prestou queixa policial por causa da discrimina\u00e7\u00e3o racial a de 18 ou 19 anos (2,4%). Desta maneira, a discrimina\u00e7\u00e3o racial \u00e9 um fen\u00f4meno que afeta os estudantes universit\u00e1rios, logo, precisa ser mais debatido.<\/jats:p>","DOI":"10.56238\/arev7n2-108","type":"journal-article","created":{"date-parts":[[2025,6,11]],"date-time":"2025-06-11T16:21:40Z","timestamp":1749658900000},"page":"6356-6375","source":"Crossref","is-referenced-by-count":0,"title":["\u201cCAMINHANDO CONTRA O VENTO\u201d: EXPERI\u00caNCIAS DE DISCRIMINA\u00c7\u00c3O RACIAL ENTRE ESTUDANTES UNIVERSIT\u00c1RIOS","\"WALKING AGAINST THE WIND\": EXPERIENCES OF RACIAL DISCRIMINATION AMONG UNIVERSITY STUDENTS"],"prefix":"10.56238","volume":"7","author":[{"given":"Eliany Nazar\u00e9","family":"Oliveira","sequence":"first","affiliation":[]},{"given":"Paulo Jorge de Almeida","family":"Pereira","sequence":"additional","affiliation":[]},{"given":"Paulo Cesar","family":"De Almeida","sequence":"additional","affiliation":[]},{"given":"Maria Socorro Carneiro","family":"Linhares","sequence":"additional","affiliation":[]},{"given":"Fl\u00e1via Regino","family":"Oliveira","sequence":"additional","affiliation":[]},{"given":"Maristela In\u00eas Osawa","family":"Vasconcelos","sequence":"additional","affiliation":[]},{"given":"Joyce Mazza Nunes","family":"Arag\u00e3o","sequence":"additional","affiliation":[]},{"given":"Pollyanna","family":"Martins","sequence":"additional","affiliation":[]},{"given":"Marcos Pires","family":"Campos","sequence":"additional","affiliation":[]}],"member":"34671","published-online":{"date-parts":[[2025,2,11]]},"container-title":["ARAC\u00ca"],"original-title":[],"link":[{"URL":"https:\/\/periodicos.newsciencepubl.com\/arace\/article\/download\/3271\/4038","content-type":"application\/pdf","content-version":"vor","intended-application":"text-mining"},{"URL":"https:\/\/periodicos.newsciencepubl.com\/arace\/article\/download\/3271\/4038","content-type":"unspecified","content-version":"vor","intended-application":"similarity-checking"}],"deposited":{"date-parts":[[2025,8,15]],"date-time":"2025-08-15T00:59:35Z","timestamp":1755219575000},"score":1,"resource":{"primary":{"URL":"https:\/\/periodicos.newsciencepubl.com\/arace\/article\/view\/3271"}},"subtitle":[],"short-title":[],"issued":{"date-parts":[[2025,2,11]]},"references-count":0,"journal-issue":{"issue":"2","published-online":{"date-parts":[[2025,2,1]]}},"URL":"https:\/\/doi.org\/10.56238\/arev7n2-108","relation":{},"ISSN":["2358-2472","2358-2472"],"issn-type":[{"type":"electronic","value":"2358-2472"},{"type":"print","value":"2358-2472"}],"subject":[],"published":{"date-parts":[[2025,2,11]]}}}