{"status":"ok","message-type":"work","message-version":"1.0.0","message":{"indexed":{"date-parts":[[2025,5,14]],"date-time":"2025-05-14T13:57:58Z","timestamp":1747231078630,"version":"3.40.5"},"reference-count":0,"publisher":"Universidade Federal de Santa Maria","issue":"47","license":[{"start":{"date-parts":[[2023,1,24]],"date-time":"2023-01-24T00:00:00Z","timestamp":1674518400000},"content-version":"unspecified","delay-in-days":0,"URL":"http:\/\/creativecommons.org\/licenses\/by-nc-sa\/4.0"}],"content-domain":{"domain":[],"crossmark-restriction":false},"short-container-title":["Animus"],"abstract":"<jats:p>A comunica\u00e7\u00e3o de ci\u00eancia em \u00e1reas suscet\u00edveis de pol\u00e9micas como a dos Estudos de G\u00e9nero apresenta desafios aos centros de investiga\u00e7\u00e3o na sua busca por disseminar conhecimento cient\u00edfico e evitar senso comum e leituras enviesadas e politizadas. Este estudo compara a comunica\u00e7\u00e3o de ci\u00eancia em cinco centros de Estudos de Ge\u0301nero do Chipre, Reino Unido, Filipinas, Dinamarca e Portugal. Metodologicamente recorreu-se a ana\u0301lise reto\u0301rica a publicac\u0327o\u0303es nos canais de comunicac\u0327a\u0303o, ana\u0301lise de conteu\u0301do a\u0300s tema\u0301ticas, ferramentas e ac\u0327o\u0303es de comunicac\u0327a\u0303o e entrevistas. Os resultados evidenciam semelhanc\u0327as nas tema\u0301ticas mais disseminadas, ferramentas e ac\u0327o\u0303es de comunicac\u0327a\u0303o, embora a atividade varie na divulgac\u0327a\u0303o e organizac\u0327a\u0303o de iniciativas, revelando desafios relacionados com a pr\u00f3pria linguagem e diferen\u00e7as de engagement dos p\u00fablicos.<\/jats:p>","DOI":"10.5902\/2175497772243","type":"journal-article","created":{"date-parts":[[2023,1,31]],"date-time":"2023-01-31T17:46:39Z","timestamp":1675187199000},"source":"Crossref","is-referenced-by-count":0,"title":["A comunica\u00e7\u00e3o de ci\u00eancia em centros de estudos de g\u00eanero internacionais"],"prefix":"10.5902","volume":"21","author":[{"ORCID":"https:\/\/orcid.org\/0000-0001-9521-8595","authenticated-orcid":false,"given":"Maria Jo\u00e3o","family":"Cunha","sequence":"first","affiliation":[]},{"ORCID":"https:\/\/orcid.org\/0000-0001-9521-8595","authenticated-orcid":false,"given":"Beatriz","family":"Valente","sequence":"additional","affiliation":[]}],"member":"4419","published-online":{"date-parts":[[2023,1,24]]},"container-title":["Animus. Revista Interamericana de Comunica\u00e7\u00e3o Midi\u00e1tica"],"original-title":[],"link":[{"URL":"https:\/\/periodicos.ufsm.br\/animus\/article\/download\/72243\/50976","content-type":"application\/pdf","content-version":"vor","intended-application":"text-mining"},{"URL":"https:\/\/periodicos.ufsm.br\/animus\/article\/download\/72243\/50976","content-type":"unspecified","content-version":"vor","intended-application":"similarity-checking"}],"deposited":{"date-parts":[[2023,1,31]],"date-time":"2023-01-31T17:46:39Z","timestamp":1675187199000},"score":1,"resource":{"primary":{"URL":"https:\/\/periodicos.ufsm.br\/animus\/article\/view\/72243"}},"subtitle":[],"short-title":[],"issued":{"date-parts":[[2023,1,24]]},"references-count":0,"journal-issue":{"issue":"47","published-online":{"date-parts":[[2023,1,24]]}},"URL":"https:\/\/doi.org\/10.5902\/2175497772243","relation":{},"ISSN":["2175-4977","1677-907X"],"issn-type":[{"type":"electronic","value":"2175-4977"},{"type":"print","value":"1677-907X"}],"subject":[],"published":{"date-parts":[[2023,1,24]]}}}