{"status":"ok","message-type":"work","message-version":"1.0.0","message":{"indexed":{"date-parts":[[2025,2,21]],"date-time":"2025-02-21T21:53:32Z","timestamp":1740174812004,"version":"3.37.3"},"reference-count":0,"publisher":"Universidade Federal de Santa Maria","content-domain":{"domain":[],"crossmark-restriction":false},"short-container-title":["Regae: Rev. Gest. Aval. Educ."],"abstract":"<jats:p>Neste artigo aborda-se os modelos de avalia\u00e7\u00e3o da qualidade da educa\u00e7\u00e3o infantil e define-se os crit\u00e9rios para compara\u00e7\u00e3o dos mesmos. Por meio de uma pesquisa qualitativa discute-se e compara-se os modelos aplicados na rede municipal de Florian\u00f3polis\/SC. Concluiu-se que a avalia\u00e7\u00e3o deve considerar diversidade identit\u00e1ria das institui\u00e7\u00f5es e as especificidades da educa\u00e7\u00e3o infantil. Precisa ter natureza cient\u00edfica, rigor t\u00e9cnico e procedimentos legitimados de mapeamento. Al\u00e9m da coleta e an\u00e1lise de dados o resultado da avalia\u00e7\u00e3o deve compilar informa\u00e7\u00f5es do censo escolar e programas de financiamento educacional que fomentam acesso, infraestrutura, recursos materiais, forma\u00e7\u00e3o de professores e gest\u00e3o dos sistemas e das institui\u00e7\u00f5es.Palavras-chave: avalia\u00e7\u00e3o da qualidade; modelos de avalia\u00e7\u00e3o; educa\u00e7\u00e3o infantil.<\/jats:p>","DOI":"10.5902\/2318133841363","type":"journal-article","created":{"date-parts":[[2020,1,24]],"date-time":"2020-01-24T18:05:17Z","timestamp":1579889117000},"page":"1-17","source":"Crossref","is-referenced-by-count":0,"title":["Modelos de avalia\u00e7\u00e3o da qualidade no contexto da educa\u00e7\u00e3o infantil de Florian\u00f3polis\/SC"],"prefix":"10.5902","author":[{"ORCID":"https:\/\/orcid.org\/0000-0001-6547-9866","authenticated-orcid":false,"given":"Dirce Guerres","family":"Zucco","sequence":"first","affiliation":[]},{"ORCID":"https:\/\/orcid.org\/0000-0002-0651-0349","authenticated-orcid":false,"given":"Andreia","family":"Zanella","sequence":"additional","affiliation":[]},{"ORCID":"https:\/\/orcid.org\/0000-0002-9259-682X","authenticated-orcid":false,"given":"Patr\u00edcia de S\u00e1","family":"Freire","sequence":"additional","affiliation":[]}],"member":"4419","published-online":{"date-parts":[[2021,1,8]]},"container-title":["Revista de Gest\u00e3o e Avalia\u00e7\u00e3o Educacional"],"original-title":[],"link":[{"URL":"https:\/\/periodicos.ufsm.br\/regae\/article\/download\/41363\/pdf","content-type":"application\/pdf","content-version":"vor","intended-application":"text-mining"},{"URL":"https:\/\/periodicos.ufsm.br\/regae\/article\/download\/41363\/pdf","content-type":"unspecified","content-version":"vor","intended-application":"similarity-checking"}],"deposited":{"date-parts":[[2022,12,23]],"date-time":"2022-12-23T01:55:31Z","timestamp":1671760531000},"score":1,"resource":{"primary":{"URL":"https:\/\/periodicos.ufsm.br\/regae\/article\/view\/41363"}},"subtitle":[],"short-title":[],"issued":{"date-parts":[[2021,1,8]]},"references-count":0,"URL":"https:\/\/doi.org\/10.5902\/2318133841363","relation":{},"ISSN":["2318-1338","2176-2171"],"issn-type":[{"type":"electronic","value":"2318-1338"},{"type":"print","value":"2176-2171"}],"subject":[],"published":{"date-parts":[[2021,1,8]]}}}