{"status":"ok","message-type":"work","message-version":"1.0.0","message":{"indexed":{"date-parts":[[2025,2,21]],"date-time":"2025-02-21T22:39:08Z","timestamp":1740177548679,"version":"3.37.3"},"reference-count":0,"publisher":"Anima Educa\u00e7\u00e3o","issue":"27","content-domain":{"domain":[],"crossmark-restriction":false},"short-container-title":["Poi\u00e9sis"],"abstract":"<jats:p>O presente artigo debru\u00e7a-se sobre a forma como os contos tradicionais de animais de diferentes pa\u00edses lus\u00f3fonos podem contribuir para a aquisi\u00e7\u00e3o de aprendizagens interculturais em crian\u00e7as do 1.\u00ba Ciclo do Ensino B\u00e1sico. Os principais objetivos deste estudo s\u00e3o: promover a sensibilidade \u00e0 diversidade cultural em alunos do 1.\u00ba CEB atrav\u00e9s de contos tradicionais; descrever a influ\u00eancia dos contos de animais dos pa\u00edses lus\u00f3fonos em aprendizagens interculturais destes alunos; analisar a import\u00e2ncia dos contos de animais para a motiva\u00e7\u00e3o na aprendizagem; desenvolver atitudes de respeito pelo Outro; desenvolver atitudes de respeito pelo meio ambiente. Os contos tradicionais alimentam a imagina\u00e7\u00e3o dos leitores e abrem espa\u00e7os simb\u00f3licos para que estes se possam compreender a si mesmos e ao mundo que os rodeia. A op\u00e7\u00e3o metodol\u00f3gica desenvolvida foi a investiga\u00e7\u00e3o-a\u00e7\u00e3o, onde o investigador d\u00e1 especial import\u00e2ncia \u00e0 pr\u00e1tica e \u00e0 reflex\u00e3o, identificando problemas e planeando estrat\u00e9gias para os ultrapassar.<\/jats:p>","DOI":"10.59306\/poisis.v15e27202173-92","type":"journal-article","created":{"date-parts":[[2023,5,12]],"date-time":"2023-05-12T23:18:22Z","timestamp":1683933502000},"page":"73-92","source":"Crossref","is-referenced-by-count":0,"title":["CONTOS TRADICIONAIS DOS PA\u00cdSES LUS\u00d3FONOS \u2013 UMA EXPERI\u00caNCIA DE PROMO\u00c7\u00c3O DE EDUCA\u00c7\u00c3O INTERCULTURAL NO 1.\u00ba CICLO DO ENSINO B\u00c1SICO"],"prefix":"10.59306","volume":"15","author":[{"given":"Ana Catarina","family":"Dias","sequence":"first","affiliation":[]},{"ORCID":"https:\/\/orcid.org\/0000-0002-7853-1595","authenticated-orcid":false,"given":"Maria da Natividade Carvalho","family":"Pires","sequence":"additional","affiliation":[]}],"member":"38621","published-online":{"date-parts":[[2021,8,13]]},"container-title":["Poi\u00e9sis - Revista do Programa de P\u00f3s-Gradua\u00e7\u00e3o em Educa\u00e7\u00e3o"],"original-title":[],"link":[{"URL":"https:\/\/portaldeperiodicos.animaeducacao.com.br\/index.php\/Poiesis\/article\/download\/10735\/5801","content-type":"application\/pdf","content-version":"vor","intended-application":"text-mining"},{"URL":"https:\/\/portaldeperiodicos.animaeducacao.com.br\/index.php\/Poiesis\/article\/download\/10735\/5801","content-type":"unspecified","content-version":"vor","intended-application":"similarity-checking"}],"deposited":{"date-parts":[[2023,5,12]],"date-time":"2023-05-12T23:18:22Z","timestamp":1683933502000},"score":1,"resource":{"primary":{"URL":"https:\/\/portaldeperiodicos.animaeducacao.com.br\/index.php\/Poiesis\/article\/view\/10735"}},"subtitle":[],"short-title":[],"issued":{"date-parts":[[2021,8,13]]},"references-count":0,"journal-issue":{"issue":"27","published-online":{"date-parts":[[2021,8,13]]}},"URL":"https:\/\/doi.org\/10.59306\/poisis.v15e27202173-92","relation":{},"ISSN":["2179-2534"],"issn-type":[{"type":"electronic","value":"2179-2534"}],"subject":[],"published":{"date-parts":[[2021,8,13]]}}}