{"status":"ok","message-type":"work","message-version":"1.0.0","message":{"indexed":{"date-parts":[[2022,4,5]],"date-time":"2022-04-05T14:41:48Z","timestamp":1649169708402},"reference-count":0,"publisher":"Universidade do Estado de Santa Catarina","issue":"37","content-domain":{"domain":[],"crossmark-restriction":false},"short-container-title":["Rev. Linhas"],"DOI":"10.5965\/1984723818372017131","type":"journal-article","created":{"date-parts":[[2017,6,9]],"date-time":"2017-06-09T12:31:06Z","timestamp":1497011466000},"page":"131-153","source":"Crossref","is-referenced-by-count":0,"title":["Educa\u00e7\u00e3o liter\u00e1ria em Portugal: os documentos oficiais, a voz e as pr\u00e1ticas dos docentes"],"prefix":"10.5965","volume":"18","author":[{"given":"Fernando Fraga de","family":"Azevedo","sequence":"first","affiliation":[]},{"given":"Angela","family":"Bal\u00e7a","sequence":"additional","affiliation":[]}],"member":"4629","published-online":{"date-parts":[[2017,6,9]]},"container-title":["Revista Linhas"],"original-title":[],"link":[{"URL":"http:\/\/www.revistas.udesc.br\/index.php\/linhas\/article\/viewFile\/1984723818372017131\/pdf","content-type":"unspecified","content-version":"vor","intended-application":"similarity-checking"}],"deposited":{"date-parts":[[2019,8,8]],"date-time":"2019-08-08T08:17:00Z","timestamp":1565252220000},"score":1,"resource":{"primary":{"URL":"http:\/\/www.revistas.udesc.br\/index.php\/linhas\/article\/view\/1984723818372017131"}},"subtitle":[],"short-title":[],"issued":{"date-parts":[[2017,6,9]]},"references-count":0,"journal-issue":{"issue":"37","published-online":{"date-parts":[[2017,6,9]]}},"URL":"https:\/\/doi.org\/10.5965\/1984723818372017131","relation":{},"ISSN":["1984-7238"],"issn-type":[{"value":"1984-7238","type":"electronic"}],"subject":[],"published":{"date-parts":[[2017,6,9]]}}}