{"status":"ok","message-type":"work","message-version":"1.0.0","message":{"indexed":{"date-parts":[[2025,2,21]],"date-time":"2025-02-21T20:33:07Z","timestamp":1740169987556,"version":"3.37.3"},"reference-count":24,"publisher":"Universidade do Estado de Santa Catarina","issue":"51","license":[{"start":{"date-parts":[[2022,5,5]],"date-time":"2022-05-05T00:00:00Z","timestamp":1651708800000},"content-version":"unspecified","delay-in-days":0,"URL":"https:\/\/creativecommons.org\/licenses\/by-nc-nd\/4.0"}],"content-domain":{"domain":[],"crossmark-restriction":false},"short-container-title":["LNH"],"abstract":"<jats:p>O presente artigo tem como objetivo analisar as a\u00e7\u00f5es propostas e executadas pelos N\u00facleos de Educa\u00e7\u00e3o Infantil Municipal (NEIMs) de Florian\u00f3polis ap\u00f3s a devolutiva dos resultados da avalia\u00e7\u00e3o externa realizada em 2015 com o uso do instrumento Infant Toddler Environment Rating Scale Revise Edition (ITERS-R), bem como diagnosticar a situa\u00e7\u00e3o atual dos N\u00facleos de Educa\u00e7\u00e3o Infantil quanto \u00e0 qualidade do atendimento. Para isso, desenvolveu-se, com base na literatura e nos documentos oficiais, um instrumento de pesquisa em forma de question\u00e1rio composto por 27 indicadores, o question\u00e1rio foi validado por especialistas da \u00e1rea e aplicado nos NEIMs de Florian\u00f3polis que passaram pela avalia\u00e7\u00e3o em 2015, sendo respondido voluntariamente pelas diretoras das unidades. Os resultados mostraram que, ap\u00f3s a devolutiva da avalia\u00e7\u00e3o de 2015, os n\u00facleos propuseram e executaram uma s\u00e9rie de melhorias com vistas a qualificar o atendimento.<\/jats:p>","DOI":"10.5965\/1984723823512022281","type":"journal-article","created":{"date-parts":[[2022,5,6]],"date-time":"2022-05-06T14:06:18Z","timestamp":1651845978000},"page":"281-314","source":"Crossref","is-referenced-by-count":1,"title":["A avalia\u00e7\u00e3o da Educa\u00e7\u00e3o Infantil na rede municipal de ensino de Florian\u00f3polis: implica\u00e7\u00f5es da avalia\u00e7\u00e3o conduzida em 2015 com o uso da escala ITERS-R"],"prefix":"10.5965","volume":"23","author":[{"ORCID":"https:\/\/orcid.org\/0000-0001-9404-5477","authenticated-orcid":false,"given":"Tagma Ang\u00e9lica Nilson","family":"Becker","sequence":"first","affiliation":[]},{"ORCID":"https:\/\/orcid.org\/0000-0002-0651-0349","authenticated-orcid":false,"given":"Andreia","family":"Zanella","sequence":"additional","affiliation":[]}],"member":"4629","published-online":{"date-parts":[[2022,5,5]]},"reference":[{"key":"178308","doi-asserted-by":"crossref","unstructured":"BHERING, Eliana; ABUCHAIM, Beatriz de Oliveira. Monitoramento da educa\u00e7\u00e3o infantil p\u00fablica: possibilidades e conte\u00fados. Estudos em avalia\u00e7\u00e3o Educacional, S\u00e3o Paulo, v. 25, n. 58, p. 74-99, maio\/ago. 2014.","DOI":"10.18222\/eae255820142875"},{"key":"178309","unstructured":"BRASIL. Constitui\u00e7\u00e3o da Rep\u00fablica Federativa do Brasil. Bras\u00edlia, DF: Presid\u00eancia da Rep\u00fablica, 1988."},{"key":"178310","unstructured":"BRASIL. Estatuto da Crian\u00e7a e do Adolescente. Bras\u00edlia, DF: Presid\u00eancia da Rep\u00fablica, 1990."},{"key":"178311","unstructured":"BRASIL. Lei no 9.394, de 20 de dezembro de 1996. Estabelece as Diretrizes e Bases da Educa\u00e7\u00e3o Nacional. Di\u00e1rio Oficial da Uni\u00e3o, Bras\u00edlia, DF, p. 63, 23 dez. 1996."},{"key":"178312","unstructured":"BRASIL. Pol\u00edtica Nacional de Educa\u00e7\u00e3o Infantil: pelo direito das crian\u00e7as de zero a seis anos \u00e0 Educa\u00e7\u00e3o. Bras\u00edlia, DF: Minist\u00e9rio da Educa\u00e7\u00e3o, 2006b."},{"key":"178313","unstructured":"BRASIL. Par\u00e2metros Nacionais de Qualidade para a Educa\u00e7\u00e3o Infantil. Bras\u00edlia, DF: Minist\u00e9rio da Educa\u00e7\u00e3o, Secretaria de Educa\u00e7\u00e3o B\u00e1sica, 2006a. v. 1-2."},{"key":"178314","unstructured":"BRASIL. Indicadores da Qualidade na Educa\u00e7\u00e3o Infantil. Bras\u00edlia: MEC\/SEB, 2009a."},{"key":"178315","unstructured":"BRASIL. Crit\u00e9rios para um Atendimento em Creches que Respeite os Direitos Fundamentais das Crian\u00e7as. Bras\u00edlia: MEC\/SEB, 2009b."},{"key":"178316","unstructured":"BRASIL. Minist\u00e9rio da Educa\u00e7\u00e3o. Conselho Nacional de Educa\u00e7\u00e3o, C\u00e2mara de Educa\u00e7\u00e3o B\u00e1sica. Resolu\u00e7\u00e3o no 5, de 17 de dezembro de 2009. Fixa as Diretrizes Curriculares Nacionais para a Educa\u00e7\u00e3o Infantil. Di\u00e1rio Oficial da Uni\u00e3o, Bras\u00edlia, DF, 18 dez. 2009c."},{"key":"178317","unstructured":"BRASIL. Educa\u00e7\u00e3o Infantil: subs\u00eddios para constru\u00e7\u00e3o de uma sistem\u00e1tica de avalia\u00e7\u00e3o. Bras\u00edlia, DF: Minist\u00e9rio da Educa\u00e7\u00e3o, 2012."},{"key":"178318","unstructured":"BRASIL. Plano Nacional de Educa\u00e7\u00e3o 2014-2024. Bras\u00edlia, DF: Senado Federal, 2014."},{"key":"178319","unstructured":"BRASIL. Contribui\u00e7\u00f5es para a Pol\u00edtica Nacional: a avalia\u00e7\u00e3o em educa\u00e7\u00e3o infantil a partir da avalia\u00e7\u00e3o de contexto. Bras\u00edlia, DF: MEC\/SEB\/COEDI, 2015."},{"key":"178320","unstructured":"BRASIL. Minist\u00e9rio da Educa\u00e7\u00e3o. Portaria n\u00ba 271, de 22 de mar\u00e7o de 2019. Estabelece as diretrizes de realiza\u00e7\u00e3o do Sistema de Avalia\u00e7\u00e3o da Educa\u00e7\u00e3o B\u00e1sica (SAEB) no ano de 2019. Di\u00e1rio Oficial da Uni\u00e3o, Bras\u00edlia, DF, 25 mar. 2019."},{"key":"178321","unstructured":"BRONFENBRENNER, Urie. (org.). Making humans being human: bioecological perspectives on human development. Thousand Oaks: Sage Publications, 2005."},{"key":"178322","unstructured":"CAMPOS, Maria Malta (coord.). Educa\u00e7\u00e3o infantil no Brasil: avalia\u00e7\u00e3o qualitativa e quantitativa. S\u00e3o Paulo: FCC; MEC; BID, 2010. (Relat\u00f3rio Final)."},{"key":"178323","doi-asserted-by":"crossref","unstructured":"CAMPOS, Maria Malta et al. A qualidade da educa\u00e7\u00e3o infantil: um estudo em seis capitais Brasileiras. Cadernos de Pesquisa, S\u00e3o Paulo, v. 41, n. 142, p. 20-54, jan.\/abr. 2011.","DOI":"10.1590\/S0100-15742011000100003"},{"key":"178324","unstructured":"FLORIAN\u00d3POLIS. Secretaria Municipal de Educa\u00e7\u00e3o. Resultados da Avalia\u00e7\u00e3o para as Unidades Educativas. Florian\u00f3polis: SME, 2016. (Relat\u00f3rio final)."},{"key":"178325","unstructured":"HARMS, Telma; CRYER, Debby; CLIFFORD, Richard. Infant\/toddler environment rating scale. New York: Teachers College, 2003."},{"key":"178326","unstructured":"LEONTIEV, Alexis Nikolaevich. Os princ\u00edpios psicol\u00f3gicos da brincadeira pr\u00e9-escolar. In: VIGOTSKII, Leontiev Semionovitch; LURIA, Alexander Romanovich; LEONTIEV, Alexis Nikolaevich. Linguagem, desenvolvimento e aprendizagem. S\u00e3o Paulo: \u00cdcone, 1999. p. 119-142."},{"key":"178327","doi-asserted-by":"crossref","unstructured":"LIMA, Ana Beatriz Rocha; BHERING, Eliana. Um estudo sobre creches como ambientes de desenvolvimento. Cadernos de Pesquisa, S\u00e3o Paulo, v. 36, n. 129, p. 573-596, 2006.","DOI":"10.1590\/S0100-15742006000300004"},{"key":"178328","unstructured":"LORDELO, Eulina da Rocha. \u201cAgora v\u00e1 com a tia que a mam\u00e3e vem mais tarde:\u201d creche como contexto brasileiro de desenvolvimento. In: Lordelo, Eulina da Rocha; Carvalho, Ana Maria Almeida; Koller, Silvia Helena (orgs.). Inf\u00e2ncia brasileira e contextos de desenvolvimento. S\u00e3o Paulo: Casa do Psic\u00f3logo, 2002. p. 77-98."},{"key":"178329","unstructured":"LUCKESI, Cipriano Carlos. Avalia\u00e7\u00e3o da Aprendizagem na Escola. In: LIB\u00c2NEO, Jos\u00e9 Carlos; ALVES, Nilda (org.). Temas de pedagogia: di\u00e1logos entre did\u00e1tica e curr\u00edculo. S\u00e3o Paulo: Cortez, 2012. p. 440-441."},{"key":"178330","doi-asserted-by":"crossref","unstructured":"ROSEMBERG, F\u00falvia. O estado dos dados para avaliar pol\u00edticas de educa\u00e7\u00e3o infantil. Estudos em Avalia\u00e7\u00e3o Educacional, S\u00e3o Paulo, n. 20, p. 5-57, jul.\/dez., 1999.","DOI":"10.18222\/eae02019992234"},{"key":"178331","unstructured":"ZABALZA, Miguel. Qualidade em educa\u00e7\u00e3o infantil. Porto Alegre: Artmed, 1998."}],"container-title":["Revista Linhas"],"original-title":[],"link":[{"URL":"https:\/\/periodicos.udesc.br\/index.php\/linhas\/article\/download\/18559\/14397","content-type":"application\/pdf","content-version":"vor","intended-application":"text-mining"},{"URL":"https:\/\/periodicos.udesc.br\/index.php\/linhas\/article\/download\/18559\/14397","content-type":"unspecified","content-version":"vor","intended-application":"similarity-checking"}],"deposited":{"date-parts":[[2024,2,29]],"date-time":"2024-02-29T13:17:04Z","timestamp":1709212624000},"score":1,"resource":{"primary":{"URL":"https:\/\/periodicos.udesc.br\/index.php\/linhas\/article\/view\/18559"}},"subtitle":[],"short-title":[],"issued":{"date-parts":[[2022,5,5]]},"references-count":24,"journal-issue":{"issue":"51","published-online":{"date-parts":[[2022,5,5]]}},"URL":"https:\/\/doi.org\/10.5965\/1984723823512022281","relation":{},"ISSN":["1984-7238"],"issn-type":[{"type":"electronic","value":"1984-7238"}],"subject":[],"published":{"date-parts":[[2022,5,5]]}}}