{"status":"ok","message-type":"work","message-version":"1.0.0","message":{"indexed":{"date-parts":[[2023,11,1]],"date-time":"2023-11-01T11:48:31Z","timestamp":1698839311775},"reference-count":0,"publisher":"Universidade do Estado de Santa Catarina","issue":"21","content-domain":{"domain":[],"crossmark-restriction":false},"short-container-title":["TempArg"],"abstract":"<jats:p>O Patrim\u00f4nio em \u00e1reas rurais ou urbanas anota a passagem do tempo e da hist\u00f3ria das comunidades. Evoca mem\u00f3rias locais que permitem ao visitante sentir diversas emo\u00e7\u00f5es e passar por v\u00e1rias experi\u00eancias. Monumentos ou constru\u00e7\u00f5es mais simples, mais complexos ou at\u00e9 desaparecidos, podem ser transformados em paisagens c\u00eanicas e atrair visitantes permitindo conhecer as diferentes perspectivas com que o homem assentou nos espa\u00e7os num determinado tempo. Prop\u00f5e-se capturar esses momentos hist\u00f3ricos, sobreviventes nos territ\u00f3rios at\u00e9 aos nossos dias e expor o significado est\u00e9tico, social, econ\u00f4mico e pol\u00edtico como parte de uma constru\u00e7\u00e3o espacial preparada para ser visitada e conhecida em comum. Retratamos um elemento de grande relevo para a Pen\u00ednsula Ib\u00e9rica \u2013 o Rio Douro \u2013 e sugerimos que esta heran\u00e7a hist\u00f3rica comum, que se apresenta hoje de formas diversas, seja inclu\u00edda nos itiner\u00e1rios de forma a revelar cen\u00e1rios interpretados e levar os visitantes a lugares hist\u00f3ricos plenos de emo\u00e7\u00e3o. Sugerimos como metodologia a reflex\u00e3o e o debate em torno da revis\u00e3o da literatura, resultantes de projetos desenvolvidos sobre o tema da \u00e1gua desde 1996, sob a supervis\u00e3o de Isabel Del Val Valdivieso e com a colabora\u00e7\u00e3o de numerosos pesquisadores da Pen\u00ednsula Ib\u00e9rica que produziram extensa literatura sobre a tem\u00e1tica da presen\u00e7a de \u00e1gua na hist\u00f3ria. De acordo com os resultados desses projetos, desenvolve-se uma metodologia que possa salvaguardar e comunicar o patrim\u00f4nio com uma perspectiva de preserva\u00e7\u00e3o e manuten\u00e7\u00e3o da mem\u00f3ria para as futuras gera\u00e7\u00f5es, em particular do patrim\u00f4nio desaparecido ou ainda adormecido no subsolo.\u00a0Palavras-chave: Patrim\u00f4nio. Signific\u00e2ncia. Hist\u00f3ria. Visita.<\/jats:p>","DOI":"10.5965\/2175180309212017402","type":"journal-article","created":{"date-parts":[[2017,9,27]],"date-time":"2017-09-27T17:11:05Z","timestamp":1506532265000},"page":"402-428","source":"Crossref","is-referenced-by-count":0,"title":["Abordagem metodol\u00f3gica de conserva\u00e7\u00e3o da hist\u00f3ria e do patrim\u00f4nio: o Vale do Douro"],"prefix":"10.5965","volume":"9","author":[{"given":"Isabel Vaz de","family":"Freitas","sequence":"first","affiliation":[]},{"given":"Juan Carlos Mart\u00edn","family":"Cea","sequence":"additional","affiliation":[]},{"given":"Olatz Villanueva","family":"Zubizarreta","sequence":"additional","affiliation":[]},{"given":"Isabel del Val","family":"Valdivieso","sequence":"additional","affiliation":[]}],"member":"4629","published-online":{"date-parts":[[2017,9,26]]},"container-title":["Revista Tempo e Argumento"],"original-title":[],"link":[{"URL":"https:\/\/revistas.udesc.br\/index.php\/tempo\/article\/download\/2175180309212017402\/7013","content-type":"application\/pdf","content-version":"vor","intended-application":"text-mining"},{"URL":"https:\/\/revistas.udesc.br\/index.php\/tempo\/article\/download\/2175180309212017402\/7013","content-type":"unspecified","content-version":"vor","intended-application":"similarity-checking"}],"deposited":{"date-parts":[[2023,10,31]],"date-time":"2023-10-31T02:17:22Z","timestamp":1698718642000},"score":1,"resource":{"primary":{"URL":"https:\/\/revistas.udesc.br\/index.php\/tempo\/article\/view\/2175180309212017402"}},"subtitle":[],"short-title":[],"issued":{"date-parts":[[2017,9,26]]},"references-count":0,"journal-issue":{"issue":"21","published-online":{"date-parts":[[2017,9,26]]}},"URL":"https:\/\/doi.org\/10.5965\/2175180309212017402","relation":{},"ISSN":["2175-1803"],"issn-type":[{"value":"2175-1803","type":"electronic"}],"subject":[],"published":{"date-parts":[[2017,9,26]]}}}