{"status":"ok","message-type":"work","message-version":"1.0.0","message":{"indexed":{"date-parts":[[2025,2,21]],"date-time":"2025-02-21T20:07:21Z","timestamp":1740168441481,"version":"3.37.3"},"reference-count":0,"publisher":"Universidade do Estado de Santa Catarina","issue":"26","content-domain":{"domain":[],"crossmark-restriction":false},"short-container-title":["TempArg"],"abstract":"<jats:p>Resumo: O Estado Social europeu nasce robusto em 1945-1947, dez anos antes da CECA (depois CEE e UE). A Uni\u00e3o Europeia sedimenta-se s\u00f3 nos anos 80, depois de v\u00e1rias crises. Quando se consolida a Uni\u00e3o Europeia, o Estado Social come\u00e7ara j\u00e1 a entrar em crise, embora paulatina, \u00e9 esse o argumento central deste artigo. A UE vai ter um papel determinante, atrav\u00e9s do fundo social europeu e das directivas comunit\u00e1rias, em substituir o Estado Social (pol\u00edticas universais com base em taxa\u00e7\u00e3o progressiva) pela Assist\u00eancia Social (pol\u00edticas focalizadas nos desempregados e pobres com base em transfer\u00eancia de renda de trabalhadores de sectores m\u00e9dios para trabalhadores pobres).<\/jats:p>","DOI":"10.5965\/2175180311262019574","type":"journal-article","created":{"date-parts":[[2019,4,25]],"date-time":"2019-04-25T15:57:51Z","timestamp":1556207871000},"page":"574-600","source":"Crossref","is-referenced-by-count":0,"title":["O Pacto Social Europeu 1945 e a Uni\u00e3o Europeia"],"prefix":"10.5965","volume":"11","author":[{"ORCID":"https:\/\/orcid.org\/0000-0001-6121-1379","authenticated-orcid":false,"given":"Raquel","family":"Varela","sequence":"first","affiliation":[]}],"member":"4629","published-online":{"date-parts":[[2019,4,15]]},"container-title":["Revista Tempo e Argumento"],"original-title":[],"link":[{"URL":"https:\/\/revistas.udesc.br\/index.php\/tempo\/article\/download\/2175180311262019574\/9968","content-type":"application\/pdf","content-version":"vor","intended-application":"text-mining"},{"URL":"https:\/\/revistas.udesc.br\/index.php\/tempo\/article\/download\/2175180311262019574\/9968","content-type":"unspecified","content-version":"vor","intended-application":"similarity-checking"}],"deposited":{"date-parts":[[2023,10,31]],"date-time":"2023-10-31T01:52:17Z","timestamp":1698717137000},"score":1,"resource":{"primary":{"URL":"https:\/\/revistas.udesc.br\/index.php\/tempo\/article\/view\/2175180311262019574"}},"subtitle":[],"short-title":[],"issued":{"date-parts":[[2019,4,15]]},"references-count":0,"journal-issue":{"issue":"26","published-online":{"date-parts":[[2019,4,15]]}},"URL":"https:\/\/doi.org\/10.5965\/2175180311262019574","relation":{},"ISSN":["2175-1803"],"issn-type":[{"type":"electronic","value":"2175-1803"}],"subject":[],"published":{"date-parts":[[2019,4,15]]}}}