{"status":"ok","message-type":"work","message-version":"1.0.0","message":{"indexed":{"date-parts":[[2026,4,28]],"date-time":"2026-04-28T23:36:57Z","timestamp":1777419417445,"version":"3.51.4"},"reference-count":28,"publisher":"Elsevier BV","license":[{"start":{"date-parts":[[2018,1,1]],"date-time":"2018-01-01T00:00:00Z","timestamp":1514764800000},"content-version":"tdm","delay-in-days":0,"URL":"https:\/\/www.elsevier.com\/tdm\/userlicense\/1.0\/"},{"start":{"date-parts":[[2018,1,1]],"date-time":"2018-01-01T00:00:00Z","timestamp":1514764800000},"content-version":"tdm","delay-in-days":0,"URL":"https:\/\/www.elsevier.com\/legal\/tdmrep-license"},{"start":{"date-parts":[[2018,12,31]],"date-time":"2018-12-31T00:00:00Z","timestamp":1546214400000},"content-version":"vor","delay-in-days":364,"URL":"https:\/\/creativecommons.org\/licenses\/by\/4.0\/"}],"content-domain":{"domain":["elsevier.com","sciencedirect.com"],"crossmark-restriction":true},"short-container-title":["Clinics"],"published-print":{"date-parts":[[2018]]},"DOI":"10.6061\/clinics\/2018\/e68","type":"journal-article","created":{"date-parts":[[2018,4,29]],"date-time":"2018-04-29T13:10:36Z","timestamp":1525007436000},"page":"e68","update-policy":"https:\/\/doi.org\/10.1016\/elsevier_cm_policy","source":"Crossref","is-referenced-by-count":42,"special_numbering":"C","title":["Difficulties in the diagnosis and treatment of rare diseases according to the perceptions of patients, relatives and health care professionals"],"prefix":"10.1016","volume":"73","author":[{"given":"Marcos Thomazin","family":"Lopes","sequence":"first","affiliation":[]},{"given":"Vera Hermina","family":"Koch","sequence":"additional","affiliation":[]},{"given":"Vicente","family":"Sarrubbi-Junior","sequence":"additional","affiliation":[]},{"given":"Paulo Rog\u00e9rio","family":"Gallo","sequence":"additional","affiliation":[]},{"given":"Magda","family":"Carneiro-Sampaio","sequence":"additional","affiliation":[]}],"member":"78","reference":[{"issue":"12","key":"10.6061\/clinics\/2018\/e68_bib1","doi-asserted-by":"crossref","first-page":"1071","DOI":"10.1136\/adc.2007.134940","article-title":"Rare childhood diseases: how should we respond","volume":"93","author":"Zurynski","year":"2008","journal-title":"Arch Dis Child"},{"issue":"2","key":"10.6061\/clinics\/2018\/e68_bib2","doi-asserted-by":"crossref","first-page":"115","DOI":"10.1136\/adc.2006.104455","article-title":"Rare diseases in disabled children: an epidemiological survey","volume":"93","author":"Guillem","year":"2008","journal-title":"Arch Dis Child"},{"issue":"2-3","key":"10.6061\/clinics\/2018\/e68_bib3","doi-asserted-by":"crossref","first-page":"173","DOI":"10.1016\/j.healthpol.2010.05.017","article-title":"A comparative study of European rare disease and orphan drug markets","volume":"97","author":"Denis","year":"2010","journal-title":"Health Policy"},{"key":"10.6061\/clinics\/2018\/e68_bib4","article-title":"Emergence of pediatric rare diseases: Review of presents policies and opportunities for improvement","volume":"1","author":"Bavisetty","year":"2013","journal-title":"Rare Dis"},{"issue":"2","key":"10.6061\/clinics\/2018\/e68_bib5","doi-asserted-by":"crossref","first-page":"214","DOI":"10.1590\/S0034-89102007000200007","article-title":"Distor\u00e7\u00f5es causadas pelas a\u00e7\u00f5es judiciais \u00e0 pol\u00edtica de medicamentos no Brasil","volume":"41","author":"Vieira","year":"2007","journal-title":"Rev Sa\u00fade P\u00fablica"},{"issue":"Supl 4","key":"10.6061\/clinics\/2018\/e68_bib6","first-page":"S46","article-title":"A judicializa\u00e7\u00e3o da sa\u00fade e a pol\u00edtica nacional de assist\u00eancia farmac\u00eautica no Brasil: gest\u00e3o da cl\u00ednica e medicaliza\u00e7\u00e3o da justi\u00e7a","volume":"18","author":"Andrade","year":"2008","journal-title":"Rev Med Minas Gerais"},{"key":"10.6061\/clinics\/2018\/e68_bib7","series-title":"Pesquisa qualitativa com texto, imagem e som: um manual pr\u00e1tico","first-page":"64","article-title":"Entrevistas individuais e grupais","author":"Gaskell","year":"2002"},{"issue":"4","key":"10.6061\/clinics\/2018\/e68_bib8","doi-asserted-by":"crossref","first-page":"438","DOI":"10.15343\/0104-7809.2011354438442","article-title":"Grupo focal como t\u00e9cnica de coleta e an\u00e1lise de dados em pesquisas qualitativas","volume":"35","author":"Backes","year":"2011","journal-title":"O Mundo da Sa\u00fade, S\u00e3o Paulo"},{"key":"10.6061\/clinics\/2018\/e68_bib9","series-title":"Grupos Focais","author":"Barbour","year":"2009"},{"key":"10.6061\/clinics\/2018\/e68_bib10","doi-asserted-by":"crossref","first-page":"777","DOI":"10.1590\/S0103-73312009000300013","article-title":"Grupos focais: conceitos, procedimentos e reflex\u00f5es baseadas em experi\u00eancias com o uso da t\u00e9cnica em pesquisas de sa\u00fade","volume":"19","author":"Bomfim","year":"2009","journal-title":"Physis Rev Sa\u00fade Coletiva"},{"issue":"4","key":"10.6061\/clinics\/2018\/e68_bib11","first-page":"569","article-title":"An\u00e1lise de Conte\u00fado Tem\u00e1tico-Categorial: uma proposta de sistematiza\u00e7\u00e3o","volume":"16","author":"Oliveira","year":"2008","journal-title":"Rev Enferm UERJ"},{"key":"10.6061\/clinics\/2018\/e68_bib12","series-title":"An\u00e1lise de conte\u00fado","author":"Bardin","year":"2007"},{"key":"10.6061\/clinics\/2018\/e68_bib13","series-title":"NVIVO10 for Windows: tutorial em portugu\u00eas","author":"QRS International","year":"2013"},{"key":"10.6061\/clinics\/2018\/e68_bib14","series-title":"A possibilidade da investiga\u00e7\u00e3o a 3: reflex\u00f5es sobre triangula\u00e7\u00e3o (metodol\u00f3gica)","author":"Duarte","year":"2009"},{"issue":"3","key":"10.6061\/clinics\/2018\/e68_bib15","doi-asserted-by":"crossref","first-page":"153","DOI":"10.1080\/01460860490497787","article-title":"The impact of a child\u2019s chronic illness on fathers","volume":"27","author":"Goble","year":"2004","journal-title":"Issues Compr Pediatr Nurs"},{"issue":"4","key":"10.6061\/clinics\/2018\/e68_bib16","doi-asserted-by":"crossref","first-page":"600","DOI":"10.1046\/j.1365-2648.2001.02013.x","article-title":"The needs of parents with chronically sick children: a literature review","volume":"36","author":"Fisher","year":"2001","journal-title":"J Adv Nursing"},{"issue":"4","key":"10.6061\/clinics\/2018\/e68_bib17","doi-asserted-by":"crossref","first-page":"392","DOI":"10.1111\/j.1365-2648.2006.03736.x","article-title":"Stress and well-being among parents of children with rare diseases: a prospective intervention study","volume":"53","author":"Dellve","year":"2006","journal-title":"J Adv Nurs"},{"issue":"1","key":"10.6061\/clinics\/2018\/e68_bib18","first-page":"51","article-title":"Parenting a child with chronic illness: a metasynthesis","volume":"32","author":"Coffey","year":"2006","journal-title":"Pediatr Nurs"},{"issue":"1","key":"10.6061\/clinics\/2018\/e68_bib19","doi-asserted-by":"crossref","first-page":"4","DOI":"10.1111\/j.1744-6155.2008.00129.x","article-title":"Parents\u2019 concerns about issues related to their children\u2019s genetic conditions","volume":"13","author":"Gallo","year":"2008","journal-title":"J Spec Pediatr Nurs"},{"issue":"3","key":"10.6061\/clinics\/2018\/e68_bib20","doi-asserted-by":"crossref","first-page":"296","DOI":"10.1111\/j.1365-2214.2006.00666.x","article-title":"Why do we need a diagnosis? A qualitative study of parents\u2019 experiences, coping and needs, when the newborn child is severely disabled","volume":"33","author":"Graungaard","year":"2007","journal-title":"Child Care Health Dev"},{"issue":"2-3","key":"10.6061\/clinics\/2018\/e68_bib21","doi-asserted-by":"crossref","first-page":"154","DOI":"10.1016\/j.healthpol.2012.02.018","article-title":"How do patients with rare diseases experience the medical encounter? Exploring role behavior and its impact on patient-physician interaction","volume":"105","author":"Budych","year":"2012","journal-title":"Health Policy"},{"issue":"Suppl 3","key":"10.6061\/clinics\/2018\/e68_bib22","doi-asserted-by":"crossref","first-page":"3443","DOI":"10.1590\/S1413-81232010000900019","article-title":"Medicamentos de alto custo para doen\u00e7as raras no Brasil: o exemplo das doen\u00e7as lisoss\u00f4micas","volume":"15","author":"de Souza","year":"2010","journal-title":"Cien Saude Colet"},{"issue":"9","key":"10.6061\/clinics\/2018\/e68_bib23","doi-asserted-by":"crossref","first-page":"745","DOI":"10.2471\/BLT.06.031518","article-title":"Rare essentials: drugs for rare diseases as essential medicines","volume":"84","author":"Stolk","year":"2006","journal-title":"Bull World Health Organ"},{"issue":"5","key":"10.6061\/clinics\/2018\/e68_bib24","doi-asserted-by":"crossref","first-page":"2405","DOI":"10.1590\/S1413-81232010000500015","article-title":"A judicializa\u00e7\u00e3o da sa\u00fade e os novos desafios da gest\u00e3o da assist\u00eancia farmac\u00eautica","volume":"15","author":"Pepe","year":"2010","journal-title":"Cien Saude Colet"},{"issue":"2","key":"10.6061\/clinics\/2018\/e68_bib25","doi-asserted-by":"crossref","first-page":"525","DOI":"10.1590\/S0102-311X2005000200019","article-title":"Mandados judiciais como ferramenta para garantia do acesso a medicamentos no setor p\u00fablico: a experi\u00eancia do Estado do Rio de Janeiro, Brasil","volume":"21","author":"Messeder","year":"2005","journal-title":"Cad Saude Publica"},{"issue":"2","key":"10.6061\/clinics\/2018\/e68_bib26","doi-asserted-by":"crossref","first-page":"65","DOI":"10.11606\/issn.2316-9044.v9i2p65-72","article-title":"Judicaliza\u00e7\u00e3o do direito \u00e0 sa\u00fade","volume":"9","author":"Marques","year":"2008","journal-title":"Rev de Direito Sanit\u00e1rio"},{"key":"10.6061\/clinics\/2018\/e68_bib27","series-title":"Portaria 199","author":"Brasil. Minist\u00e9rio da Sa\u00fade","year":"2014"},{"key":"10.6061\/clinics\/2018\/e68_bib28","unstructured":"Brasil. Lei 13.146\/15. Lei Brasileira de Inclus\u00e3o, Estatuto da Pessoa com Defici\u00eancia"}],"container-title":["Clinics"],"original-title":[],"language":"en","link":[{"URL":"https:\/\/api.elsevier.com\/content\/article\/PII:S1807593222005129?httpAccept=text\/xml","content-type":"text\/xml","content-version":"vor","intended-application":"text-mining"},{"URL":"https:\/\/api.elsevier.com\/content\/article\/PII:S1807593222005129?httpAccept=text\/plain","content-type":"text\/plain","content-version":"vor","intended-application":"text-mining"}],"deposited":{"date-parts":[[2025,10,29]],"date-time":"2025-10-29T06:58:23Z","timestamp":1761721103000},"score":1,"resource":{"primary":{"URL":"https:\/\/linkinghub.elsevier.com\/retrieve\/pii\/S1807593222005129"},"secondary":[{"URL":"http:\/\/www.scielo.br\/scielo.php?script=sci_arttext&pid=S1807-59322018000100212&lng=en&nrm=iso&tlng=en","label":"SCIELO"},{"URL":"https:\/\/www.clinicsjournal.com\/article\/difficulties-in-the-diagnosis-and-treatment-of-rare-diseases-according-to-the-perceptions-of-patients-relatives-and-health-care-professionals\/","label":"CLINICS"}]},"subtitle":[],"short-title":[],"issued":{"date-parts":[[2018]]},"references-count":28,"alternative-id":["S1807593222005129"],"URL":"https:\/\/doi.org\/10.6061\/clinics\/2018\/e68","relation":{},"ISSN":["1807-5932"],"issn-type":[{"value":"1807-5932","type":"print"}],"subject":[],"published":{"date-parts":[[2018]]},"assertion":[{"value":"Elsevier","name":"publisher","label":"This article is maintained by"},{"value":"Difficulties in the diagnosis and treatment of rare diseases according to the perceptions of patients, relatives and health care professionals","name":"articletitle","label":"Article Title"},{"value":"Clinics","name":"journaltitle","label":"Journal Title"},{"value":"https:\/\/doi.org\/10.6061\/clinics\/2018\/e68","name":"articlelink","label":"CrossRef DOI link to publisher maintained version"},{"value":"article","name":"content_type","label":"Content Type"},{"value":"Copyright \u00a9 2018 CLINICS. Published by Elsevier Spain","name":"copyright","label":"Copyright"}],"article-number":"e68"}}